{"id":72440,"date":"2025-01-24T16:24:42","date_gmt":"2025-01-24T19:24:42","guid":{"rendered":"https:\/\/www.tvnovelas.com.br\/tvnews\/?p=72440"},"modified":"2025-01-25T09:41:01","modified_gmt":"2025-01-25T12:41:01","slug":"o-que-se-passa-em-garota-do-momento-na-semana-27-a-1o-2","status":"publish","type":"post","link":"https:\/\/www.tvnovelas.com.br\/tvnews\/o-que-se-passa-em-garota-do-momento-na-semana-27-a-1o-2\/","title":{"rendered":"O que se passa em Garota do Momento na semana 27 a 1\u00ba\/2"},"content":{"rendered":"<div style=\"background-color: #f4e1d2;\">\n<figure id=\"attachment_72441\" aria-describedby=\"caption-attachment-72441\" style=\"width: 728px\" class=\"wp-caption alignnone\"><img data-recalc-dims=\"1\" decoding=\"async\" src=\"https:\/\/i0.wp.com\/www.tvnovelas.com.br\/tvnews\/wp-content\/uploads\/2025\/01\/40810b.jpg?resize=728%2C410&#038;ssl=1\" alt=\"Foto em Garota do Momento na semana 27 a 1\u00ba\/2\" width=\"728\" height=\"410\" title=\"(Foto: TV Globo\/Garota do Momento)\" class=\"size-full wp-image-72441\" srcset=\"https:\/\/i0.wp.com\/www.tvnovelas.com.br\/tvnews\/wp-content\/uploads\/2025\/01\/40810b.jpg?w=728&amp;ssl=1 728w, https:\/\/i0.wp.com\/www.tvnovelas.com.br\/tvnews\/wp-content\/uploads\/2025\/01\/40810b.jpg?resize=250%2C141&amp;ssl=1 250w\" sizes=\"(max-width: 728px) 100vw, 728px\" \/><figcaption id=\"caption-attachment-72441\" class=\"wp-caption-text\">Garota do Momento na semana 27 a 1\u00ba\/2<\/figcaption><\/figure><\/p>\n<blockquote><p>\n<strong style=\"color:\n\n<h2 style=\"color: #4040a1;\">Nos pr\u00f3ximos cap\u00edtulos de Garota do Momento, <\/strong>Clarice expulsa Beatriz e Carmem de sua casa; Arlete comenta com Beatriz que Bia pode ser sua neta; Eug\u00eania diz a Celeste que reconquistar\u00e1 Guto;  Alfredo confessa a Teresa sua paix\u00e3o por Anita&#8230; Confira os resumos da semana 27\/1 a 1\u00ba\/2:<\/p><\/blockquote>\n<\/div>\n<h2 style=\"color: HEX: #4040a1;\">Resumo de segunda-feira, 27 de janeiro<\/h2>\n<p>\u00a0<br \/>\nMaristela e Juliano acusam Beatriz e Carmem de impostoras. Bia passa mal. Anita desconfia de que Nelson est\u00e1 envolvido no sumi\u00e7o de Laika. Maristela, Z\u00e9lia e Juliano tentam convencer Clarice de que Beatriz mente. Orlando observa Ana Maria. Maristela se preocupa com Arlete. Eug\u00eanio e Violeta se despedem de Raimundo. Jacira encontra Laika. Beatriz e Carmem procuram Clarice.<br \/>\n\u00a0<\/p>\n<h2 style=\"color: HEX: #4040a1;\">Resumo de ter\u00e7a-feira, 28 de janeiro<\/h2>\n<p>Clarice expulsa Beatriz e Carmem de sua casa. Maristela e Juliano amea\u00e7am Z\u00e9lia. Bia garante a Ronaldo que descobrir\u00e1 as inten\u00e7\u00f5es de Beatriz. Alfredo reconhece Laika. Beto protege Beatriz de jornalistas. Carmem tem uma ideia para provar a Clarice que Beatriz diz a verdade. Nelson assume que foi ele que soltou Laika. L\u00edgia provoca Clarice. Beto sonda Raimundo sobre o passado dos Alencar. Bia volta para casa. Eug\u00eania cai na armadilha de Jacira. Anita pede o desquite a Nelson. Arlete comenta com Beatriz que Bia pode ser sua neta. Bas\u00edlio chantageia Juliano.<br \/>\n<figure id=\"attachment_72442\" aria-describedby=\"caption-attachment-72442\" style=\"width: 800px\" class=\"wp-caption alignnone\"><img data-recalc-dims=\"1\" decoding=\"async\" src=\"https:\/\/i0.wp.com\/www.tvnovelas.com.br\/tvnews\/wp-content\/uploads\/2025\/01\/40810a.jpg?resize=800%2C533&#038;ssl=1\" alt=\"Foto em Garota do Momento na semana 27 a 1\u00ba\/2\" width=\"800\" height=\"533\" title=\"(Foto: TV Globo\/Garota do Momento)\" class=\"size-medium wp-image-72442\" srcset=\"https:\/\/i0.wp.com\/www.tvnovelas.com.br\/tvnews\/wp-content\/uploads\/2025\/01\/40810a.jpg?resize=800%2C533&amp;ssl=1 800w, https:\/\/i0.wp.com\/www.tvnovelas.com.br\/tvnews\/wp-content\/uploads\/2025\/01\/40810a.jpg?resize=250%2C167&amp;ssl=1 250w, https:\/\/i0.wp.com\/www.tvnovelas.com.br\/tvnews\/wp-content\/uploads\/2025\/01\/40810a.jpg?resize=768%2C512&amp;ssl=1 768w, https:\/\/i0.wp.com\/www.tvnovelas.com.br\/tvnews\/wp-content\/uploads\/2025\/01\/40810a.jpg?w=984&amp;ssl=1 984w\" sizes=\"(max-width: 800px) 100vw, 800px\" \/><figcaption id=\"caption-attachment-72442\" class=\"wp-caption-text\">Garota do Momento na semana 27 a 1\u00ba\/2<\/figcaption><\/figure><br \/>\n\u00a0<\/p>\n<h2 style=\"color: HEX: #4040a1;\">Resumo de quarta-feira, 29 de janeiro<\/h2>\n<p>Bas\u00edlio amea\u00e7a Juliano. Arlete conta a Beatriz a hist\u00f3ria de Val\u00e9ria e Juliano. Orlando procura Iolanda. Edu e Guto apoiam Anita. Clarice pensa sobre conversa com Beatriz e Carmem. Arlete pressiona Maristela e Juliano para falar com Val\u00e9ria. Topete pede Eug\u00eania em namoro. Z\u00e9lia garante que ajudar\u00e1 Maristela e Juliano a seguir enganando Arlete. Marlene descobre o nome do antigo motorista dos Alencar. Bia confronta Beatriz.<br \/>\n\u00a0<\/p>\n<h2 style=\"color: HEX: #4040a1;\">Resumo de quinta-feira, 30 de janeiro<\/h2>\n<p>Beatriz mostra a Beto o nome de Geraldo. Eug\u00eania n\u00e3o acredita no pedido de namoro de Topete. Clarice apoia Bia. Beatriz e Beto conhecem Alcina, vi\u00fava de Geraldo. Eug\u00eania diz a Celeste que reconquistar\u00e1 Guto. L\u00edgia d\u00e1 a Beto o dinheiro de que precisa para comprar as telas de Clarice para Beatriz. Alcina alerta Z\u00e9lia. Guto nega o presente de Eug\u00eania. Carlito flagra Marlene beijando Juliano. Flora chega \u00e0 casa de Z\u00e9lia.<br \/>\n<figure id=\"attachment_72443\" aria-describedby=\"caption-attachment-72443\" style=\"width: 728px\" class=\"wp-caption alignnone\"><img data-recalc-dims=\"1\" decoding=\"async\" src=\"https:\/\/i0.wp.com\/www.tvnovelas.com.br\/tvnews\/wp-content\/uploads\/2025\/01\/40810c.jpg?resize=728%2C410&#038;ssl=1\" alt=\"Foto em Garota do Momento na semana 27 a 1\u00ba\/2...\" width=\"728\" height=\"410\" title=\"(Foto: TV Globo\/Garota do Momento)\" class=\"size-full wp-image-72443\" srcset=\"https:\/\/i0.wp.com\/www.tvnovelas.com.br\/tvnews\/wp-content\/uploads\/2025\/01\/40810c.jpg?w=728&amp;ssl=1 728w, https:\/\/i0.wp.com\/www.tvnovelas.com.br\/tvnews\/wp-content\/uploads\/2025\/01\/40810c.jpg?resize=250%2C141&amp;ssl=1 250w\" sizes=\"(max-width: 728px) 100vw, 728px\" \/><figcaption id=\"caption-attachment-72443\" class=\"wp-caption-text\">Garota do Momento na semana 27 a 1\u00ba\/2&#8230;.<\/figcaption><\/figure><br \/>\n\u00a0<\/p>\n<h2 style=\"color: HEX: #4040a1;\">Resumo de sexta-feira, 31 de janeiro<\/h2>\n<p>Z\u00e9lia explica a Flora o trabalho que arrumou para a sobrinha. Carlito se revolta contra Marlene. Guto rejeita Eug\u00eania. Jacira garante a Alfredo que Eug\u00eania e Topete ainda ser\u00e3o um casal. Beto avisa a Beatriz que Alcina vendeu os quadros para outra pessoa. Maristela aprova Flora. Topete \u00e9 contratado para o programa de Alfredo. Edu e Guto n\u00e3o cedem \u00e0s chantagens de Nelson. Clarice anuncia que n\u00e3o tomar\u00e1 mais a medica\u00e7\u00e3o prescrita por Dr. Pimenta. Alfredo confessa a Teresa sua paix\u00e3o por Anita. Carlito descobre uma carta de seu pai. Flora procura Arlete.<br \/>\n\u00a0<\/p>\n<h2 style=\"color: HEX: #4040a1;\">Resumo de \u00b4s\u00e1bado, 1\u00ba de fevereiro<\/h2>\n<p>Flora se apresenta a Arlete como Raquel. Teresa pede segredo a Alfredo sobre o poss\u00edvel desquite dos dois. Maristela se preocupa com a rebeldia de Clarice. Carmem sugere que Beatriz pe\u00e7a a Bas\u00edlio o dossi\u00ea contra Juliano. Teresa desabafa com Olga. Beatriz apresenta a Clarice a conta aberta por Juliano em seu nome original. Juliano amea\u00e7a Bas\u00edlio. Beatriz e Carmem voltam a Petr\u00f3polis. Beatriz recebe uma intima\u00e7\u00e3o por quebra de contrato com a Perfumaria Carioca. Carlito escreve para \u00c9rico.<br \/>\n<!--END--><\/p>\n<div class=\"fb-comments\" data-width=\"100%\" data-order-by=\"reverse_time\" data-numposts=\"5\"><\/div>\n<h2>\u00daltimas publica\u00e7\u00f5es de Garota do Momento<\/h2>\n<div class=\"pt-cv-wrapper\"><div class=\"pt-cv-view pt-cv-grid pt-cv-colsys\" id=\"pt-cv-view-54854578lu\"><div data-id=\"pt-cv-page-1\" class=\"pt-cv-page\" data-cvc=\"1\"><div class=\"col-md-12 col-sm-12 col-xs-12 pt-cv-content-item pt-cv-1-col\" ><div class='pt-cv-ifield'><h4 class=\"pt-cv-title\"><a href=\"https:\/\/www.tvnovelas.com.br\/tvnews\/garota-do-momento-beatriz-e-beto-se-casam\/\" class=\"_self\" target=\"_self\" >Garota do Momento: Beatriz e Beto se casam<\/a><\/h4><\/div><\/div>\n<div class=\"col-md-12 col-sm-12 col-xs-12 pt-cv-content-item pt-cv-1-col\" ><div class='pt-cv-ifield'><h4 class=\"pt-cv-title\"><a href=\"https:\/\/www.tvnovelas.com.br\/tvnews\/garota-do-momento-clarice-sequestrada-por-juliano-desespera-beatriz\/\" class=\"_self\" target=\"_self\" >Garota do Momento: Clarice sequestrada por Juliano desespera Beatriz<\/a><\/h4><\/div><\/div>\n<div class=\"col-md-12 col-sm-12 col-xs-12 pt-cv-content-item pt-cv-1-col\" ><div class='pt-cv-ifield'><h4 class=\"pt-cv-title\"><a href=\"https:\/\/www.tvnovelas.com.br\/tvnews\/garota-do-momento-clarice-cospe-na-cara-de-maristela\/\" class=\"_self\" target=\"_self\" >Garota do Momento: Clarice cospe na cara de Maristela<\/a><\/h4><\/div><\/div>\n<div class=\"col-md-12 col-sm-12 col-xs-12 pt-cv-content-item pt-cv-1-col\" ><div class='pt-cv-ifield'><h4 class=\"pt-cv-title\"><a href=\"https:\/\/www.tvnovelas.com.br\/tvnews\/garota-do-momento-ligia-emociona-ao-dedicar-nova-musica-a-raimundo\/\" class=\"_self\" target=\"_self\" >Garota do Momento: Ligia emociona ao dedicar nova m\u00fasica a Raimundo<\/a><\/h4><\/div><\/div>\n<div class=\"col-md-12 col-sm-12 col-xs-12 pt-cv-content-item pt-cv-1-col\" ><div class='pt-cv-ifield'><h4 class=\"pt-cv-title\"><a href=\"https:\/\/www.tvnovelas.com.br\/tvnews\/garota-do-momento-zelia-beatriz-e-basilio-unidos-para-desmascarar-juliano\/\" class=\"_self\" target=\"_self\" >Garota do Momento: Z\u00e9lia, Beatriz e Bas\u00edlio unidos para desmascarar Juliano<\/a><\/h4><\/div><\/div>\n<div class=\"col-md-12 col-sm-12 col-xs-12 pt-cv-content-item pt-cv-1-col\" ><div class='pt-cv-ifield'><h4 class=\"pt-cv-title\"><a href=\"https:\/\/www.tvnovelas.com.br\/tvnews\/garota-do-momento-ligia-confessa-que-ama-raimundo-e-quer-voltar\/\" class=\"_self\" target=\"_self\" >Garota do Momento: Ligia confessa que ama Raimundo e quer voltar<\/a><\/h4><\/div><\/div><\/div><\/div><\/div>\n<h2>\u00daltimas not\u00edcias das novelas<\/h2>\n<p>[wp-rss-aggregator feeds=&#8221;todas&#8221;]<br \/>\n<a href=\"https:\/\/wp.me\/pfspD2-Ti\" target=\"_blank\" rel=\"noopener\"><strong>Garota do Momento: A saga dos Alencar<\/strong><\/a> (Sinopse)<br \/>\n<a href=\"https:\/\/tvnovelas.com.br\/filmes\/filmes-na-tv-segunda\/\" target=\"_blank\" rel=\"noopener\">Confira a programa\u00e7\u00e3o de filmes na TV aberta<\/a><br \/>\n<a href=\"https:\/\/www.tvnovelas.com.br\/tvnews\/\">\u00daltimas not\u00edcias de todas as novelas<\/a><\/p>\n","protected":false},"excerpt":{"rendered":"<p>Garota do Momento na semana 27 a 1\u00ba\/2&#8230;. Nos pr\u00f3ximos cap\u00edtulos de Garota do Momento, Clarice expulsa Beatriz e Carmem de sua casa; Arlete comenta com Beatriz que Bia pode ser sua neta&#8230;<\/p>\n","protected":false},"author":1,"featured_media":72441,"comment_status":"closed","ping_status":"closed","sticky":false,"template":"","format":"standard","meta":{"_uf_show_specific_survey":0,"_uf_disable_surveys":false,"_jetpack_memberships_contains_paid_content":false,"footnotes":"","_wp_rev_ctl_limit":""},"categories":[353],"tags":[813,5,64],"class_list":["post-72440","post","type-post","status-publish","format-standard","has-post-thumbnail","hentry","category-resumos-de-novelas","tag-garota-do-momento","tag-globo","tag-novelas","wpcat-353-id"],"aioseo_notices":[],"jetpack_featured_media_url":"https:\/\/i0.wp.com\/www.tvnovelas.com.br\/tvnews\/wp-content\/uploads\/2025\/01\/40810b.jpg?fit=728%2C410&ssl=1","jetpack_shortlink":"https:\/\/wp.me\/pdP2BO-iQo","jetpack_sharing_enabled":true,"_links":{"self":[{"href":"https:\/\/www.tvnovelas.com.br\/tvnews\/wp-json\/wp\/v2\/posts\/72440","targetHints":{"allow":["GET"]}}],"collection":[{"href":"https:\/\/www.tvnovelas.com.br\/tvnews\/wp-json\/wp\/v2\/posts"}],"about":[{"href":"https:\/\/www.tvnovelas.com.br\/tvnews\/wp-json\/wp\/v2\/types\/post"}],"author":[{"embeddable":true,"href":"https:\/\/www.tvnovelas.com.br\/tvnews\/wp-json\/wp\/v2\/users\/1"}],"replies":[{"embeddable":true,"href":"https:\/\/www.tvnovelas.com.br\/tvnews\/wp-json\/wp\/v2\/comments?post=72440"}],"version-history":[{"count":3,"href":"https:\/\/www.tvnovelas.com.br\/tvnews\/wp-json\/wp\/v2\/posts\/72440\/revisions"}],"predecessor-version":[{"id":72474,"href":"https:\/\/www.tvnovelas.com.br\/tvnews\/wp-json\/wp\/v2\/posts\/72440\/revisions\/72474"}],"wp:featuredmedia":[{"embeddable":true,"href":"https:\/\/www.tvnovelas.com.br\/tvnews\/wp-json\/wp\/v2\/media\/72441"}],"wp:attachment":[{"href":"https:\/\/www.tvnovelas.com.br\/tvnews\/wp-json\/wp\/v2\/media?parent=72440"}],"wp:term":[{"taxonomy":"category","embeddable":true,"href":"https:\/\/www.tvnovelas.com.br\/tvnews\/wp-json\/wp\/v2\/categories?post=72440"},{"taxonomy":"post_tag","embeddable":true,"href":"https:\/\/www.tvnovelas.com.br\/tvnews\/wp-json\/wp\/v2\/tags?post=72440"}],"curies":[{"name":"wp","href":"https:\/\/api.w.org\/{rel}","templated":true}]}}