{"id":72650,"date":"2025-01-30T21:00:25","date_gmt":"2025-01-31T00:00:25","guid":{"rendered":"https:\/\/www.tvnovelas.com.br\/tvnews\/?p=72650"},"modified":"2025-01-31T10:58:44","modified_gmt":"2025-01-31T13:58:44","slug":"o-que-acontece-em-garota-do-momento-na-semana-03-a-08-02","status":"publish","type":"post","link":"https:\/\/www.tvnovelas.com.br\/tvnews\/o-que-acontece-em-garota-do-momento-na-semana-03-a-08-02\/","title":{"rendered":"O que acontece em Garota do Momento na semana 03 a 08\/02"},"content":{"rendered":"<div style=\"background-color: #f4e1d2;\">\n<figure id=\"attachment_72653\" aria-describedby=\"caption-attachment-72653\" style=\"width: 728px\" class=\"wp-caption alignnone\"><img data-recalc-dims=\"1\" decoding=\"async\" src=\"https:\/\/i0.wp.com\/www.tvnovelas.com.br\/tvnews\/wp-content\/uploads\/2025\/01\/10332a.jpg?resize=728%2C410&#038;ssl=1\" alt=\"Foto em Garota do Momento na semana 03 a 08\/02....\" width=\"728\" height=\"410\" title=\"(Foto:TV Globo\/Garota do Momento)\" class=\"size-full wp-image-72653\" srcset=\"https:\/\/i0.wp.com\/www.tvnovelas.com.br\/tvnews\/wp-content\/uploads\/2025\/01\/10332a.jpg?w=728&amp;ssl=1 728w, https:\/\/i0.wp.com\/www.tvnovelas.com.br\/tvnews\/wp-content\/uploads\/2025\/01\/10332a.jpg?resize=250%2C141&amp;ssl=1 250w\" sizes=\"(max-width: 728px) 100vw, 728px\" \/><figcaption id=\"caption-attachment-72653\" class=\"wp-caption-text\">Garota do Momento na semana 03 a 08\/02<\/figcaption><\/figure><\/p>\n<blockquote><p><strong style=\"color: #7B0099\">Nos pr\u00f3ximos cap\u00edtulos de Garota do Momento, <\/strong>Beatriz \u00e9 selecionada para a nova fase do concurso de garota-propaganda; Juliano pede que Bia o ajude a afastar Beatriz do concurso; Bia se prepara para sabotar o concurso mais uma vez; Bia adultera os bombons a serem servidos no concurso&#8230;<\/p><\/blockquote>\n<\/div>\n<h2 style=\"color: #7B0099\">Resumo de segunda-feira, 03 de fevereiro<\/h2>\n<p>Beatriz se desespera com a multa cobrada pela quebra de seu contrato com a Perfumaria Carioca. Marlene procura \u00c9rico. Juliano chantageia Beatriz. Clarice n\u00e3o toma os rem\u00e9dios indicados por Pimenta. Maristela orienta Z\u00e9lia a cancelar os servi\u00e7os de Flora\/Isabel. Topete faz uma serenata para Eug\u00eania. Alfredo descobre que Anita pediu o desquite a Nelson. L\u00edgia conta a Raimundo que est\u00e1 financiando seu pr\u00f3prio disco. Beto tem uma ideia para Beatriz levantar o dinheiro da multa.<br \/>\n\u00a0<\/p>\n<h2 style=\"color: #7B0099\">Resumo de ter\u00e7a-feira, 04 de fevereiro<\/h2>\n<p>Beto explica que Beatriz deve participar de uma sele\u00e7\u00e3o para um novo trabalho publicit\u00e1rio. Carlito conhece \u00c9rico. Alfredo e Anita combinam de esperar um tempo para acertarem seu romance. Eug\u00eania afirma que n\u00e3o ser\u00e1 namorada de Topete. Arlete lamenta a partida de Flora\/Isabel. Ana Maria leva Flora\/Isabel ao boliche. L\u00edgia recebe seu compacto e comemora com Celeste. Flora\/Isabel se insinua para Ronaldo. Topete descobre sobre o desquite de Alfredo. \u00c9rico visita Anita. Bia sente ci\u00fames de Flora\/Isabel com Ronaldo. Flora anuncia a Z\u00e9lia que ficar\u00e1 mais tempo na cidade. Ronaldo manipula o concurso de garota-propaganda a favor de Flora\/Isabel.<br \/>\n<figure id=\"attachment_72654\" aria-describedby=\"caption-attachment-72654\" style=\"width: 728px\" class=\"wp-caption alignnone\"><img data-recalc-dims=\"1\" decoding=\"async\" src=\"https:\/\/i0.wp.com\/www.tvnovelas.com.br\/tvnews\/wp-content\/uploads\/2025\/01\/10332c.jpg?resize=728%2C409&#038;ssl=1\" alt=\"Foto em Garota do Momento na semana 03 a 08\/02...\" width=\"728\" height=\"409\" title=\"(Foto:TV Globo\/Garota do Momento)\" class=\"size-full wp-image-72654\" srcset=\"https:\/\/i0.wp.com\/www.tvnovelas.com.br\/tvnews\/wp-content\/uploads\/2025\/01\/10332c.jpg?w=728&amp;ssl=1 728w, https:\/\/i0.wp.com\/www.tvnovelas.com.br\/tvnews\/wp-content\/uploads\/2025\/01\/10332c.jpg?resize=250%2C140&amp;ssl=1 250w\" sizes=\"(max-width: 728px) 100vw, 728px\" \/><figcaption id=\"caption-attachment-72654\" class=\"wp-caption-text\">Garota do Momento na semana 03 a 08\/02<\/figcaption><\/figure><br \/>\n\u00a0<\/p>\n<h2 style=\"color: #7B0099\">Resumo de quarta-feira, 05 de fevereiro<\/h2>\n<p>Beatriz \u00e9 selecionada para a nova fase do concurso de garota-propaganda. Celeste e Eug\u00eania notam o ci\u00fame de Bia ao ver Ronaldo com Flora\/Isabel. Flora\/Isabel \u00e9 anunciada como quarta integrante da sele\u00e7\u00e3o. Bia acredita que Ronaldo tenha adulterado o concurso. Clarice passa mal. Maristela comenta com Z\u00e9lia que Flora precisa deixar a cidade. L\u00edgia desabafa com Celeste. Teresa aconselha Clarice a procurar outro m\u00e9dico. Raimundo ordena que Beto e Ronaldo se afastem do processo de sele\u00e7\u00e3o da nova garota-propaganda da Malte 28. Juliano pede que Bia o ajude a afastar Beatriz do concurso.<br \/>\n\u00a0<\/p>\n<h2 style=\"color: #7B0099\">Resumo de quinta-feira, 06 de fevereiro<\/h2>\n<p>Bia acata o pedido do pai. Teresa visita Anita. Alfredo e Teresa assinam o desquite. Bia, Maristela e Juliano planejam a sabotagem a Beatriz. Z\u00e9lia se incomoda com a presen\u00e7a de Bas\u00edlio. Clarice agradece a Teresa pela indica\u00e7\u00e3o de seu novo m\u00e9dico. Nelson se recusa a conceder o desquite a Anita. Eug\u00eania comemora o anivers\u00e1rio de Topete. Z\u00e9lia desconfia de que Bas\u00edlio tenha provas contra Juliano. Bas\u00edlio beija Z\u00e9lia. Nelson v\u00ea Anita beijando Alfredo. A m\u00fasica de L\u00edgia toca na r\u00e1dio. Bia adultera o ch\u00e1 das competidoras do concurso de garota-propaganda.<br \/>\n<figure id=\"attachment_72655\" aria-describedby=\"caption-attachment-72655\" style=\"width: 728px\" class=\"wp-caption alignnone\"><img data-recalc-dims=\"1\" decoding=\"async\" src=\"https:\/\/i0.wp.com\/www.tvnovelas.com.br\/tvnews\/wp-content\/uploads\/2025\/01\/10332d.jpg?resize=728%2C409&#038;ssl=1\" alt=\"Foto em Garota do Momento na semana 03 a 08\/02\" width=\"728\" height=\"409\" title=\"(Foto:TV Globo\/Garota do Momento)\" class=\"size-full wp-image-72655\" srcset=\"https:\/\/i0.wp.com\/www.tvnovelas.com.br\/tvnews\/wp-content\/uploads\/2025\/01\/10332d.jpg?w=728&amp;ssl=1 728w, https:\/\/i0.wp.com\/www.tvnovelas.com.br\/tvnews\/wp-content\/uploads\/2025\/01\/10332d.jpg?resize=250%2C140&amp;ssl=1 250w\" sizes=\"(max-width: 728px) 100vw, 728px\" \/><figcaption id=\"caption-attachment-72655\" class=\"wp-caption-text\">Garota do Momento na semana 03 a 08\/02<\/figcaption><\/figure><br \/>\n\u00a0<\/p>\n<h2 style=\"color: #7B0099\">Resumo de sexta-feira, 07 de fevereiro<\/h2>\n<p>Ronaldo bebe o ch\u00e1 adulterado por Bia. Nelson se esconde de Alfredo e Anita. Ronaldo impede que as competidoras bebam o ch\u00e1. Beatriz e Flora\/Isabel seguem para a pr\u00f3xima etapa do concurso. Guto conhece \u00c9rico. Alfredo e Teresa anunciam sua separa\u00e7\u00e3o para Eug\u00eania e Jacira. Maristela ordena que Flora se afaste de sua fam\u00edlia. Z\u00e9lia e Bas\u00edlio ficam juntos. Clarice disfar\u00e7a para a fam\u00edlia sobre n\u00e3o estar tomando os rem\u00e9dios de Dr. Pimenta. Raimundo se encanta com o sucesso de L\u00edgia. Nelson extorque Alfredo para assinar o desquite de Anita. Bia se prepara para sabotar o concurso mais uma vez.<br \/>\n\u00a0<\/p>\n<h2 style=\"color: #7B0099\">Resumo de s\u00e1bado, 08 de fevereiro<\/h2>\n<p>Bia adultera os bombons a serem servidos no concurso. Glorinha v\u00ea Ronaldo conversando com Flora\/Isabel. Eug\u00eania chora a separa\u00e7\u00e3o de sua fam\u00edlia. Topete e Eug\u00eania se beijam. Todos passam mal com o laxante dos bombons. Incentivada por Glorinha, Beatriz pede ajuda a Ruth de Souza para passar na final do concurso. Nelson concede o desquite a Anita. Carlito afirma a Marlene que ir\u00e1 morar com o pai. Guto reconhece \u00c9rico como Ver\u00f4nica Queen. Bia tenta novamente sabotar o concurso.<br \/>\n<!--END--><\/p>\n<div class=\"fb-comments\" data-width=\"100%\" data-order-by=\"reverse_time\" data-numposts=\"5\"><\/div>\n<h2>\u00daltimas publica\u00e7\u00f5es de Garota do Momento<\/h2>\n<div class=\"pt-cv-wrapper\"><div class=\"pt-cv-view pt-cv-grid pt-cv-colsys\" id=\"pt-cv-view-54854578lu\"><div data-id=\"pt-cv-page-1\" class=\"pt-cv-page\" data-cvc=\"1\"><div class=\"col-md-12 col-sm-12 col-xs-12 pt-cv-content-item pt-cv-1-col\" ><div class='pt-cv-ifield'><h4 class=\"pt-cv-title\"><a href=\"https:\/\/www.tvnovelas.com.br\/tvnews\/garota-do-momento-beatriz-e-beto-se-casam\/\" class=\"_self\" target=\"_self\" >Garota do Momento: Beatriz e Beto se casam<\/a><\/h4><\/div><\/div>\n<div class=\"col-md-12 col-sm-12 col-xs-12 pt-cv-content-item pt-cv-1-col\" ><div class='pt-cv-ifield'><h4 class=\"pt-cv-title\"><a href=\"https:\/\/www.tvnovelas.com.br\/tvnews\/garota-do-momento-clarice-sequestrada-por-juliano-desespera-beatriz\/\" class=\"_self\" target=\"_self\" >Garota do Momento: Clarice sequestrada por Juliano desespera Beatriz<\/a><\/h4><\/div><\/div>\n<div class=\"col-md-12 col-sm-12 col-xs-12 pt-cv-content-item pt-cv-1-col\" ><div class='pt-cv-ifield'><h4 class=\"pt-cv-title\"><a href=\"https:\/\/www.tvnovelas.com.br\/tvnews\/garota-do-momento-clarice-cospe-na-cara-de-maristela\/\" class=\"_self\" target=\"_self\" >Garota do Momento: Clarice cospe na cara de Maristela<\/a><\/h4><\/div><\/div>\n<div class=\"col-md-12 col-sm-12 col-xs-12 pt-cv-content-item pt-cv-1-col\" ><div class='pt-cv-ifield'><h4 class=\"pt-cv-title\"><a href=\"https:\/\/www.tvnovelas.com.br\/tvnews\/garota-do-momento-ligia-emociona-ao-dedicar-nova-musica-a-raimundo\/\" class=\"_self\" target=\"_self\" >Garota do Momento: Ligia emociona ao dedicar nova m\u00fasica a Raimundo<\/a><\/h4><\/div><\/div>\n<div class=\"col-md-12 col-sm-12 col-xs-12 pt-cv-content-item pt-cv-1-col\" ><div class='pt-cv-ifield'><h4 class=\"pt-cv-title\"><a href=\"https:\/\/www.tvnovelas.com.br\/tvnews\/garota-do-momento-zelia-beatriz-e-basilio-unidos-para-desmascarar-juliano\/\" class=\"_self\" target=\"_self\" >Garota do Momento: Z\u00e9lia, Beatriz e Bas\u00edlio unidos para desmascarar Juliano<\/a><\/h4><\/div><\/div>\n<div class=\"col-md-12 col-sm-12 col-xs-12 pt-cv-content-item pt-cv-1-col\" ><div class='pt-cv-ifield'><h4 class=\"pt-cv-title\"><a href=\"https:\/\/www.tvnovelas.com.br\/tvnews\/garota-do-momento-ligia-confessa-que-ama-raimundo-e-quer-voltar\/\" class=\"_self\" target=\"_self\" >Garota do Momento: Ligia confessa que ama Raimundo e quer voltar<\/a><\/h4><\/div><\/div><\/div><\/div><\/div>\n<h2>\u00daltimas not\u00edcias das novelas<\/h2>\n<p>[wp-rss-aggregator feeds=&#8221;todas&#8221;]<br \/>\n<a href=\"https:\/\/wp.me\/pfspD2-Ti\" target=\"_blank\" rel=\"noopener\"><strong>Garota do Momento: A saga dos Alencar<\/strong><\/a> (Sinopse)<br \/>\n<a href=\"https:\/\/tvnovelas.com.br\/filmes\/filmes-na-tv-segunda\/\" target=\"_blank\" rel=\"noopener\">Confira a programa\u00e7\u00e3o de filmes na TV aberta<\/a><br \/>\n<a href=\"https:\/\/www.tvnovelas.com.br\/tvnews\/\">\u00daltimas not\u00edcias de todas as novelas<\/a><\/p>\n","protected":false},"excerpt":{"rendered":"<p>Garota do Momento na semana 03 a 08\/02&#8230; Nos pr\u00f3ximos cap\u00edtulos de Garota do Momento, Beatriz \u00e9 selecionada para a nova fase do concurso de garota-propaganda&#8230;<\/p>\n","protected":false},"author":1,"featured_media":72654,"comment_status":"closed","ping_status":"closed","sticky":false,"template":"","format":"standard","meta":{"_uf_show_specific_survey":0,"_uf_disable_surveys":false,"_jetpack_memberships_contains_paid_content":false,"footnotes":"","_wp_rev_ctl_limit":""},"categories":[812],"tags":[813,5,64],"class_list":["post-72650","post","type-post","status-publish","format-standard","has-post-thumbnail","hentry","category-garota-do-momento","tag-garota-do-momento","tag-globo","tag-novelas","wpcat-812-id"],"aioseo_notices":[],"jetpack_featured_media_url":"https:\/\/i0.wp.com\/www.tvnovelas.com.br\/tvnews\/wp-content\/uploads\/2025\/01\/10332c.jpg?fit=728%2C409&ssl=1","jetpack_shortlink":"https:\/\/wp.me\/pdP2BO-iTM","jetpack_sharing_enabled":true,"_links":{"self":[{"href":"https:\/\/www.tvnovelas.com.br\/tvnews\/wp-json\/wp\/v2\/posts\/72650","targetHints":{"allow":["GET"]}}],"collection":[{"href":"https:\/\/www.tvnovelas.com.br\/tvnews\/wp-json\/wp\/v2\/posts"}],"about":[{"href":"https:\/\/www.tvnovelas.com.br\/tvnews\/wp-json\/wp\/v2\/types\/post"}],"author":[{"embeddable":true,"href":"https:\/\/www.tvnovelas.com.br\/tvnews\/wp-json\/wp\/v2\/users\/1"}],"replies":[{"embeddable":true,"href":"https:\/\/www.tvnovelas.com.br\/tvnews\/wp-json\/wp\/v2\/comments?post=72650"}],"version-history":[{"count":5,"href":"https:\/\/www.tvnovelas.com.br\/tvnews\/wp-json\/wp\/v2\/posts\/72650\/revisions"}],"predecessor-version":[{"id":72682,"href":"https:\/\/www.tvnovelas.com.br\/tvnews\/wp-json\/wp\/v2\/posts\/72650\/revisions\/72682"}],"wp:featuredmedia":[{"embeddable":true,"href":"https:\/\/www.tvnovelas.com.br\/tvnews\/wp-json\/wp\/v2\/media\/72654"}],"wp:attachment":[{"href":"https:\/\/www.tvnovelas.com.br\/tvnews\/wp-json\/wp\/v2\/media?parent=72650"}],"wp:term":[{"taxonomy":"category","embeddable":true,"href":"https:\/\/www.tvnovelas.com.br\/tvnews\/wp-json\/wp\/v2\/categories?post=72650"},{"taxonomy":"post_tag","embeddable":true,"href":"https:\/\/www.tvnovelas.com.br\/tvnews\/wp-json\/wp\/v2\/tags?post=72650"}],"curies":[{"name":"wp","href":"https:\/\/api.w.org\/{rel}","templated":true}]}}