{"id":72770,"date":"2025-02-03T17:50:17","date_gmt":"2025-02-03T20:50:17","guid":{"rendered":"https:\/\/www.tvnovelas.com.br\/tvnews\/?p=72770"},"modified":"2025-02-03T17:50:17","modified_gmt":"2025-02-03T20:50:17","slug":"forca-de-mulher-munir-pode-impedir-uma-tragedia-mas-o-preco-e-a-verdade","status":"publish","type":"post","link":"https:\/\/www.tvnovelas.com.br\/tvnews\/forca-de-mulher-munir-pode-impedir-uma-tragedia-mas-o-preco-e-a-verdade\/","title":{"rendered":"For\u00e7a de Mulher: Munir pode impedir uma trag\u00e9dia, mas o pre\u00e7o \u00e9 a verdade"},"content":{"rendered":"<figure id=\"attachment_72771\" aria-describedby=\"caption-attachment-72771\" style=\"width: 728px\" class=\"wp-caption alignnone\"><img data-recalc-dims=\"1\" decoding=\"async\" class=\"wp-image-72771 size-full\" title=\"(Foto: Record TV\/For\u00e7a de Mulher)\" src=\"https:\/\/i0.wp.com\/www.tvnovelas.com.br\/tvnews\/wp-content\/uploads\/2025\/02\/10357.jpg?resize=728%2C410&#038;ssl=1\" alt=\"Foto em For\u00e7a de Mulher: Munir pode impedir uma trag\u00e9dia....\" width=\"728\" height=\"410\" srcset=\"https:\/\/i0.wp.com\/www.tvnovelas.com.br\/tvnews\/wp-content\/uploads\/2025\/02\/10357.jpg?w=728&amp;ssl=1 728w, https:\/\/i0.wp.com\/www.tvnovelas.com.br\/tvnews\/wp-content\/uploads\/2025\/02\/10357.jpg?resize=250%2C141&amp;ssl=1 250w\" sizes=\"(max-width: 728px) 100vw, 728px\" \/><figcaption id=\"caption-attachment-72771\" class=\"wp-caption-text\">For\u00e7a de Mulher: Munir pode impedir uma trag\u00e9dia&#8230;<\/figcaption><\/figure>\n<p>No cap\u00edtulo de For\u00e7a de Mulher desta segunda, dia 03, Munir explica para Suat que os homens de Nezir v\u00e3o sequestrar Bahar e as crian\u00e7as. Suat ordena que ele n\u00e3o conte nada sobre isso para Sarp.<\/p>\n<p>O capanga esconde do empres\u00e1rio o plano do sequestro, mas fica incomodado ao ser questionado: Quer me contar alguma coisa? Estou com a impress\u00e3o de que voc\u00ea est\u00e1 incomodado com alguma coisa\u201d, diz Sarp.<\/p>\n<p>No mesmo cap\u00edtulo, Bahar conta que conseguiu um emprego na cafeteria. Ceyda confessa para Bahar que o dono do estabelecimento \u00e9 pai de seu filho. Yeliz se atrapalha em seu primeiro dia de servi\u00e7o na loja. Bahar diz para Arif que ligou para Sarp.<\/p>\n<p>Arif se oferece para cuidar dela e das crian\u00e7as e sugere que eles se mudem para outra cidade. Ceyda conta para Bahar como foi sua hist\u00f3ria com Emre. Bahar chega para seu primeiro dia de trabalho na cafeteria.<br \/>\n<!--FIM DO POST--><\/p>\n<div class=\"fb-comments\" data-width=\"100%\" data-order-by=\"reverse_time\" data-numposts=\"5\"><\/div>\n<h2>Saiba mais:<\/h2>\n<p><a href=\"https:\/\/tvnovelas.com.br\/novelas\/resumos-de-forca-de-mulher\/\" target=\"_blank\" rel=\"noopener\">Resumos da semana de For\u00e7a de Mulher<\/a><br \/>\n<a href=\"https:\/\/tvnovelas.com.br\/page2\/arquivo\/forca-de-mulher-as-lutas-de-bahar\/\" target=\"_blank\" rel=\"noopener\">For\u00e7a de Mulher: As lutas de Bahar (Sinopse)<\/a><br \/>\n<a href=\"https:\/\/pt.wikipedia.org\/wiki\/Kad%C4%B1n\" target=\"_blank\" rel=\"noopener\">Sobre For\u00e7a de Mulher na Wikipedia<\/a><br \/>\n<a href=\"https:\/\/www.facebook.com\/tevenovelas\/\">\u00daltimas not\u00edcias do TV Novelas no Facebook<\/a><br \/>\n<a href=\"https:\/\/tvnovelas.com.br\/novelas\/\">Resumos de todas as novelas<\/a><\/p>\n","protected":false},"excerpt":{"rendered":"<p>For\u00e7a de Mulher: Munir pode impedir uma trag\u00e9dia&#8230;. No cap\u00edtulo de For\u00e7a de Mulher desta segunda, dia 03, Munir explica para Suat que os homens de Nezir&#8230;.<\/p>\n","protected":false},"author":1,"featured_media":72771,"comment_status":"closed","ping_status":"closed","sticky":false,"template":"","format":"standard","meta":{"_uf_show_specific_survey":0,"_uf_disable_surveys":false,"_jetpack_memberships_contains_paid_content":false,"footnotes":"","_wp_rev_ctl_limit":""},"categories":[803],"tags":[805,5,64],"class_list":["post-72770","post","type-post","status-publish","format-standard","has-post-thumbnail","hentry","category-forca-de-mulher","tag-forca-de-mulher","tag-globo","tag-novelas","wpcat-803-id"],"aioseo_notices":[],"jetpack_featured_media_url":"https:\/\/i0.wp.com\/www.tvnovelas.com.br\/tvnews\/wp-content\/uploads\/2025\/02\/10357.jpg?fit=728%2C410&ssl=1","jetpack_shortlink":"https:\/\/wp.me\/pdP2BO-iVI","jetpack_sharing_enabled":true,"_links":{"self":[{"href":"https:\/\/www.tvnovelas.com.br\/tvnews\/wp-json\/wp\/v2\/posts\/72770","targetHints":{"allow":["GET"]}}],"collection":[{"href":"https:\/\/www.tvnovelas.com.br\/tvnews\/wp-json\/wp\/v2\/posts"}],"about":[{"href":"https:\/\/www.tvnovelas.com.br\/tvnews\/wp-json\/wp\/v2\/types\/post"}],"author":[{"embeddable":true,"href":"https:\/\/www.tvnovelas.com.br\/tvnews\/wp-json\/wp\/v2\/users\/1"}],"replies":[{"embeddable":true,"href":"https:\/\/www.tvnovelas.com.br\/tvnews\/wp-json\/wp\/v2\/comments?post=72770"}],"version-history":[{"count":1,"href":"https:\/\/www.tvnovelas.com.br\/tvnews\/wp-json\/wp\/v2\/posts\/72770\/revisions"}],"predecessor-version":[{"id":72772,"href":"https:\/\/www.tvnovelas.com.br\/tvnews\/wp-json\/wp\/v2\/posts\/72770\/revisions\/72772"}],"wp:featuredmedia":[{"embeddable":true,"href":"https:\/\/www.tvnovelas.com.br\/tvnews\/wp-json\/wp\/v2\/media\/72771"}],"wp:attachment":[{"href":"https:\/\/www.tvnovelas.com.br\/tvnews\/wp-json\/wp\/v2\/media?parent=72770"}],"wp:term":[{"taxonomy":"category","embeddable":true,"href":"https:\/\/www.tvnovelas.com.br\/tvnews\/wp-json\/wp\/v2\/categories?post=72770"},{"taxonomy":"post_tag","embeddable":true,"href":"https:\/\/www.tvnovelas.com.br\/tvnews\/wp-json\/wp\/v2\/tags?post=72770"}],"curies":[{"name":"wp","href":"https:\/\/api.w.org\/{rel}","templated":true}]}}