{"id":72825,"date":"2025-02-05T10:19:53","date_gmt":"2025-02-05T13:19:53","guid":{"rendered":"https:\/\/www.tvnovelas.com.br\/tvnews\/?p=72825"},"modified":"2025-02-05T10:19:53","modified_gmt":"2025-02-05T13:19:53","slug":"forca-de-mulher-sarp-salva-bahar-e-os-filhos-de-sequestro","status":"publish","type":"post","link":"https:\/\/www.tvnovelas.com.br\/tvnews\/forca-de-mulher-sarp-salva-bahar-e-os-filhos-de-sequestro\/","title":{"rendered":"For\u00e7a de Mulher: Sarp salva Bahar e os filhos de sequestro"},"content":{"rendered":"<figure id=\"attachment_72829\" aria-describedby=\"caption-attachment-72829\" style=\"width: 728px\" class=\"wp-caption alignnone\"><img data-recalc-dims=\"1\" decoding=\"async\" src=\"https:\/\/i0.wp.com\/www.tvnovelas.com.br\/tvnews\/wp-content\/uploads\/2025\/02\/10368.jpg?resize=728%2C410&#038;ssl=1\" alt=\"Foto em For\u00e7a de Mulher: Sarp salva Bahar e os filhos....\" width=\"728\" height=\"410\" class=\"size-full wp-image-72829\" srcset=\"https:\/\/i0.wp.com\/www.tvnovelas.com.br\/tvnews\/wp-content\/uploads\/2025\/02\/10368.jpg?w=728&amp;ssl=1 728w, https:\/\/i0.wp.com\/www.tvnovelas.com.br\/tvnews\/wp-content\/uploads\/2025\/02\/10368.jpg?resize=250%2C141&amp;ssl=1 250w\" sizes=\"(max-width: 728px) 100vw, 728px\" \/><figcaption id=\"caption-attachment-72829\" class=\"wp-caption-text\">For\u00e7a de Mulher: Sarp salva Bahar e os filhos&#8230;<\/figcaption><\/figure>\n<p>No cap\u00edtulo desta quarta-feira, 05, a tens\u00e3o aumentou dramaticamente. Sirin vive momentos de intensa ang\u00fastia ao temer pelo que pode ter acontecido com Hatice, criando um clima de apreens\u00e3o.<\/p>\n<h2>Chamada para o Perigo<\/h2>\n<p>A liga\u00e7\u00e3o de Enver com Arif deixa claro o catastr\u00f3fico resultado da invas\u00e3o: um alerta sombrio que atinge todos os personagens. Sirin, desesperada, contata Suat e \u00e9 informada sobre a morte de uma mulher. O momento se torna ainda mais angustiante quando Enver, ao chegar \u00e0 rua de Bahar, testemunha um corpo sendo colocado em uma ambul\u00e2ncia. O abra\u00e7o entre Enver e Arif \u00e9 cheio de tristeza e impot\u00eancia diante da situa\u00e7\u00e3o digna de um drama.<\/p>\n<h2>A Luta de Ceyda e Hatice<\/h2>\n<p>O clima de desespero se instala nas fam\u00edlias envolvidas. Ceyda, atordoada, deseja acompanhar Yeliz a fim de que a amiga n\u00e3o fique sozinha. Enquanto isso, Bahar tenta manter a calma dentro do carro com Sarp e as crian\u00e7as. A rea\u00e7\u00e3o de Sirin ao ver sua m\u00e3e \u00e9 de al\u00edvio tempor\u00e1rio, mas o estado emocional de Ceyda se agrava. Hatice tenta reanim\u00e1-la, mas seus esfor\u00e7os a levam ao colapso, destacando a fragilidade humana diante da trag\u00e9dia.<\/p>\n<p>Munir revela a Sarp a morte na invas\u00e3o, mas decide ocultar essa informa\u00e7\u00e3o de Bahar, refor\u00e7ando a camada de segredos e desafios enfrentados. <\/p>\n<p>Enquanto isto, Nezir executa os homens que falharam no sequestro; e Sarp chega com Bahar e os filhos \u00e0 casa que arrumou para eles.<br \/>\n<em>Texto gerado por IA<\/em><br \/>\n<!--FIM DO POST--><\/p>\n<div class=\"fb-comments\" data-width=\"100%\" data-order-by=\"reverse_time\" data-numposts=\"5\"><\/div>\n<h2>Saiba mais:<\/h2>\n<p><a href=\"https:\/\/tvnovelas.com.br\/novelas\/resumos-de-forca-de-mulher\/\" target=\"_blank\" rel=\"noopener\">Resumos da semana de For\u00e7a de Mulher<\/a><br \/>\n<a href=\"https:\/\/tvnovelas.com.br\/page2\/arquivo\/forca-de-mulher-as-lutas-de-bahar\/\" target=\"_blank\" rel=\"noopener\">For\u00e7a de Mulher: As lutas de Bahar (Sinopse)<\/a><br \/>\n<a href=\"https:\/\/pt.wikipedia.org\/wiki\/Kad%C4%B1n\" target=\"_blank\" rel=\"noopener\">Sobre For\u00e7a de Mulher na Wikipedia<\/a><br \/>\n<a href=\"https:\/\/www.facebook.com\/tevenovelas\/\">\u00daltimas not\u00edcias do TV Novelas no Facebook<\/a><br \/>\n<a href=\"https:\/\/tvnovelas.com.br\/novelas\/\">Resumos de todas as novelas<\/a><\/p>\n","protected":false},"excerpt":{"rendered":"<p>For\u00e7a de Mulher: Sarp salva Bahar e os filhos&#8230; No cap\u00edtulo desta quarta-feira, 05, a tens\u00e3o aumentou dramaticamente. Sirin vive momentos de intensa ang\u00fastia&#8230;.<\/p>\n","protected":false},"author":1,"featured_media":72829,"comment_status":"closed","ping_status":"closed","sticky":false,"template":"","format":"standard","meta":{"_uf_show_specific_survey":0,"_uf_disable_surveys":false,"_jetpack_memberships_contains_paid_content":false,"footnotes":"","_wp_rev_ctl_limit":""},"categories":[803,854],"tags":[805,5,64,855],"class_list":["post-72825","post","type-post","status-publish","format-standard","has-post-thumbnail","hentry","category-forca-de-mulher","category-series-de-televisao","tag-forca-de-mulher","tag-globo","tag-novelas","tag-womens-empowerment","wpcat-803-id","wpcat-854-id"],"aioseo_notices":[],"jetpack_featured_media_url":"https:\/\/i0.wp.com\/www.tvnovelas.com.br\/tvnews\/wp-content\/uploads\/2025\/02\/10368.jpg?fit=728%2C410&ssl=1","jetpack_shortlink":"https:\/\/wp.me\/pdP2BO-iWB","jetpack_sharing_enabled":true,"_links":{"self":[{"href":"https:\/\/www.tvnovelas.com.br\/tvnews\/wp-json\/wp\/v2\/posts\/72825","targetHints":{"allow":["GET"]}}],"collection":[{"href":"https:\/\/www.tvnovelas.com.br\/tvnews\/wp-json\/wp\/v2\/posts"}],"about":[{"href":"https:\/\/www.tvnovelas.com.br\/tvnews\/wp-json\/wp\/v2\/types\/post"}],"author":[{"embeddable":true,"href":"https:\/\/www.tvnovelas.com.br\/tvnews\/wp-json\/wp\/v2\/users\/1"}],"replies":[{"embeddable":true,"href":"https:\/\/www.tvnovelas.com.br\/tvnews\/wp-json\/wp\/v2\/comments?post=72825"}],"version-history":[{"count":4,"href":"https:\/\/www.tvnovelas.com.br\/tvnews\/wp-json\/wp\/v2\/posts\/72825\/revisions"}],"predecessor-version":[{"id":72830,"href":"https:\/\/www.tvnovelas.com.br\/tvnews\/wp-json\/wp\/v2\/posts\/72825\/revisions\/72830"}],"wp:featuredmedia":[{"embeddable":true,"href":"https:\/\/www.tvnovelas.com.br\/tvnews\/wp-json\/wp\/v2\/media\/72829"}],"wp:attachment":[{"href":"https:\/\/www.tvnovelas.com.br\/tvnews\/wp-json\/wp\/v2\/media?parent=72825"}],"wp:term":[{"taxonomy":"category","embeddable":true,"href":"https:\/\/www.tvnovelas.com.br\/tvnews\/wp-json\/wp\/v2\/categories?post=72825"},{"taxonomy":"post_tag","embeddable":true,"href":"https:\/\/www.tvnovelas.com.br\/tvnews\/wp-json\/wp\/v2\/tags?post=72825"}],"curies":[{"name":"wp","href":"https:\/\/api.w.org\/{rel}","templated":true}]}}