{"id":72840,"date":"2025-02-05T17:22:33","date_gmt":"2025-02-05T20:22:33","guid":{"rendered":"https:\/\/www.tvnovelas.com.br\/tvnews\/?p=72840"},"modified":"2025-02-05T17:22:33","modified_gmt":"2025-02-05T20:22:33","slug":"forca-de-mulher-bahar-e-seus-filhos-escapam-mas-sequestradores-fazem-uma-morte","status":"publish","type":"post","link":"https:\/\/www.tvnovelas.com.br\/tvnews\/forca-de-mulher-bahar-e-seus-filhos-escapam-mas-sequestradores-fazem-uma-morte\/","title":{"rendered":"For\u00e7a de Mulher: Bahar e seus filhos escapam, mas sequestradores fazem uma morte"},"content":{"rendered":"<figure id=\"attachment_72841\" aria-describedby=\"caption-attachment-72841\" style=\"width: 728px\" class=\"wp-caption alignnone\"><img data-recalc-dims=\"1\" decoding=\"async\" class=\"wp-image-72841 size-full\" title=\"(Foto: Record TV\/For\u00e7a de Mulher)\" src=\"https:\/\/i0.wp.com\/www.tvnovelas.com.br\/tvnews\/wp-content\/uploads\/2025\/02\/10371.jpg?resize=728%2C410&#038;ssl=1\" alt=\"Foto em For\u00e7a de Mulher: Bahar e seus filhos escapam...\" width=\"728\" height=\"410\" srcset=\"https:\/\/i0.wp.com\/www.tvnovelas.com.br\/tvnews\/wp-content\/uploads\/2025\/02\/10371.jpg?w=728&amp;ssl=1 728w, https:\/\/i0.wp.com\/www.tvnovelas.com.br\/tvnews\/wp-content\/uploads\/2025\/02\/10371.jpg?resize=250%2C141&amp;ssl=1 250w\" sizes=\"(max-width: 728px) 100vw, 728px\" \/><figcaption id=\"caption-attachment-72841\" class=\"wp-caption-text\">For\u00e7a de Mulher: Bahar e seus filhos escapam&#8230;<\/figcaption><\/figure>\n<p>No cap\u00edtulo desta quarta, dia 05, Nesta quarta-feira (05\/02) em \u201cFor\u00e7a de Mulher\u201d, Enver recebe uma liga\u00e7\u00e3o de Arif e fica estarrecido. Sirin liga para Suat, e ele diz que uma mulher foi morta na invas\u00e3o dos homens de Nezir no apartamento de Bahar. Enver chega \u00e0 rua, v\u00ea um corpo sendo colocado na ambul\u00e2ncia e abra\u00e7a Arif, arrasado.<\/p>\n<p>Ao se aproximar, ele encontra Ceyda e Hatice, muito assustadas. Descontrolada, Ceyda diz que precisa ir com Yeliz para a amiga n\u00e3o ficar sozinha.<\/p>\n<p>\u201cEla n\u00e3o gosta de ficar sozinha, eu tenho que ir com ela\u201d, diz Ceyda, aos prantos, ao ver o ve\u00edculo do socorro sair levando a amiga.<\/p>\n<p>No carro com Sarp, Bahar tenta acalmar as crian\u00e7as. Munir revela para Sarp que uma pessoa morreu na invas\u00e3o do apartamento, mas ele esconde essa informa\u00e7\u00e3o de Bahar.<\/p>\n<p>Nezir executa os homens que falharam no sequestro. Sarp chega com Bahar e os filhos \u00e0 casa que arrumou para eles.<br \/>\n<!--FIM DO POST--><\/p>\n<div class=\"fb-comments\" data-width=\"100%\" data-order-by=\"reverse_time\" data-numposts=\"5\"><\/div>\n<h2>Saiba mais:<\/h2>\n<p><a href=\"https:\/\/tvnovelas.com.br\/novelas\/resumos-de-forca-de-mulher\/\" target=\"_blank\" rel=\"noopener\">Resumos da semana de For\u00e7a de Mulher<\/a><br \/>\n<a href=\"https:\/\/tvnovelas.com.br\/page2\/arquivo\/forca-de-mulher-as-lutas-de-bahar\/\" target=\"_blank\" rel=\"noopener\">For\u00e7a de Mulher: As lutas de Bahar (Sinopse)<\/a><br \/>\n<a href=\"https:\/\/pt.wikipedia.org\/wiki\/Kad%C4%B1n\" target=\"_blank\" rel=\"noopener\">Sobre For\u00e7a de Mulher na Wikipedia<\/a><br \/>\n<a href=\"https:\/\/www.facebook.com\/tevenovelas\/\">\u00daltimas not\u00edcias do TV Novelas no Facebook<\/a><br \/>\n<a href=\"https:\/\/tvnovelas.com.br\/novelas\/\">Resumos de todas as novelas<\/a><\/p>\n","protected":false},"excerpt":{"rendered":"<p>For\u00e7a de Mulher: Bahar e seus filhos escapam&#8230;<\/p>\n","protected":false},"author":1,"featured_media":72841,"comment_status":"closed","ping_status":"closed","sticky":false,"template":"","format":"standard","meta":{"_uf_show_specific_survey":0,"_uf_disable_surveys":false,"_jetpack_memberships_contains_paid_content":false,"footnotes":"","_wp_rev_ctl_limit":""},"categories":[803],"tags":[805,64,14],"class_list":["post-72840","post","type-post","status-publish","format-standard","has-post-thumbnail","hentry","category-forca-de-mulher","tag-forca-de-mulher","tag-novelas","tag-record","wpcat-803-id"],"aioseo_notices":[],"jetpack_featured_media_url":"https:\/\/i0.wp.com\/www.tvnovelas.com.br\/tvnews\/wp-content\/uploads\/2025\/02\/10371.jpg?fit=728%2C410&ssl=1","jetpack_shortlink":"https:\/\/wp.me\/pdP2BO-iWQ","jetpack_sharing_enabled":true,"_links":{"self":[{"href":"https:\/\/www.tvnovelas.com.br\/tvnews\/wp-json\/wp\/v2\/posts\/72840","targetHints":{"allow":["GET"]}}],"collection":[{"href":"https:\/\/www.tvnovelas.com.br\/tvnews\/wp-json\/wp\/v2\/posts"}],"about":[{"href":"https:\/\/www.tvnovelas.com.br\/tvnews\/wp-json\/wp\/v2\/types\/post"}],"author":[{"embeddable":true,"href":"https:\/\/www.tvnovelas.com.br\/tvnews\/wp-json\/wp\/v2\/users\/1"}],"replies":[{"embeddable":true,"href":"https:\/\/www.tvnovelas.com.br\/tvnews\/wp-json\/wp\/v2\/comments?post=72840"}],"version-history":[{"count":1,"href":"https:\/\/www.tvnovelas.com.br\/tvnews\/wp-json\/wp\/v2\/posts\/72840\/revisions"}],"predecessor-version":[{"id":72842,"href":"https:\/\/www.tvnovelas.com.br\/tvnews\/wp-json\/wp\/v2\/posts\/72840\/revisions\/72842"}],"wp:featuredmedia":[{"embeddable":true,"href":"https:\/\/www.tvnovelas.com.br\/tvnews\/wp-json\/wp\/v2\/media\/72841"}],"wp:attachment":[{"href":"https:\/\/www.tvnovelas.com.br\/tvnews\/wp-json\/wp\/v2\/media?parent=72840"}],"wp:term":[{"taxonomy":"category","embeddable":true,"href":"https:\/\/www.tvnovelas.com.br\/tvnews\/wp-json\/wp\/v2\/categories?post=72840"},{"taxonomy":"post_tag","embeddable":true,"href":"https:\/\/www.tvnovelas.com.br\/tvnews\/wp-json\/wp\/v2\/tags?post=72840"}],"curies":[{"name":"wp","href":"https:\/\/api.w.org\/{rel}","templated":true}]}}