{"id":72875,"date":"2025-02-08T10:00:51","date_gmt":"2025-02-08T13:00:51","guid":{"rendered":"https:\/\/www.tvnovelas.com.br\/tvnews\/?p=72875"},"modified":"2025-02-08T10:52:36","modified_gmt":"2025-02-08T13:52:36","slug":"o-que-rola-em-volta-por-cima-na-semana-10-a-15-2","status":"publish","type":"post","link":"https:\/\/www.tvnovelas.com.br\/tvnews\/o-que-rola-em-volta-por-cima-na-semana-10-a-15-2\/","title":{"rendered":"O que rola em Volta por Cima na semana 10 a 15\/2"},"content":{"rendered":"<div style=\"background-color: #DDEB9D;\">\n<figure id=\"attachment_72876\" aria-describedby=\"caption-attachment-72876\" style=\"width: 728px\" class=\"wp-caption alignnone\"><img data-recalc-dims=\"1\" decoding=\"async\" src=\"https:\/\/i0.wp.com\/www.tvnovelas.com.br\/tvnews\/wp-content\/uploads\/2025\/02\/10381a.jpg?resize=728%2C409&#038;ssl=1\" alt=\"Foto em Volta por Cima na semana 10 a 15\" width=\"728\" height=\"409\" title=\"(Foto: TV Globo\/Volta por Cima)\" class=\"size-full wp-image-72876\" srcset=\"https:\/\/i0.wp.com\/www.tvnovelas.com.br\/tvnews\/wp-content\/uploads\/2025\/02\/10381a.jpg?w=728&amp;ssl=1 728w, https:\/\/i0.wp.com\/www.tvnovelas.com.br\/tvnews\/wp-content\/uploads\/2025\/02\/10381a.jpg?resize=250%2C140&amp;ssl=1 250w\" sizes=\"(max-width: 728px) 100vw, 728px\" \/><figcaption id=\"caption-attachment-72876\" class=\"wp-caption-text\">Volta por Cima na semana 10 a 15<\/figcaption><\/figure><\/p>\n<blockquote><p><strong style=\"color: #27445d;\">Nos pr\u00f3ximos cap\u00edtulos de Volta por Cima, <\/strong><br \/>\nOsmar se irrita ao saber que ter\u00e1 que assinar um contrato de casamento com Violeta; Edson decide colocar seu nome nos documentos de J\u00e3o; Roxelle d\u00e1 um ultimato a Gerson; Osmar n\u00e3o aceita o contrato pr\u00e9-nupcial que Violeta lhe entrega&#8230;<\/p><\/blockquote>\n<\/div>\n<h2 style=\"color: #27445d;\">Resumo de segunda-feira, 10 de fevereiro<\/h2>\n<p>Belisa pede para conversar a s\u00f3s com Gigi. Roxelle exige que Gerson pare de perseguir Yuki. Madalena n\u00e3o deixa Osmar entrar em sua casa. J\u00e3o discute com Cac\u00e1. Joyce fala com Gigi sobre Belisa. Marco faz uma descoberta sobre seu passado, e fica chocado. Cac\u00e1 tenta manipular Neuza. J\u00e3o decide sair de casa. Osmar se irrita ao saber que ter\u00e1 que assinar um contrato de casamento com Violeta. Marco pensa em tomar o lugar de Gerson. Gigi tira satisfa\u00e7\u00f5es com Silvia. Matias leva Madalena para ver o seu trabalho. Sai o resultado do exame de DNA de Edson e J\u00e3o. Belisa procura Gigi.<br \/>\n\u00a0<\/p>\n<h2 style=\"color: #27445d;\">Resumo de ter\u00e7a-feira, 11 de fevereiro<\/h2>\n<p>Belisa se explica para Gigi. Edson decide colocar seu nome nos documentos de J\u00e3o. Madalena e Matias conversam entrosados. Silvia acolhe Gigi. Jayme fala novamente de Sidney para Cida. Lucas sofre um acidente, e Sidney o leva para o hospital. Neuza tenta tranquilizar Gigi. Madalena avisa a Cida sobre Lucas. Marco enfrenta Gerson. Cida encontra Sidney no hospital com Lucas. Gigi decide sair de casa. Violeta se surpreende com a hist\u00f3ria sobre os Barros. Osmar amea\u00e7a abandonar Violeta. Belisa se desespera ao saber que Gigi n\u00e3o foi para a casa de Silvia. Gigi chega \u00e0 casa de Gerson.<br \/>\n<figure id=\"attachment_72877\" aria-describedby=\"caption-attachment-72877\" style=\"width: 728px\" class=\"wp-caption alignnone\"><img data-recalc-dims=\"1\" decoding=\"async\" src=\"https:\/\/i0.wp.com\/www.tvnovelas.com.br\/tvnews\/wp-content\/uploads\/2025\/02\/10381c.jpg?resize=728%2C409&#038;ssl=1\" alt=\"Foto em Volta por Cima na semana 10 a 15\" width=\"728\" height=\"409\" title=\"(Foto: TV Globo\/Volta por Cima)\" class=\"size-full wp-image-72877\" srcset=\"https:\/\/i0.wp.com\/www.tvnovelas.com.br\/tvnews\/wp-content\/uploads\/2025\/02\/10381c.jpg?w=728&amp;ssl=1 728w, https:\/\/i0.wp.com\/www.tvnovelas.com.br\/tvnews\/wp-content\/uploads\/2025\/02\/10381c.jpg?resize=250%2C140&amp;ssl=1 250w\" sizes=\"(max-width: 728px) 100vw, 728px\" \/><figcaption id=\"caption-attachment-72877\" class=\"wp-caption-text\">Volta por Cima na semana 10 a 15&#8230;<\/figcaption><\/figure><br \/>\n\u00a0<\/p>\n<h2 style=\"color: #27445d;\">Resumo de quarta-feira, 12 de fevereiro<\/h2>\n<p>Gerson reclama da presen\u00e7a de Gigi em sua casa. Sidney e Cida voltam a namorar. Osmar tenta convencer Violeta a casar com ele sem contrato pr\u00e9-nupcial. Rosana reclama do resultado do exame de DNA. Marco tenta se aliar a Gigi. Joyce se abala com a not\u00edcia do casamento de Osmar e Violeta. Jin aceita ir ao programa de TV para agradar Tati. Jayme critica Tereza por usar Jin para divulgar ohostel. Belisa descobre que Gigi est\u00e1 com Rodolfo. Roxelle e Neuza mostram o exame de DNA para Rosana. Madalena e Matias chegam ao mesmo restaurante em que J\u00e3o est\u00e1.<br \/>\n\u00a0<\/p>\n<h2 style=\"color: #27445d;\">Resumo de quinta-feira, 13 de fevereiro<\/h2>\n<p>Madalena apresenta Matias. Roxelle enfrenta Rosana. Gerson demonstra sua contrariedade com a presen\u00e7a de Gigi em sua casa. Marco pede a ajuda de Violeta para encontrar sua m\u00e3e. Osmar revela seus planos para J\u00f4. J\u00e3o pensa em seu encontro com Madalena. Alberto fica chateado ao saber que Cida reatou com Sidney. Matias aparece no galp\u00e3o dos Drag\u00f5es Suburbanos. Lucas critica Miranda por mentir sobre o local onde mora. Cac\u00e1 ignora o pedido de Ana L\u00facia para ela voltar para casa. Gerson fala com Rodolfo sobre a partilha mensal da fam\u00edlia. Marco pede a ajuda de Belisa. Matias e J\u00e3o se encontram.<br \/>\n<figure id=\"attachment_72878\" aria-describedby=\"caption-attachment-72878\" style=\"width: 728px\" class=\"wp-caption alignnone\"><img data-recalc-dims=\"1\" decoding=\"async\" src=\"https:\/\/i0.wp.com\/www.tvnovelas.com.br\/tvnews\/wp-content\/uploads\/2025\/02\/10381b.jpg?resize=728%2C409&#038;ssl=1\" alt=\"Foto em Volta por Cima na semana 10 a 15....\" width=\"728\" height=\"409\" title=\"(Foto: TV Globo\/Volta por Cima)\" class=\"size-full wp-image-72878\" srcset=\"https:\/\/i0.wp.com\/www.tvnovelas.com.br\/tvnews\/wp-content\/uploads\/2025\/02\/10381b.jpg?w=728&amp;ssl=1 728w, https:\/\/i0.wp.com\/www.tvnovelas.com.br\/tvnews\/wp-content\/uploads\/2025\/02\/10381b.jpg?resize=250%2C140&amp;ssl=1 250w\" sizes=\"(max-width: 728px) 100vw, 728px\" \/><figcaption id=\"caption-attachment-72878\" class=\"wp-caption-text\">Volta por Cima na semana 10 a 15&#8230;.<\/figcaption><\/figure><br \/>\n\u00a0<\/p>\n<h2 style=\"color: #27445d;\">Resumo de sexta-feira, 14 de fevereiro<\/h2>\n<p>Matias acerta com J\u00e3o a entrevista e a grava\u00e7\u00e3o de seu document\u00e1rio com os Drag\u00f5es Suburbanos. Belisa garante que ajudar\u00e1 Marco a encontrar sua m\u00e3e. Madalena conta para Cida sobre seu encontro com J\u00e3o no restaurante. Rafa segue Miranda. Cac\u00e1 desabafa com Neuza. Violeta acredita que o filho que Cac\u00e1 est\u00e1 esperando \u00e9 seu neto. Gigi acompanha Gerson em uma opera\u00e7\u00e3o. Tati descobre a postagem feita por Tereza sobre Jin. Matias conta para Madalena sobre sua conversa com J\u00e3o. Belisa e Joyce reclamam da aus\u00eancia de Gigi. Gigi pede um trabalho para Gerson. J\u00e3o v\u00ea Madalena dan\u00e7ar com Matias.<br \/>\n\u00a0<\/p>\n<h2 style=\"color: #27445d;\">Resumo de s\u00e1bado, 15 de fevereiro<\/h2>\n<p>J\u00e3o admira Madalena dan\u00e7ando. Osmar amea\u00e7a Marco. Rodolfo teme que Gerson fa\u00e7a algo contra Gigi. Belisa questiona Sebastian sobre seus sentimentos por Joyce. Roxelle d\u00e1 um ultimato a Gerson. Jin deixa o hostel de Tereza sem que ela veja. Tereza recebe f\u00e3s de Jin em sua casa. Yuki recebe flores de Gerson, marcando um encontro. Osmar n\u00e3o aceita o contrato pr\u00e9-nupcial que Violeta lhe entrega. Tereza se desculpa com Jin. Violeta d\u00e1 folga para Cac\u00e1. Lucas pede para ir com Jin ao programa de TV. Gerson se encontra com Yuki. J\u00e3o e Silvia ficam mais pr\u00f3ximos. Violeta recebe o resultado do exame de DNA que fez em Cac\u00e1.<br \/>\n<!--FIM--><\/p>\n<div class=\"fb-comments\" data-width=\"100%\" data-order-by=\"reverse_time\" data-numposts=\"5\"><\/div>\n<p><h2>Mais:<\/h2>\r\n<p><a href=\"https:\/\/tvnovelas.com.br\/novelas\/resumos-de-volta-por-cima\/\" target=\"_blank\" rel=\"noopener\">Confira os resumos da semana de Volta por Cima'<\/a><\/p>\r\n<p><a href=\"https:\/\/wp.me\/pfspD2-T5\" target=\"_blank\" rel=\"noopener\">Volta por Cima: Entre os sonhos e a fam\u00edlia<\/a> (Sinopse)<\/p>\r\n<p><a href=\"https:\/\/pt.wikipedia.org\/wiki\/Volta_por_Cima_(telenovela)\" target=\"_blank\" rel=\"noopener\">Sobre Volta por Cima na Wikipedia<\/a><\/p>\r\n<p><a href=\"https:\/\/tvnovelas.com.br\/novelas\/\" target=\"_blank\" rel=\"noopener\">Resumos de todas as novelas<\/a><\/p>\r\n<p><strong style=\"font-size: 120%;\">\u00daltimas not\u00edcias de 'Volta por Cima':<\/strong><\/p>\r\n<div class=\"pt-cv-wrapper\"><div class=\"pt-cv-view pt-cv-grid pt-cv-colsys\" id=\"pt-cv-view-372c3953u7\"><div data-id=\"pt-cv-page-1\" class=\"pt-cv-page\" data-cvc=\"1\"><div class=\"col-md-12 col-sm-12 col-xs-12 pt-cv-content-item pt-cv-1-col\" ><div class='pt-cv-ifield'><h4 class=\"pt-cv-title\"><a href=\"https:\/\/www.tvnovelas.com.br\/tvnews\/volta-por-cima-onibus-de-lindomar-passa-por-outro-acidente-tragico\/\" class=\"_self\" target=\"_self\" >Volta por Cima: \u00d4nibus de Lindomar passa por outro acidente tr\u00e1gico<\/a><\/h4><\/div><\/div>\n<div class=\"col-md-12 col-sm-12 col-xs-12 pt-cv-content-item pt-cv-1-col\" ><div class='pt-cv-ifield'><h4 class=\"pt-cv-title\"><a href=\"https:\/\/www.tvnovelas.com.br\/tvnews\/volta-por-cima-osmar-descobre-que-vivinha-preservou-sua-vida\/\" class=\"_self\" target=\"_self\" >Volta por Cima: Osmar descobre que Vivinha preservou sua vida<\/a><\/h4><\/div><\/div>\n<div class=\"col-md-12 col-sm-12 col-xs-12 pt-cv-content-item pt-cv-1-col\" ><div class='pt-cv-ifield'><h4 class=\"pt-cv-title\"><a href=\"https:\/\/www.tvnovelas.com.br\/tvnews\/volta-por-cima-jao-salva-a-vida-de-nando\/\" class=\"_self\" target=\"_self\" >Volta por Cima: J\u00e3o salva a vida de Nando<\/a><\/h4><\/div><\/div>\n<div class=\"col-md-12 col-sm-12 col-xs-12 pt-cv-content-item pt-cv-1-col\" ><div class='pt-cv-ifield'><h4 class=\"pt-cv-title\"><a href=\"https:\/\/www.tvnovelas.com.br\/tvnews\/volta-por-cima-saia-justa-osmar-chama-joyce-de-vivinha\/\" class=\"_self\" target=\"_self\" >Volta por Cima: Saia justa: Osmar chama Joyce de Vivinha&#8230;<\/a><\/h4><\/div><\/div>\n<div class=\"col-md-12 col-sm-12 col-xs-12 pt-cv-content-item pt-cv-1-col\" ><div class='pt-cv-ifield'><h4 class=\"pt-cv-title\"><a href=\"https:\/\/www.tvnovelas.com.br\/tvnews\/volta-por-cima-doralice-consegue-doador-de-coracao-para-transplante\/\" class=\"_self\" target=\"_self\" >Volta por Cima: Doralice consegue doador de cora\u00e7\u00e3o para transplante<\/a><\/h4><\/div><\/div>\n<div class=\"col-md-12 col-sm-12 col-xs-12 pt-cv-content-item pt-cv-1-col\" ><div class='pt-cv-ifield'><h4 class=\"pt-cv-title\"><a href=\"https:\/\/www.tvnovelas.com.br\/tvnews\/volta-por-cima-violeta-beija-marco-e-aparece-com-ele-na-frente-de-osmar\/\" class=\"_self\" target=\"_self\" >Volta por Cima: Violeta beija Marco e aparece com ele na frente de Osmar<\/a><\/h4><\/div><\/div><\/div><\/div><\/div>\r\n<p><strong style=\"font-size: 120%;\">\u00daltimas not\u00edcias deste site:<\/strong><\/p>\r\n<div class=\"pt-cv-wrapper\"><div class=\"pt-cv-view pt-cv-grid pt-cv-colsys\" id=\"pt-cv-view-90991035b3\"><div data-id=\"pt-cv-page-1\" class=\"pt-cv-page\" data-cvc=\"1\"><div class=\"col-md-12 col-sm-12 col-xs-12 pt-cv-content-item pt-cv-1-col\" ><div class='pt-cv-ifield'><h4 class=\"pt-cv-title\"><a href=\"https:\/\/www.tvnovelas.com.br\/tvnews\/coracao-de-mae-irmak-inicia-jogo-arriscado-contra-adnan\/\" class=\"_self\" target=\"_self\" >Cora\u00e7\u00e3o de M\u00e3e: Irmak inicia jogo arriscado contra Adnan<\/a><\/h4><\/div><\/div>\n<div class=\"col-md-12 col-sm-12 col-xs-12 pt-cv-content-item pt-cv-1-col\" ><div class='pt-cv-ifield'><h4 class=\"pt-cv-title\"><a href=\"https:\/\/www.tvnovelas.com.br\/tvnews\/guerra-das-rosas-omer-chama-gulru-vestida-de-noiva-para-fugir\/\" class=\"_self\" target=\"_self\" >Guerra das Rosas: Omer chama Gulru vestida de noiva para fugir<\/a><\/h4><\/div><\/div>\n<div class=\"col-md-12 col-sm-12 col-xs-12 pt-cv-content-item pt-cv-1-col\" ><div class='pt-cv-ifield'><h4 class=\"pt-cv-title\"><a href=\"https:\/\/www.tvnovelas.com.br\/tvnews\/coracao-de-mae-reha-sai-para-jantar-com-selvi\/\" class=\"_self\" target=\"_self\" >Cora\u00e7\u00e3o de M\u00e3e: Reha sai para jantar com Selvi<\/a><\/h4><\/div><\/div>\n<div class=\"col-md-12 col-sm-12 col-xs-12 pt-cv-content-item pt-cv-1-col\" ><div class='pt-cv-ifield'><h4 class=\"pt-cv-title\"><a href=\"https:\/\/www.tvnovelas.com.br\/tvnews\/coracao-acelerado-zila-se-preocupa-com-sua-situacao-apos-separacao\/\" class=\"_self\" target=\"_self\" >Cora\u00e7\u00e3o Acelerado: Zil\u00e1 se preocupa com sua situa\u00e7\u00e3o ap\u00f3s separa\u00e7\u00e3o<\/a><\/h4><\/div><\/div>\n<div class=\"col-md-12 col-sm-12 col-xs-12 pt-cv-content-item pt-cv-1-col\" ><div class='pt-cv-ifield'><h4 class=\"pt-cv-title\"><a href=\"https:\/\/www.tvnovelas.com.br\/tvnews\/a-nobreza-do-amor-tonho-nao-se-curva-diante-de-mirinho\/\" class=\"_self\" target=\"_self\" >A Nobreza do Amor: Tonho n\u00e3o se curva diante de Mirinho<\/a><\/h4><\/div><\/div>\n<div class=\"col-md-12 col-sm-12 col-xs-12 pt-cv-content-item pt-cv-1-col\" ><div class='pt-cv-ifield'><h4 class=\"pt-cv-title\"><a href=\"https:\/\/www.tvnovelas.com.br\/tvnews\/tres-gracas-arminda-surta-ao-confirmar-que-ferette-e-pai-de-raul\/\" class=\"_self\" target=\"_self\" >Tr\u00eas Gra\u00e7as:  Arminda surta ao confirmar que Ferette \u00e9 pai de Raul<\/a><\/h4><\/div><\/div>\n<div class=\"col-md-12 col-sm-12 col-xs-12 pt-cv-content-item pt-cv-1-col\" ><div class='pt-cv-ifield'><h4 class=\"pt-cv-title\"><a href=\"https:\/\/www.tvnovelas.com.br\/tvnews\/coracao-de-mae-atilla-confronta-hasan-e-exige-o-divorcio-de-lale\/\" class=\"_self\" target=\"_self\" >Cora\u00e7\u00e3o de M\u00e3e: Atilla confronta Hasan e exige o div\u00f3rcio de Lale<\/a><\/h4><\/div><\/div>\n<div class=\"col-md-12 col-sm-12 col-xs-12 pt-cv-content-item pt-cv-1-col\" ><div class='pt-cv-ifield'><h4 class=\"pt-cv-title\"><a href=\"https:\/\/www.tvnovelas.com.br\/tvnews\/guerra-das-rosas-gulfem-coloca-gulru-contra-a-parede\/\" class=\"_self\" target=\"_self\" >Guerra das Rosas: Gulfem coloca Gulru contra a parede<\/a><\/h4><\/div><\/div>\n<div class=\"col-md-12 col-sm-12 col-xs-12 pt-cv-content-item pt-cv-1-col\" ><div class='pt-cv-ifield'><h4 class=\"pt-cv-title\"><a href=\"https:\/\/www.tvnovelas.com.br\/tvnews\/coracao-de-mae-atilla-diz-a-lale-que-quer-o-divorcio\/\" class=\"_self\" target=\"_self\" >Cora\u00e7\u00e3o de M\u00e3e: Atilla diz a Lale que quer o div\u00f3rcio<\/a><\/h4><\/div><\/div>\n<div class=\"col-md-12 col-sm-12 col-xs-12 pt-cv-content-item pt-cv-1-col\" ><div class='pt-cv-ifield'><h4 class=\"pt-cv-title\"><a href=\"https:\/\/www.tvnovelas.com.br\/tvnews\/a-nobreza-do-amor-mirinho-garante-noivado-com-virginia-para-atrair-sogro-a-negocio\/\" class=\"_self\" target=\"_self\" >A Nobreza do Amor: Mirinho garante noivado com Virg\u00ednia para atrair sogro a neg\u00f3cio<\/a><\/h4><\/div><\/div><\/div><\/div><\/div>\r\n<h3>Confira tamb\u00e9m<\/h3>\r\n<p><a href=\"https:\/\/www.tvnovelas.com.br\/filmes\/\" target=\"_blank\" rel=\"noopener noreferrer\"><strong>Programa\u00e7\u00e3o de filmes na TV aberta<\/strong><\/a><\/p>\r\n<p><a href=\"https:\/\/caetenews.com.br\/semana\/filmes-da-globo-na-sessao-da-tarde-desta-semana\/\" target=\"_blank\" rel=\"noopener\"><strong>Confira os filmes da semana na Sess\u00e3o da Tarde<\/strong><\/a><\/p>\r\n<p><a href=\"https:\/\/www.tvnovelas.com.br\/novelas\/\"><strong>Confira os resumos da semana de todas novelas<\/strong><\/a><\/p><br \/>\n<a href=\"https:\/\/tvnovelas.com.br\/filmes\/filmes-na-tv-segunda\/\" target=\"_blank\" rel=\"noopener\">Confira a Progrma\u00e7\u00e3o de Filmes na TV aberta<\/a><br \/>\n<a href=\"https:\/\/pt.wikipedia.org\/wiki\/Volta_por_Cima_(telenovela)\" target=\"_blank\" rel=\"noopener\">Sobre Volta por Cima na Wikipedia<\/a><br \/>\n<a href=\"https:\/\/www.tvnovelas.com.br\/tvnews\/\" target=\"_blank\" rel=\"noopener\">\u00daltimas not\u00edcias das novelas<\/a><\/p>\n","protected":false},"excerpt":{"rendered":"<p>Volta por Cima na semana 10 a 15&#8230;. Osmar se irrita ao saber que ter\u00e1 que assinar um contrato de casamento com Violeta; Edson decide colocar seu nome nos documentos de J\u00e3o&#8230;<\/p>\n","protected":false},"author":1,"featured_media":72876,"comment_status":"closed","ping_status":"closed","sticky":false,"template":"","format":"standard","meta":{"_uf_show_specific_survey":0,"_uf_disable_surveys":false,"_jetpack_memberships_contains_paid_content":false,"footnotes":"","_wp_rev_ctl_limit":""},"categories":[807],"tags":[5,64,808],"class_list":["post-72875","post","type-post","status-publish","format-standard","has-post-thumbnail","hentry","category-volta-por-cima","tag-globo","tag-novelas","tag-volta-por-cima","wpcat-807-id"],"aioseo_notices":[],"jetpack_featured_media_url":"https:\/\/i0.wp.com\/www.tvnovelas.com.br\/tvnews\/wp-content\/uploads\/2025\/02\/10381a.jpg?fit=728%2C409&ssl=1","jetpack_shortlink":"https:\/\/wp.me\/pdP2BO-iXp","jetpack_sharing_enabled":true,"_links":{"self":[{"href":"https:\/\/www.tvnovelas.com.br\/tvnews\/wp-json\/wp\/v2\/posts\/72875","targetHints":{"allow":["GET"]}}],"collection":[{"href":"https:\/\/www.tvnovelas.com.br\/tvnews\/wp-json\/wp\/v2\/posts"}],"about":[{"href":"https:\/\/www.tvnovelas.com.br\/tvnews\/wp-json\/wp\/v2\/types\/post"}],"author":[{"embeddable":true,"href":"https:\/\/www.tvnovelas.com.br\/tvnews\/wp-json\/wp\/v2\/users\/1"}],"replies":[{"embeddable":true,"href":"https:\/\/www.tvnovelas.com.br\/tvnews\/wp-json\/wp\/v2\/comments?post=72875"}],"version-history":[{"count":3,"href":"https:\/\/www.tvnovelas.com.br\/tvnews\/wp-json\/wp\/v2\/posts\/72875\/revisions"}],"predecessor-version":[{"id":72953,"href":"https:\/\/www.tvnovelas.com.br\/tvnews\/wp-json\/wp\/v2\/posts\/72875\/revisions\/72953"}],"wp:featuredmedia":[{"embeddable":true,"href":"https:\/\/www.tvnovelas.com.br\/tvnews\/wp-json\/wp\/v2\/media\/72876"}],"wp:attachment":[{"href":"https:\/\/www.tvnovelas.com.br\/tvnews\/wp-json\/wp\/v2\/media?parent=72875"}],"wp:term":[{"taxonomy":"category","embeddable":true,"href":"https:\/\/www.tvnovelas.com.br\/tvnews\/wp-json\/wp\/v2\/categories?post=72875"},{"taxonomy":"post_tag","embeddable":true,"href":"https:\/\/www.tvnovelas.com.br\/tvnews\/wp-json\/wp\/v2\/tags?post=72875"}],"curies":[{"name":"wp","href":"https:\/\/api.w.org\/{rel}","templated":true}]}}