{"id":72926,"date":"2025-02-07T15:24:47","date_gmt":"2025-02-07T18:24:47","guid":{"rendered":"https:\/\/www.tvnovelas.com.br\/tvnews\/?p=72926"},"modified":"2025-02-07T15:24:47","modified_gmt":"2025-02-07T18:24:47","slug":"o-que-vem-em-a-caverna-encantada-na-semana-10-a-14-02","status":"publish","type":"post","link":"https:\/\/www.tvnovelas.com.br\/tvnews\/o-que-vem-em-a-caverna-encantada-na-semana-10-a-14-02\/","title":{"rendered":"O que vem em A Caverna Encantada na semana 10 a 14\/02"},"content":{"rendered":"<div style=\"background-color: #DDEB9D;\">\n<figure id=\"attachment_72927\" aria-describedby=\"caption-attachment-72927\" style=\"width: 728px\" class=\"wp-caption alignnone\"><img data-recalc-dims=\"1\" decoding=\"async\" src=\"https:\/\/i0.wp.com\/www.tvnovelas.com.br\/tvnews\/wp-content\/uploads\/2025\/02\/10393c.jpg?resize=728%2C410&#038;ssl=1\" title=\"(Foto: SBT\/Caverna Encantada)\" alt=\"Foto em Caverna Encantada na semana 10 a 14\" width=\"728\" height=\"410\" class=\"size-full wp-image-72927\" srcset=\"https:\/\/i0.wp.com\/www.tvnovelas.com.br\/tvnews\/wp-content\/uploads\/2025\/02\/10393c.jpg?w=728&amp;ssl=1 728w, https:\/\/i0.wp.com\/www.tvnovelas.com.br\/tvnews\/wp-content\/uploads\/2025\/02\/10393c.jpg?resize=250%2C141&amp;ssl=1 250w\" sizes=\"(max-width: 728px) 100vw, 728px\" \/><figcaption id=\"caption-attachment-72927\" class=\"wp-caption-text\">Caverna Encantada na semana 10 a 14&#8230;<\/figcaption><\/figure><\/p>\n<blockquote><p><strong style=\"color: #27445d;\">Nos pr\u00f3ximos cap\u00edtulos de A Caverna Encantada, <\/strong>Anna encontra uma foto da m\u00e3e com um mapa no verso; Anna percebe que sua m\u00e3e falecida deixou uma miss\u00e3o para ela, indicando um tesouro em um ponto do mapa; \u00darsula e Faf\u00e1 decidem ser amigas; Moleza assusta Lav\u00ednia mostrando que sabe falar&#8230;<\/p><\/blockquote>\n<\/div>\n<h2 style=\"color: #27445d;\">Resumo de segunda-feira, 10 de fevereiro<\/h2>\n<p>Felipe e Rui planejam vingan\u00e7a contra Lav\u00ednia depois que ela rasga o desenho das meninas feito para Gabriel. Elisa resolve dar uma chance para C\u00e9sar e sai para jantar com ele. As traquinagens entre Felipe e Lav\u00ednia acabam respingando em Pilar, que leva uma torta na cara. Um cachorro some do pet shop, e Shirley e Wanda querem descobrir quem foi o respons\u00e1vel.<\/p>\n<h2 style=\"color: #27445d;\">Resumo de ter\u00e7a-feira, 11 de fevereiro<\/h2>\n<p>Lav\u00ednia usa o Moleza para fazer com que Manu tropece e caia. Anna encontra uma foto da m\u00e3e com um mapa no verso e comenta com Tonico, tentando descobrir onde fica o lugar da fotografia. Gabriel pede para Felipe pedir desculpas a Pilar e Lav\u00ednia por aprontar com elas. Anna e Tonico encontram o lugar que estavam buscando.<br \/>\n<figure id=\"attachment_72928\" aria-describedby=\"caption-attachment-72928\" style=\"width: 728px\" class=\"wp-caption alignnone\"><img data-recalc-dims=\"1\" decoding=\"async\" src=\"https:\/\/i0.wp.com\/www.tvnovelas.com.br\/tvnews\/wp-content\/uploads\/2025\/02\/10393a.jpg?resize=728%2C410&#038;ssl=1\" title=\"(Foto: SBT\/Caverna Encantada)\" alt=\"Foto em Caverna Encantada na semana 10 a 14\" width=\"728\" height=\"410\" class=\"size-full wp-image-72928\" srcset=\"https:\/\/i0.wp.com\/www.tvnovelas.com.br\/tvnews\/wp-content\/uploads\/2025\/02\/10393a.jpg?w=728&amp;ssl=1 728w, https:\/\/i0.wp.com\/www.tvnovelas.com.br\/tvnews\/wp-content\/uploads\/2025\/02\/10393a.jpg?resize=250%2C141&amp;ssl=1 250w\" sizes=\"(max-width: 728px) 100vw, 728px\" \/><figcaption id=\"caption-attachment-72928\" class=\"wp-caption-text\">Caverna Encantada na semana 10 a 14&#8230;<\/figcaption><\/figure><\/p>\n<h2 style=\"color: #27445d;\">Resumo de quarta-feira, 12 de fevereiro<\/h2>\n<p>Anna percebe que sua m\u00e3e falecida deixou uma miss\u00e3o para ela, indicando um tesouro em um ponto do mapa. Anna encontra uma pedra m\u00e1gica enterrada. Betina admite \u00e0s detetives que foi ela quem pegou o cachorro para devolv\u00ea-lo aos donos. De volta ao col\u00e9gio, Anna quer usar o computador para pesquisar sobre a pedra, mas Norma pro\u00edbe. \u00darsula [Renata Br\u00e1s], uma mulher rica, se apresenta para Faf\u00e1, que nota a bolsa de grife dela, achando que Faf\u00e1 \u00e9 milion\u00e1ria.<\/p>\n<h2 style=\"color: #27445d;\">Resumo de quinta-feira, 13 de fevereiro<\/h2>\n<p>\u00darsula pede para os seguran\u00e7as retirarem Elisa de perto, sem saber que Faf\u00e1 \u00e9 a dona da Tenditudo. Shirley e Wanda estranham a amizade de \u00darsula e Faf\u00e1. Norma se veste com roupas gregas e aplica reformas no col\u00e9gio. Anna descobre que est\u00e1 faltando a outra metade da sua pedra m\u00e1gica. \u00darsula apresenta a Faf\u00e1 um amigo corretor de im\u00f3veis de luxo e diz para ela assinar um documento e comprar um apartamento; Shirley e Wanda impedem. \u00darsula descobre a verdadeira situa\u00e7\u00e3o financeira de Faf\u00e1. Norma dispensa o caf\u00e9 de Dalete. \u00darsula e Faf\u00e1 decidem ser amigas.<br \/>\n<figure id=\"attachment_72929\" aria-describedby=\"caption-attachment-72929\" style=\"width: 728px\" class=\"wp-caption alignnone\"><img data-recalc-dims=\"1\" decoding=\"async\" src=\"https:\/\/i0.wp.com\/www.tvnovelas.com.br\/tvnews\/wp-content\/uploads\/2025\/02\/10393b.jpg?resize=728%2C410&#038;ssl=1\" title=\"(Foto: SBT\/Caverna Encantada)\" alt=\"Foto em Caverna Encantada na semana 10 a 14\" width=\"728\" height=\"410\" class=\"size-full wp-image-72929\" srcset=\"https:\/\/i0.wp.com\/www.tvnovelas.com.br\/tvnews\/wp-content\/uploads\/2025\/02\/10393b.jpg?w=728&amp;ssl=1 728w, https:\/\/i0.wp.com\/www.tvnovelas.com.br\/tvnews\/wp-content\/uploads\/2025\/02\/10393b.jpg?resize=250%2C141&amp;ssl=1 250w\" sizes=\"(max-width: 728px) 100vw, 728px\" \/><figcaption id=\"caption-attachment-72929\" class=\"wp-caption-text\">Caverna Encantada na semana 10 a 14<\/figcaption><\/figure><\/p>\n<h2 style=\"color: #27445d;\">Resumo de sexta-feira, 14 de fevereiro<\/h2>\n<p>Dalete estranha Norma n\u00e3o gostar mais de suas receitas. \u00darsula fica sabendo que Faf\u00e1 est\u00e1 tentando ser atriz e a apresenta a Rebeca Abravanel. Anna esconde a pedra m\u00e1gica no Moleza, e Lav\u00ednia observa. Os  Pequenotts s\u00e3o amarrados para n\u00e3o entrarem na caverna. Moleza assusta Lav\u00ednia mostrando que sabe falar. Elisa investiga o que as meninas est\u00e3o aprontando.<br \/>\n<!--FIM--><\/p>\n<div class=\"fb-comments\" data-width=\"100%\" data-order-by=\"reverse_time\" data-numposts=\"5\"><\/div>\n<p><strong style=\"font-size: 120%;\">\u00daltimas not\u00edcias deste canal:<\/strong>\r\n<div class=\"pt-cv-wrapper\"><div class=\"pt-cv-view pt-cv-grid pt-cv-colsys\" id=\"pt-cv-view-90991035b3\"><div data-id=\"pt-cv-page-1\" class=\"pt-cv-page\" data-cvc=\"1\"><div class=\"col-md-12 col-sm-12 col-xs-12 pt-cv-content-item pt-cv-1-col\" ><div class='pt-cv-ifield'><h4 class=\"pt-cv-title\"><a href=\"https:\/\/www.tvnovelas.com.br\/tvnews\/coracao-de-mae-atilla-confronta-hasan-e-exige-o-divorcio-de-lale\/\" class=\"_self\" target=\"_self\" >Cora\u00e7\u00e3o de M\u00e3e: Atilla confronta Hasan e exige o div\u00f3rcio de Lale<\/a><\/h4><\/div><\/div>\n<div class=\"col-md-12 col-sm-12 col-xs-12 pt-cv-content-item pt-cv-1-col\" ><div class='pt-cv-ifield'><h4 class=\"pt-cv-title\"><a href=\"https:\/\/www.tvnovelas.com.br\/tvnews\/guerra-das-rosas-gulfem-coloca-gulru-contra-a-parede\/\" class=\"_self\" target=\"_self\" >Guerra das Rosas: Gulfem coloca Gulru contra a parede<\/a><\/h4><\/div><\/div>\n<div class=\"col-md-12 col-sm-12 col-xs-12 pt-cv-content-item pt-cv-1-col\" ><div class='pt-cv-ifield'><h4 class=\"pt-cv-title\"><a href=\"https:\/\/www.tvnovelas.com.br\/tvnews\/coracao-de-mae-atilla-diz-a-lale-que-quer-o-divorcio\/\" class=\"_self\" target=\"_self\" >Cora\u00e7\u00e3o de M\u00e3e: Atilla diz a Lale que quer o div\u00f3rcio<\/a><\/h4><\/div><\/div>\n<div class=\"col-md-12 col-sm-12 col-xs-12 pt-cv-content-item pt-cv-1-col\" ><div class='pt-cv-ifield'><h4 class=\"pt-cv-title\"><a href=\"https:\/\/www.tvnovelas.com.br\/tvnews\/a-nobreza-do-amor-mirinho-garante-noivado-com-virginia-para-atrair-sogro-a-negocio\/\" class=\"_self\" target=\"_self\" >A Nobreza do Amor: Mirinho garante noivado com Virg\u00ednia para atrair sogro a neg\u00f3cio<\/a><\/h4><\/div><\/div>\n<div class=\"col-md-12 col-sm-12 col-xs-12 pt-cv-content-item pt-cv-1-col\" ><div class='pt-cv-ifield'><h4 class=\"pt-cv-title\"><a href=\"https:\/\/www.tvnovelas.com.br\/tvnews\/tres-gracas-joaquim-propoe-fuga-a-arminda-com-o-dinheiro-das-tres-gracas\/\" class=\"_self\" target=\"_self\" >Tr\u00eas Gra\u00e7as:  Joaquim prop\u00f5e fuga a Arminda com o dinheiro das Tr\u00eas Gra\u00e7as<\/a><\/h4><\/div><\/div>\n<div class=\"col-md-12 col-sm-12 col-xs-12 pt-cv-content-item pt-cv-1-col\" ><div class='pt-cv-ifield'><h4 class=\"pt-cv-title\"><a href=\"https:\/\/www.tvnovelas.com.br\/tvnews\/coracao-de-mae-atilla-decide-abrir-o-jogo-com-karsu\/\" class=\"_self\" target=\"_self\" >Cora\u00e7\u00e3o de M\u00e3e: Atilla decide abrir o jogo com Karsu<\/a><\/h4><\/div><\/div>\n<div class=\"col-md-12 col-sm-12 col-xs-12 pt-cv-content-item pt-cv-1-col\" ><div class='pt-cv-ifield'><h4 class=\"pt-cv-title\"><a href=\"https:\/\/www.tvnovelas.com.br\/tvnews\/coracao-de-mae-adnan-e-preso-apos-denuncia-de-irmak\/\" class=\"_self\" target=\"_self\" >Em Cora\u00e7\u00e3o de M\u00e3e: Adnan \u00e9 preso ap\u00f3s denuncia de Irmak<\/a><\/h4><\/div><\/div>\n<div class=\"col-md-12 col-sm-12 col-xs-12 pt-cv-content-item pt-cv-1-col\" ><div class='pt-cv-ifield'><h4 class=\"pt-cv-title\"><a href=\"https:\/\/www.tvnovelas.com.br\/tvnews\/coracao-de-mae-atilla-forca-karsu-a-ouvir-suas-explicacoes\/\" class=\"_self\" target=\"_self\" >Cora\u00e7\u00e3o de M\u00e3e: Atilla for\u00e7a Karsu a ouvir suas explica\u00e7\u00f5es<\/a><\/h4><\/div><\/div>\n<div class=\"col-md-12 col-sm-12 col-xs-12 pt-cv-content-item pt-cv-1-col\" ><div class='pt-cv-ifield'><h4 class=\"pt-cv-title\"><a href=\"https:\/\/www.tvnovelas.com.br\/tvnews\/coracao-acelerado-mulher-choca-janete-ao-se-apresentar-como-amante-do-palhares\/\" class=\"_self\" target=\"_self\" >Cora\u00e7\u00e3o Acelerado: Mulher choca Janete ao se apresentar como amante do Palhares<\/a><\/h4><\/div><\/div>\n<div class=\"col-md-12 col-sm-12 col-xs-12 pt-cv-content-item pt-cv-1-col\" ><div class='pt-cv-ifield'><h4 class=\"pt-cv-title\"><a href=\"https:\/\/www.tvnovelas.com.br\/tvnews\/a-nobreza-do-amor-jendal-dobra-a-recompensa-por-alika\/\" class=\"_self\" target=\"_self\" >A Nobreza do Amor: Jendal dobra a recompensa por Alika<\/a><\/h4><\/div><\/div><\/div><\/div><\/div>\r\n<a href=\"https:\/\/www.tvnovelas.com.br\/novelas\/\"><strong>Confira os resumos da semana de todas novelas<\/strong><\/a><\/br>\r\n<h3>Confira tamb\u00e9m<\/h3>\r\n<a href=\"https:\/\/www.tvnovelas.com.br\/filmes\/\" target=\"_blank\" rel=\"noopener noreferrer\"><strong>Programa\u00e7\u00e3o de filmes na TV aberta<\/strong><\/a><\/br>\r\n<a href=\"https:\/\/caetenews.com.br\/semana\/filmes-da-globo-na-sessao-da-tarde-desta-semana\/\" target=\"_blank\" rel=\"noopener\"><strong>Confira os filmes da semana na Sess\u00e3o da Tarde<\/strong><\/a><\/br>\r\n<a href=\"https:\/\/www.tvnovelas.com.br\/novelas\/\" target=\"_blank\" rel=\"noopener noreferrer\"><strong>Resumos de novelas<\/strong><\/a><\/br>\r\n<a href=\"https:\/\/tvnovelas.com.br\/news\/mundo\/\" rel=\"noopener\" target=\"_blank\"><strong>News: Turismo, Cultura, Lazer e Entretenimento<\/strong><\/a><br \/>\n<a href=\"https:\/\/tvnovelas.com.br\/novelas\/resumos-de-a-caverna-encantada\/\">Confira os resumos da semana de &#8216;A Caverna Encantada&#8217;<\/a><br \/>\n<a href=\"https:\/\/pt.wikipedia.org\/wiki\/A_Caverna_Encantada\" target=\"_blank\" rel=\"noopener\">Sobre A Caverna Encantada na Wikipedia<\/a><br \/>\n<a href=\"https:\/\/www.facebook.com\/tevenovelas\/\">\u00daltimas not\u00edcias do TV Novelas no Facebook<\/a><br \/>\n<a href=\"https:\/\/www.tvnovelas.com.br\/tvnews\/\" rel=\"noopener\" target=\"_blank\">As \u00faltimas not\u00edcias das novelas<\/a><\/p>\n","protected":false},"excerpt":{"rendered":"<p>Caverna Encantada na semana 10 a 14&#8230; Anna encontra uma foto da m\u00e3e com um mapa no verso; Anna percebe que sua m\u00e3e  deixou uma miss\u00e3o&#8230;<\/p>\n","protected":false},"author":1,"featured_media":72927,"comment_status":"closed","ping_status":"closed","sticky":false,"template":"","format":"standard","meta":{"_uf_show_specific_survey":0,"_uf_disable_surveys":false,"_jetpack_memberships_contains_paid_content":false,"footnotes":"","_wp_rev_ctl_limit":""},"categories":[766],"tags":[767,5,64],"class_list":["post-72926","post","type-post","status-publish","format-standard","has-post-thumbnail","hentry","category-a-caverna-encantada","tag-a-caverna-encantada","tag-globo","tag-novelas","wpcat-766-id"],"aioseo_notices":[],"jetpack_featured_media_url":"https:\/\/i0.wp.com\/www.tvnovelas.com.br\/tvnews\/wp-content\/uploads\/2025\/02\/10393c.jpg?fit=728%2C410&ssl=1","jetpack_shortlink":"https:\/\/wp.me\/pdP2BO-iYe","jetpack_sharing_enabled":true,"_links":{"self":[{"href":"https:\/\/www.tvnovelas.com.br\/tvnews\/wp-json\/wp\/v2\/posts\/72926","targetHints":{"allow":["GET"]}}],"collection":[{"href":"https:\/\/www.tvnovelas.com.br\/tvnews\/wp-json\/wp\/v2\/posts"}],"about":[{"href":"https:\/\/www.tvnovelas.com.br\/tvnews\/wp-json\/wp\/v2\/types\/post"}],"author":[{"embeddable":true,"href":"https:\/\/www.tvnovelas.com.br\/tvnews\/wp-json\/wp\/v2\/users\/1"}],"replies":[{"embeddable":true,"href":"https:\/\/www.tvnovelas.com.br\/tvnews\/wp-json\/wp\/v2\/comments?post=72926"}],"version-history":[{"count":1,"href":"https:\/\/www.tvnovelas.com.br\/tvnews\/wp-json\/wp\/v2\/posts\/72926\/revisions"}],"predecessor-version":[{"id":72930,"href":"https:\/\/www.tvnovelas.com.br\/tvnews\/wp-json\/wp\/v2\/posts\/72926\/revisions\/72930"}],"wp:featuredmedia":[{"embeddable":true,"href":"https:\/\/www.tvnovelas.com.br\/tvnews\/wp-json\/wp\/v2\/media\/72927"}],"wp:attachment":[{"href":"https:\/\/www.tvnovelas.com.br\/tvnews\/wp-json\/wp\/v2\/media?parent=72926"}],"wp:term":[{"taxonomy":"category","embeddable":true,"href":"https:\/\/www.tvnovelas.com.br\/tvnews\/wp-json\/wp\/v2\/categories?post=72926"},{"taxonomy":"post_tag","embeddable":true,"href":"https:\/\/www.tvnovelas.com.br\/tvnews\/wp-json\/wp\/v2\/tags?post=72926"}],"curies":[{"name":"wp","href":"https:\/\/api.w.org\/{rel}","templated":true}]}}