{"id":72957,"date":"2025-02-08T20:20:23","date_gmt":"2025-02-08T23:20:23","guid":{"rendered":"https:\/\/www.tvnovelas.com.br\/tvnews\/?p=72957"},"modified":"2025-02-08T20:20:23","modified_gmt":"2025-02-08T23:20:23","slug":"caras-bocas-chega-ao-viva-em-marco","status":"publish","type":"post","link":"https:\/\/www.tvnovelas.com.br\/tvnews\/caras-bocas-chega-ao-viva-em-marco\/","title":{"rendered":"Caras &#038; Bocas\u201d  chega ao Viva em mar\u00e7o"},"content":{"rendered":"<figure id=\"attachment_72961\" aria-describedby=\"caption-attachment-72961\" style=\"width: 728px\" class=\"wp-caption alignnone\"><img data-recalc-dims=\"1\" decoding=\"async\" class=\"wp-image-72961 size-full\" title=\" (Foto: Rede Globo \/ Bob Paulino)\" src=\"https:\/\/i0.wp.com\/www.tvnovelas.com.br\/tvnews\/wp-content\/uploads\/2025\/02\/10399.jpg?resize=728%2C450&#038;ssl=1\" alt=\"Foto em Caras &amp; Bocas\u201d chega ao Viva\" width=\"728\" height=\"450\" srcset=\"https:\/\/i0.wp.com\/www.tvnovelas.com.br\/tvnews\/wp-content\/uploads\/2025\/02\/10399.jpg?w=728&amp;ssl=1 728w, https:\/\/i0.wp.com\/www.tvnovelas.com.br\/tvnews\/wp-content\/uploads\/2025\/02\/10399.jpg?resize=250%2C155&amp;ssl=1 250w, https:\/\/i0.wp.com\/www.tvnovelas.com.br\/tvnews\/wp-content\/uploads\/2025\/02\/10399.jpg?resize=200%2C125&amp;ssl=1 200w\" sizes=\"(max-width: 728px) 100vw, 728px\" \/><figcaption id=\"caption-attachment-72961\" class=\"wp-caption-text\">Fl\u00e1via Alessandra \u00e9 Dafne em &#8216;Caras e Bocas&#8221;<\/figcaption><\/figure>\n<p>A novela \u201cCaras; Bocas&#8221; estreia no Viva, em 3 de mar\u00e7o, \u00e0s 15h15, no lugar de \u201cCobras; Lagartos\u201d. A novela de Walcyr Carrasco e Claudia Souto, em colabora\u00e7\u00e3o com Andr\u00e9 Ryoki, com dire\u00e7\u00e3o de n\u00facleo e geral de Jorge Fernando, conta a hist\u00f3ria de amor de Dafne (Fl\u00e1via Alessandra) e Gabriel (Malvino Salvador).<\/p>\n<p>O casal viveu uma paix\u00e3o avassaladora na juventude, mas foi separado por um plano de Jacques (Ary Fontoura), av\u00f4 milion\u00e1rio de Dafne, e sua enteada Judith (Nathalia Schneider\/Deborah Evelyn). Antes da separa\u00e7\u00e3o, Dafne engravida e cria a filha Bianca (Isabelle Drummond) sem a participa\u00e7\u00e3o do pai. Anos depois, em uma batida de carro, o casal se reencontra e revive a paix\u00e3o.<\/p>\n<p>Com as artes pl\u00e1sticas como pano de fundo, a novela ambientada em S\u00e3o Paulo apresenta personagens divertidos e bem-humorados. Na trama, o artista pl\u00e1stico Denis (Marcos Pasquim) \u00e9 descoberto pela curadora Simone (Ingrid Guimar\u00e3es) e come\u00e7a a se destacar no mercado das artes. O que ningu\u00e9m contava \u00e9 que as telas s\u00e3o pintadas pelo chimpanz\u00e9 Xico, acolhido por Denis ap\u00f3s escapar do circo. O tri\u00e2ngulo amoroso com jeito de gato e rato de Fabiano (F\u00e1bio Lago), Ivonete (Suzana Pires) e Adenor (Otaviano Costa) foi sucesso com o p\u00fablico.<\/p>\n<p>O elenco de \u201cCaras &amp; Bocas\u201d inclui Ana L\u00facia Torre, Ary Fontoura, Bete Mendes, Carmen Ver\u00f4nica, Deborah Evelyn, Dhu Moraes, Elizabeth Savala, F\u00e1bio Lago, Fl\u00e1via Alessandra, Fulvio Stefanini, Henri Castelli, Ingrid Guimar\u00e3es, Isabelle Drummond, Jaime Leibovitch, Klebber Toledo, Malvino Salvador, Marco Pigossi, Marcos Pasquim, Maria Clara Gueiros, Otaviano Costa, Rafael Zulu, Sheron Menezes, Sophie Charlotte, entre outros.<\/p>\n<p>Exibida entre 2009 e 2010, a trama foi escrita por Walcyr Carrasco e Claudia Souto, em colabora\u00e7\u00e3o com Andr\u00e9 Ryoki. A dire\u00e7\u00e3o de n\u00facleo e geral foi Jorge Fernando e a dire\u00e7\u00e3o de Ary Coslov, Marcelo Zambelli e Maria de M\u00e9dicis.<\/p>\n<p>\u201cCaras &amp; Bocas\u201d estreia no VIVA no dia 3 de mar\u00e7o e ser\u00e1 exibida de segunda a s\u00e1bado, a partir das 15h15 e das 23h45, com maratona aos domingos, a partir das 14h15.<\/p>\n<h3>Coment\u00e1riosn<\/h3>\n<div class=\"fb-comments\" data-width=\"100%\" data-order-by=\"reverse_time\" data-numposts=\"5\"><\/div>\n<p><a href=\"https:\/\/www.facebook.com\/tevenovelas\/\">\u00daltimas not\u00edcias do TV Novelas no Facebook<\/a><br \/>\n<a href=\"https:\/\/tvnovelas.com.br\/novelas\/\">Resumos de todas as novelas<\/a><\/p>\n","protected":false},"excerpt":{"rendered":"<p>Caras &#038; Bocas\u201d  chega ao Viva&#8230;<\/p>\n","protected":false},"author":1,"featured_media":72961,"comment_status":"closed","ping_status":"closed","sticky":false,"template":"","format":"standard","meta":{"_uf_show_specific_survey":0,"_uf_disable_surveys":false,"_jetpack_memberships_contains_paid_content":false,"footnotes":"","_wp_rev_ctl_limit":""},"categories":[236,782],"tags":[857,5,64,310],"class_list":["post-72957","post","type-post","status-publish","format-standard","has-post-thumbnail","hentry","category-globo","category-viva","tag-caras-bocas","tag-globo","tag-novelas","tag-viva","wpcat-236-id","wpcat-782-id"],"aioseo_notices":[],"jetpack_featured_media_url":"https:\/\/i0.wp.com\/www.tvnovelas.com.br\/tvnews\/wp-content\/uploads\/2025\/02\/10399.jpg?fit=728%2C450&ssl=1","jetpack_shortlink":"https:\/\/wp.me\/pdP2BO-iYJ","jetpack_sharing_enabled":true,"_links":{"self":[{"href":"https:\/\/www.tvnovelas.com.br\/tvnews\/wp-json\/wp\/v2\/posts\/72957","targetHints":{"allow":["GET"]}}],"collection":[{"href":"https:\/\/www.tvnovelas.com.br\/tvnews\/wp-json\/wp\/v2\/posts"}],"about":[{"href":"https:\/\/www.tvnovelas.com.br\/tvnews\/wp-json\/wp\/v2\/types\/post"}],"author":[{"embeddable":true,"href":"https:\/\/www.tvnovelas.com.br\/tvnews\/wp-json\/wp\/v2\/users\/1"}],"replies":[{"embeddable":true,"href":"https:\/\/www.tvnovelas.com.br\/tvnews\/wp-json\/wp\/v2\/comments?post=72957"}],"version-history":[{"count":5,"href":"https:\/\/www.tvnovelas.com.br\/tvnews\/wp-json\/wp\/v2\/posts\/72957\/revisions"}],"predecessor-version":[{"id":72964,"href":"https:\/\/www.tvnovelas.com.br\/tvnews\/wp-json\/wp\/v2\/posts\/72957\/revisions\/72964"}],"wp:featuredmedia":[{"embeddable":true,"href":"https:\/\/www.tvnovelas.com.br\/tvnews\/wp-json\/wp\/v2\/media\/72961"}],"wp:attachment":[{"href":"https:\/\/www.tvnovelas.com.br\/tvnews\/wp-json\/wp\/v2\/media?parent=72957"}],"wp:term":[{"taxonomy":"category","embeddable":true,"href":"https:\/\/www.tvnovelas.com.br\/tvnews\/wp-json\/wp\/v2\/categories?post=72957"},{"taxonomy":"post_tag","embeddable":true,"href":"https:\/\/www.tvnovelas.com.br\/tvnews\/wp-json\/wp\/v2\/tags?post=72957"}],"curies":[{"name":"wp","href":"https:\/\/api.w.org\/{rel}","templated":true}]}}