{"id":72983,"date":"2025-02-09T11:37:25","date_gmt":"2025-02-09T14:37:25","guid":{"rendered":"https:\/\/www.tvnovelas.com.br\/tvnews\/?p=72983"},"modified":"2025-02-09T15:12:59","modified_gmt":"2025-02-09T18:12:59","slug":"mania-de-voce-luma-jura-vinganca-contra-mercia","status":"publish","type":"post","link":"https:\/\/www.tvnovelas.com.br\/tvnews\/mania-de-voce-luma-jura-vinganca-contra-mercia\/","title":{"rendered":"Mania de Voc\u00ea: Luma jura vingan\u00e7a contra M\u00e9rcia"},"content":{"rendered":"<figure id=\"attachment_72984\" aria-describedby=\"caption-attachment-72984\" style=\"width: 728px\" class=\"wp-caption alignnone\"><img data-recalc-dims=\"1\" decoding=\"async\" class=\"wp-image-72984 size-full\" title=\"(Foto: TV Globo\/Mania de Voc\u00ea)\" src=\"https:\/\/i0.wp.com\/www.tvnovelas.com.br\/tvnews\/wp-content\/uploads\/2025\/02\/10406.jpg?resize=728%2C410&#038;ssl=1\" alt=\"Foto em Mania de Voc\u00ea: Luma jura vingan\u00e7a\" width=\"728\" height=\"410\" srcset=\"https:\/\/i0.wp.com\/www.tvnovelas.com.br\/tvnews\/wp-content\/uploads\/2025\/02\/10406.jpg?w=728&amp;ssl=1 728w, https:\/\/i0.wp.com\/www.tvnovelas.com.br\/tvnews\/wp-content\/uploads\/2025\/02\/10406.jpg?resize=250%2C141&amp;ssl=1 250w\" sizes=\"(max-width: 728px) 100vw, 728px\" \/><figcaption id=\"caption-attachment-72984\" class=\"wp-caption-text\">Mania de Voc\u00ea: Luma jura vingan\u00e7a&#8230;<\/figcaption><\/figure>\n<p>Em Mania de Voc\u00ea, Luma (Agatha Moreira) foi pega de surpresa com a not\u00edcia de que o acordo selado por M\u00e9rcia (Adriana Esteves) com um grupo chamado Eyer daria \u00e0 empresa europeia 90% das a\u00e7\u00f5es do resort. Com exce\u00e7\u00e3o da m\u00e3e de Mavi (Chay Suede) nenhum dos presentes na reuni\u00e3o sabe de que, na verdade, quem est\u00e1 por tr\u00e1s de tudo \u00e9 Molina (Rodrigo Lombardi).<\/p>\n<p>Dado como morto h\u00e1 mais de dez anos, o vil\u00e3o assumiu o nome de Julius Eyer e finge ser um empres\u00e1rio europeu. Mas Luma (Agatha Moreira) n\u00e3o ir\u00e1 receber nada bem a not\u00edcia da fus\u00e3o.<\/p>\n<p>\u201cN\u00e3o, qu\u00ea isso, que absurdo \u00e9 esse, M\u00e9rcia? Voc\u00ea n\u00e3o pode dar de bandeja pros su\u00ed\u00e7os a empresa constru\u00edda pelo Mavi com o meu dinheiro!\u201d, contestar\u00e1 Luma, revoltada.<\/p>\n<p>\u201cLuma, o grupo Eyer vai fazer uma grande inje\u00e7\u00e3o de capital na empresa, que pode levar o Albacoa inclusive a ter filiais em Miami, na costa amalfitana, Riviera Francesa, Bali, Seychelles, e por a\u00ed vai! (&#8230;) Eu sei que a porcentagem de voc\u00eas parece pequena, mas os dividendos ser\u00e3o ainda maiores em valores totais que quando voc\u00eas eram s\u00f3cios majorit\u00e1rios!\u201d<\/p>\n<p>Como M\u00e9rcia \u00e9 CEO, Luma n\u00e3o ter\u00e1 como contestar, por\u00e9m, acionar\u00e1 Mavi no mesmo momento. Mesmo sabendo que \u00e9 chantageado pela m\u00e3e, o vil\u00e3o a questionar\u00e1.<\/p>\n<p>\u201cA obra da minha vida, M\u00e9rcia\u201d, dir\u00e1 ele, arrasado.]<\/p>\n<p>\u201cOlha pelo lado bom, Mavi, os lucros v\u00e3o jorrar na conta de voc\u00eas\u201d, rebater\u00e1 ela.<\/p>\n<p>Sabendo que n\u00e3o pode bater de frente com a m\u00e3e, Mavi recuar\u00e1, mas Luma ir\u00e1 confrontar a sogra ap\u00f3s a assinatura do contrato.<\/p>\n<p>\u201cIsso n\u00e3o vai ficar assim, M\u00e9rcia, voc\u00ea n\u00e3o vai comemorar por muito tempo!\u201d, prometer\u00e1 ela.<br \/>\n<!--FIM DO POST--><\/p>\n<div class=\"fb-comments\" data-width=\"100%\" data-order-by=\"reverse_time\" data-numposts=\"5\"><\/div>\n<h2>Mais:<\/h2>\r\n<p><a href=\"https:\/\/tvnovelas.com.br\/novelas\/resumos-de-mania-de-voce\/\" target=\"_blank\" rel=\"noopener\">Confira os resumos da semana de 'Mania de Voc\u00ea'<\/a><\/p>\r\n<p><a href=\"https:\/\/wp.me\/pfspD2-RR\" target=\"_blank\" rel=\"noopener\">Mania de Voc\u00ea: de paix\u00e3o e de poder<\/a> (Sinopse)<\/p>\r\n<p><a href=\"https:\/\/pt.wikipedia.org\/wiki\/Mania_de_Voc%C3%AA_(telenovela)\" target=\"_blank\" rel=\"noopener\">Sobre Mania de Voc\u00ea, na Wikipedia<\/a><\/p>\r\n<a href=\"https:\/\/tvnovelas.com.br\/novelas\/\" target=\"_blank\" rel=\"noopener\">Resumos de todas as novelas<\/a>\r\n<p><strong style=\"font-size: 120%;\">\u00daltimas not\u00edcias de 'Mania de Voc\u00ea:<\/strong><\/p>\r\n<div class=\"pt-cv-wrapper\"><div class=\"pt-cv-view pt-cv-grid pt-cv-colsys\" id=\"pt-cv-view-b5279c1ien\"><div data-id=\"pt-cv-page-1\" class=\"pt-cv-page\" data-cvc=\"1\"><div class=\"col-md-12 col-sm-12 col-xs-12 pt-cv-content-item pt-cv-1-col\" ><div class='pt-cv-ifield'><h4 class=\"pt-cv-title\"><a href=\"https:\/\/www.tvnovelas.com.br\/tvnews\/mania-de-voce-leidi-visita-isis-na-cadeia-e-revela-nova-profissao\/\" class=\"_self\" target=\"_self\" >Mania de Voc\u00ea: Leidi visita \u00cdsis na cadeia e revela nova &#8216;profiss\u00e3o&#8217;<\/a><\/h4><\/div><\/div>\n<div class=\"col-md-12 col-sm-12 col-xs-12 pt-cv-content-item pt-cv-1-col\" ><div class='pt-cv-ifield'><h4 class=\"pt-cv-title\"><a href=\"https:\/\/www.tvnovelas.com.br\/tvnews\/mania-de-voce-mercia-fica-trancada-no-cofre-e-sem-o-quadro-valioso\/\" class=\"_self\" target=\"_self\" >Mania de Voc\u00ea: M\u00e9rcia fica trancada no cofre e sem o quadro valioso<\/a><\/h4><\/div><\/div>\n<div class=\"col-md-12 col-sm-12 col-xs-12 pt-cv-content-item pt-cv-1-col\" ><div class='pt-cv-ifield'><h4 class=\"pt-cv-title\"><a href=\"https:\/\/www.tvnovelas.com.br\/tvnews\/mania-de-voce-luma-nao-trai-mavi-e-e-ameacada-de-morte-por-molina\/\" class=\"_self\" target=\"_self\" >Mania de Voc\u00ea: Luma n\u00e3o trai Mavi e \u00e9 amea\u00e7ada de morte por Molina<\/a><\/h4><\/div><\/div>\n<div class=\"col-md-12 col-sm-12 col-xs-12 pt-cv-content-item pt-cv-1-col\" ><div class='pt-cv-ifield'><h4 class=\"pt-cv-title\"><a href=\"https:\/\/www.tvnovelas.com.br\/tvnews\/mania-de-voce-mavi-luma-e-molina-firmam-fazem-pacto-contra-mercia\/\" class=\"_self\" target=\"_self\" >Mania de Voc\u00ea: Mavi, Luma e Molina firmam pacto contra M\u00e9rcia<\/a><\/h4><\/div><\/div>\n<div class=\"col-md-12 col-sm-12 col-xs-12 pt-cv-content-item pt-cv-1-col\" ><div class='pt-cv-ifield'><h4 class=\"pt-cv-title\"><a href=\"https:\/\/www.tvnovelas.com.br\/tvnews\/mania-de-voce-mercia-consegue-ter-luma-e-mavi-na-ilha-dos-corvos\/\" class=\"_self\" target=\"_self\" >Mania de Voc\u00ea: M\u00e9rcia consegue ter Luma e Mavi na Ilha dos Corvos<\/a><\/h4><\/div><\/div>\n<div class=\"col-md-12 col-sm-12 col-xs-12 pt-cv-content-item pt-cv-1-col\" ><div class='pt-cv-ifield'><h4 class=\"pt-cv-title\"><a href=\"https:\/\/www.tvnovelas.com.br\/tvnews\/mania-de-voce-isis-e-presa-apos-cair-em-armadilha-de-leidi\/\" class=\"_self\" target=\"_self\" >Mania de Voc\u00ea: \u00cdsis \u00e9 presa ap\u00f3s cair em armadilha de Leidi<\/a><\/h4><\/div><\/div>\n<div class=\"col-md-12 col-sm-12 col-xs-12 pt-cv-content-item pt-cv-1-col\" ><div class='pt-cv-ifield'><h4 class=\"pt-cv-title\"><a href=\"https:\/\/www.tvnovelas.com.br\/tvnews\/mania-de-voce-mercia-resgata-molina-e-revela-plano\/\" class=\"_self\" target=\"_self\" >Mania de Voc\u00ea: M\u00e9rcia resgata Molina e revela plano<\/a><\/h4><\/div><\/div>\n<div class=\"col-md-12 col-sm-12 col-xs-12 pt-cv-content-item pt-cv-1-col\" ><div class='pt-cv-ifield'><h4 class=\"pt-cv-title\"><a href=\"https:\/\/www.tvnovelas.com.br\/tvnews\/mania-de-voce-isis-invade-mansao-para-matar-berta\/\" class=\"_self\" target=\"_self\" >Mania de Voc\u00ea: \u00cdsis invade mans\u00e3o para matar Berta<\/a><\/h4><\/div><\/div>\n<div class=\"col-md-12 col-sm-12 col-xs-12 pt-cv-content-item pt-cv-1-col\" ><div class='pt-cv-ifield'><h4 class=\"pt-cv-title\"><a href=\"https:\/\/www.tvnovelas.com.br\/tvnews\/acontece-em-mania-de-voce-na-reta-final\/\" class=\"_self\" target=\"_self\" >Acontece em Mania de Voc\u00ea na reta final<\/a><\/h4><\/div><\/div>\n<div class=\"col-md-12 col-sm-12 col-xs-12 pt-cv-content-item pt-cv-1-col\" ><div class='pt-cv-ifield'><h4 class=\"pt-cv-title\"><a href=\"https:\/\/www.tvnovelas.com.br\/tvnews\/mania-de-voce-rebeca-ajuda-mafia-a-armar-cilada-para-molina\/\" class=\"_self\" target=\"_self\" >Mania de Voc\u00ea: Rebeca ajuda m\u00e1fia a armar cilada para Molina<\/a><\/h4><\/div><\/div><\/div><\/div><\/div>\r\n<p><strong style=\"font-size: 120%;\">\u00daltimas not\u00edcias deste site:<\/strong><\/p>\r\n<div class=\"pt-cv-wrapper\"><div class=\"pt-cv-view pt-cv-grid pt-cv-colsys\" id=\"pt-cv-view-90991035b3\"><div data-id=\"pt-cv-page-1\" class=\"pt-cv-page\" data-cvc=\"1\"><div class=\"col-md-12 col-sm-12 col-xs-12 pt-cv-content-item pt-cv-1-col\" ><div class='pt-cv-ifield'><h4 class=\"pt-cv-title\"><a href=\"https:\/\/www.tvnovelas.com.br\/tvnews\/coracao-de-mae-irmak-inicia-jogo-arriscado-contra-adnan\/\" class=\"_self\" target=\"_self\" >Cora\u00e7\u00e3o de M\u00e3e: Irmak inicia jogo arriscado contra Adnan<\/a><\/h4><\/div><\/div>\n<div class=\"col-md-12 col-sm-12 col-xs-12 pt-cv-content-item pt-cv-1-col\" ><div class='pt-cv-ifield'><h4 class=\"pt-cv-title\"><a href=\"https:\/\/www.tvnovelas.com.br\/tvnews\/guerra-das-rosas-omer-chama-gulru-vestida-de-noiva-para-fugir\/\" class=\"_self\" target=\"_self\" >Guerra das Rosas: Omer chama Gulru vestida de noiva para fugir<\/a><\/h4><\/div><\/div>\n<div class=\"col-md-12 col-sm-12 col-xs-12 pt-cv-content-item pt-cv-1-col\" ><div class='pt-cv-ifield'><h4 class=\"pt-cv-title\"><a href=\"https:\/\/www.tvnovelas.com.br\/tvnews\/coracao-de-mae-reha-sai-para-jantar-com-selvi\/\" class=\"_self\" target=\"_self\" >Cora\u00e7\u00e3o de M\u00e3e: Reha sai para jantar com Selvi<\/a><\/h4><\/div><\/div>\n<div class=\"col-md-12 col-sm-12 col-xs-12 pt-cv-content-item pt-cv-1-col\" ><div class='pt-cv-ifield'><h4 class=\"pt-cv-title\"><a href=\"https:\/\/www.tvnovelas.com.br\/tvnews\/coracao-acelerado-zila-se-preocupa-com-sua-situacao-apos-separacao\/\" class=\"_self\" target=\"_self\" >Cora\u00e7\u00e3o Acelerado: Zil\u00e1 se preocupa com sua situa\u00e7\u00e3o ap\u00f3s separa\u00e7\u00e3o<\/a><\/h4><\/div><\/div>\n<div class=\"col-md-12 col-sm-12 col-xs-12 pt-cv-content-item pt-cv-1-col\" ><div class='pt-cv-ifield'><h4 class=\"pt-cv-title\"><a href=\"https:\/\/www.tvnovelas.com.br\/tvnews\/a-nobreza-do-amor-tonho-nao-se-curva-diante-de-mirinho\/\" class=\"_self\" target=\"_self\" >A Nobreza do Amor: Tonho n\u00e3o se curva diante de Mirinho<\/a><\/h4><\/div><\/div>\n<div class=\"col-md-12 col-sm-12 col-xs-12 pt-cv-content-item pt-cv-1-col\" ><div class='pt-cv-ifield'><h4 class=\"pt-cv-title\"><a href=\"https:\/\/www.tvnovelas.com.br\/tvnews\/tres-gracas-arminda-surta-ao-confirmar-que-ferette-e-pai-de-raul\/\" class=\"_self\" target=\"_self\" >Tr\u00eas Gra\u00e7as:  Arminda surta ao confirmar que Ferette \u00e9 pai de Raul<\/a><\/h4><\/div><\/div>\n<div class=\"col-md-12 col-sm-12 col-xs-12 pt-cv-content-item pt-cv-1-col\" ><div class='pt-cv-ifield'><h4 class=\"pt-cv-title\"><a href=\"https:\/\/www.tvnovelas.com.br\/tvnews\/coracao-de-mae-atilla-confronta-hasan-e-exige-o-divorcio-de-lale\/\" class=\"_self\" target=\"_self\" >Cora\u00e7\u00e3o de M\u00e3e: Atilla confronta Hasan e exige o div\u00f3rcio de Lale<\/a><\/h4><\/div><\/div>\n<div class=\"col-md-12 col-sm-12 col-xs-12 pt-cv-content-item pt-cv-1-col\" ><div class='pt-cv-ifield'><h4 class=\"pt-cv-title\"><a href=\"https:\/\/www.tvnovelas.com.br\/tvnews\/guerra-das-rosas-gulfem-coloca-gulru-contra-a-parede\/\" class=\"_self\" target=\"_self\" >Guerra das Rosas: Gulfem coloca Gulru contra a parede<\/a><\/h4><\/div><\/div>\n<div class=\"col-md-12 col-sm-12 col-xs-12 pt-cv-content-item pt-cv-1-col\" ><div class='pt-cv-ifield'><h4 class=\"pt-cv-title\"><a href=\"https:\/\/www.tvnovelas.com.br\/tvnews\/coracao-de-mae-atilla-diz-a-lale-que-quer-o-divorcio\/\" class=\"_self\" target=\"_self\" >Cora\u00e7\u00e3o de M\u00e3e: Atilla diz a Lale que quer o div\u00f3rcio<\/a><\/h4><\/div><\/div>\n<div class=\"col-md-12 col-sm-12 col-xs-12 pt-cv-content-item pt-cv-1-col\" ><div class='pt-cv-ifield'><h4 class=\"pt-cv-title\"><a href=\"https:\/\/www.tvnovelas.com.br\/tvnews\/a-nobreza-do-amor-mirinho-garante-noivado-com-virginia-para-atrair-sogro-a-negocio\/\" class=\"_self\" target=\"_self\" >A Nobreza do Amor: Mirinho garante noivado com Virg\u00ednia para atrair sogro a neg\u00f3cio<\/a><\/h4><\/div><\/div><\/div><\/div><\/div>\r\n<h3>Confira tamb\u00e9m<\/h3>\r\n<p><a href=\"https:\/\/www.tvnovelas.com.br\/filmes\/\" target=\"_blank\" rel=\"noopener noreferrer\"><strong>Programa\u00e7\u00e3o de filmes na TV aberta<\/strong><\/a><\/p>\r\n<p><a href=\"https:\/\/caetenews.com.br\/semana\/filmes-da-globo-na-sessao-da-tarde-desta-semana\/\" target=\"_blank\" rel=\"noopener\"><strong>Confira os filmes da semana na Sess\u00e3o da Tarde<\/strong><\/a><\/p>\r\n<p><a href=\"https:\/\/www.tvnovelas.com.br\/novelas\/\"><strong>Confira os resumos da semana de todas novelas<\/strong><\/a><\/p>\n","protected":false},"excerpt":{"rendered":"<p>Mania de Voc\u00ea: Luma jura vingan\u00e7a&#8230; Em Mania de Voc\u00ea, Luma (Agatha Moreira) foi pega de surpresa com a not\u00edcia de que o acordo selado por M\u00e9rcia&#8230;.<\/p>\n","protected":false},"author":1,"featured_media":72984,"comment_status":"closed","ping_status":"closed","sticky":false,"template":"","format":"standard","meta":{"_uf_show_specific_survey":0,"_uf_disable_surveys":false,"_jetpack_memberships_contains_paid_content":false,"footnotes":"","_wp_rev_ctl_limit":""},"categories":[776],"tags":[5,777,64],"class_list":["post-72983","post","type-post","status-publish","format-standard","has-post-thumbnail","hentry","category-mania-de-voce","tag-globo","tag-mania-de-voce","tag-novelas","wpcat-776-id"],"aioseo_notices":[],"jetpack_featured_media_url":"https:\/\/i0.wp.com\/www.tvnovelas.com.br\/tvnews\/wp-content\/uploads\/2025\/02\/10406.jpg?fit=728%2C410&ssl=1","jetpack_shortlink":"https:\/\/wp.me\/pdP2BO-iZ9","jetpack_sharing_enabled":true,"_links":{"self":[{"href":"https:\/\/www.tvnovelas.com.br\/tvnews\/wp-json\/wp\/v2\/posts\/72983","targetHints":{"allow":["GET"]}}],"collection":[{"href":"https:\/\/www.tvnovelas.com.br\/tvnews\/wp-json\/wp\/v2\/posts"}],"about":[{"href":"https:\/\/www.tvnovelas.com.br\/tvnews\/wp-json\/wp\/v2\/types\/post"}],"author":[{"embeddable":true,"href":"https:\/\/www.tvnovelas.com.br\/tvnews\/wp-json\/wp\/v2\/users\/1"}],"replies":[{"embeddable":true,"href":"https:\/\/www.tvnovelas.com.br\/tvnews\/wp-json\/wp\/v2\/comments?post=72983"}],"version-history":[{"count":2,"href":"https:\/\/www.tvnovelas.com.br\/tvnews\/wp-json\/wp\/v2\/posts\/72983\/revisions"}],"predecessor-version":[{"id":72994,"href":"https:\/\/www.tvnovelas.com.br\/tvnews\/wp-json\/wp\/v2\/posts\/72983\/revisions\/72994"}],"wp:featuredmedia":[{"embeddable":true,"href":"https:\/\/www.tvnovelas.com.br\/tvnews\/wp-json\/wp\/v2\/media\/72984"}],"wp:attachment":[{"href":"https:\/\/www.tvnovelas.com.br\/tvnews\/wp-json\/wp\/v2\/media?parent=72983"}],"wp:term":[{"taxonomy":"category","embeddable":true,"href":"https:\/\/www.tvnovelas.com.br\/tvnews\/wp-json\/wp\/v2\/categories?post=72983"},{"taxonomy":"post_tag","embeddable":true,"href":"https:\/\/www.tvnovelas.com.br\/tvnews\/wp-json\/wp\/v2\/tags?post=72983"}],"curies":[{"name":"wp","href":"https:\/\/api.w.org\/{rel}","templated":true}]}}