{"id":73181,"date":"2025-02-14T17:00:05","date_gmt":"2025-02-14T20:00:05","guid":{"rendered":"https:\/\/www.tvnovelas.com.br\/tvnews\/?p=73181"},"modified":"2025-02-14T17:52:18","modified_gmt":"2025-02-14T20:52:18","slug":"o-que-acontece-em-volta-por-cima-na-semana-17-a-22-02","status":"publish","type":"post","link":"https:\/\/www.tvnovelas.com.br\/tvnews\/o-que-acontece-em-volta-por-cima-na-semana-17-a-22-02\/","title":{"rendered":"O que acontece em Volta por Cima na semana 17 a 22\/02"},"content":{"rendered":"<p>\u00a0<\/p>\n<div style=\"background-color: #FDDBBB;\">\n<figure id=\"attachment_73183\" aria-describedby=\"caption-attachment-73183\" style=\"width: 728px\" class=\"wp-caption alignnone\"><img data-recalc-dims=\"1\" decoding=\"async\" src=\"https:\/\/i0.wp.com\/www.tvnovelas.com.br\/tvnews\/wp-content\/uploads\/2025\/02\/10447a.jpg?resize=728%2C409&#038;ssl=1\" alt=\"Foto em Volta por Cima na semana 17 a 22\" width=\"728\" height=\"409\" class=\"size-full wp-image-73183\" srcset=\"https:\/\/i0.wp.com\/www.tvnovelas.com.br\/tvnews\/wp-content\/uploads\/2025\/02\/10447a.jpg?w=728&amp;ssl=1 728w, https:\/\/i0.wp.com\/www.tvnovelas.com.br\/tvnews\/wp-content\/uploads\/2025\/02\/10447a.jpg?resize=250%2C140&amp;ssl=1 250w\" sizes=\"(max-width: 728px) 100vw, 728px\" \/><figcaption id=\"caption-attachment-73183\" class=\"wp-caption-text\">Volta por Cima na semana 17 a 22<\/figcaption><\/figure>\n<blockquote><p><strong style=\"color: #C30E59;\">Nos pr\u00f3ximos cap\u00edtulos de Volta por Cima, <\/strong>Violeta discute com Osmar, que decide sair de casa; Osmar exige que Marco se mantenha afastado de Violeta; Osmar se acerta com Violeta; J\u00e3o se preocupa ao saber que Edson levou Cac\u00e1 para sua casa&#8230;<\/p><\/blockquote>\n<\/div>\n<h2 style=\"color: #C30E59;\">Resumo de segunda-feira, 17 de fevereiro<\/h2>\n<p>Violeta abre o exame na frente de Osmar. J\u00e3o convida Silvia para ir ao galp\u00e3o dos Drag\u00f5es Suburbanos. Gerson pede perd\u00e3o a Yuki. Chico convida Cac\u00e1 para sair. Nando encomenda uma nova remessa de anabolizantes com Miranda. Rosana \u00e9 fotografada para a divulga\u00e7\u00e3o da escola de samba. Gerson questiona Rodolfo sobre a m\u00e3e de Marco. Silvia entrega o di\u00e1rio de sua av\u00f3 para Belisa. Doralice sofre com a possibilidade de ter que fazer um transplante. Beth ouve Edson contar sobre Cac\u00e1 para Alberto. Violeta pro\u00edbe Cac\u00e1 de abandonar sua casa. Osmar entrega outro contrato pr\u00e9-nupcial para Violeta. Madalena v\u00ea J\u00e3o e Silvia juntos.<br \/>\n\u00a0<\/p>\n<h2 style=\"color: #C30E59;\">Resumo de ter\u00e7a-feira, 18 de fevereiro<\/h2>\n<p>Madalena deixa o galp\u00e3o ap\u00f3s ver J\u00e3o e Silvia juntos. Violeta discute com Osmar, que decide sair de casa. Ana L\u00facia se envergonha ao descobrir que todos na empresa sabem do verdadeiro emprego de Cac\u00e1. Matias procura Madalena. Rodolfo e Gigi estranham o modo como Gerson fala sobre Roxelle. Edson tem uma sess\u00e3o de terapia com Bernardo. Roxelle \u00e9 apresentada como musa da escola de samba, e Rosana finge anima\u00e7\u00e3o. Gigi sente ci\u00fames de Bernardo. Gerson e Roxelle ficam juntos. Marco se surpreende ao saber que Osmar deixou a casa de Violeta. Cac\u00e1 procura J\u00e3o no trabalho e acaba passando mal. Silvia tenta falar com Madalena sobre J\u00e3o.\u00a0<br \/>\n<figure id=\"attachment_73185\" aria-describedby=\"caption-attachment-73185\" style=\"width: 728px\" class=\"wp-caption alignnone\"><img data-recalc-dims=\"1\" decoding=\"async\" src=\"https:\/\/i0.wp.com\/www.tvnovelas.com.br\/tvnews\/wp-content\/uploads\/2025\/02\/10447b.jpg?resize=728%2C409&#038;ssl=1\" alt=\"Foto em Volta por Cima na semana 17 a 22\" title=\"(Foto: TV Globo\/Volta por Cima)\" width=\"728\" height=\"409\" class=\"size-full wp-image-73185\" srcset=\"https:\/\/i0.wp.com\/www.tvnovelas.com.br\/tvnews\/wp-content\/uploads\/2025\/02\/10447b.jpg?w=728&amp;ssl=1 728w, https:\/\/i0.wp.com\/www.tvnovelas.com.br\/tvnews\/wp-content\/uploads\/2025\/02\/10447b.jpg?resize=250%2C140&amp;ssl=1 250w\" sizes=\"(max-width: 728px) 100vw, 728px\" \/><figcaption id=\"caption-attachment-73185\" class=\"wp-caption-text\">Volta por Cima na semana 17 a 22<\/figcaption><\/figure><br \/>\n\u00a0<\/p>\n<h2 style=\"color: #C30E59;\">Resumo de quarta-feira, 19 de fevereiro<\/h2>\n<p>Madalena \u00e9 reticente ao conversar com Silvia. Cac\u00e1 consegue a aten\u00e7\u00e3o de J\u00e3o. Osmar exige que Marco se mantenha afastado de Violeta. Sebastian admira o comportamento de Joyce. Silvia convida J\u00e3o para jantar em sua casa. Cida mente para J\u00e3o sobre Madalena. Sidney grava um depoimento para o document\u00e1rio do Drag\u00e3o Suburbano. Osmar se encontra com Joyce. Tati sugere que Jin desfile pelo Drag\u00e3o Suburbano, e Madalena o surpreende com uma proposta. Gigi destrata Belisa e Sebastian. Nando passa mal, e Rosana e Edson o levam para o hospital. Rafa encontra os anabolizantes de Miranda. Marco faz uma visita para Violeta. Cida e Sidney veem Madalena com Matias. J\u00e3o se espanta com a presen\u00e7a de Cac\u00e1 na casa de Silvia.<br \/>\n\u00a0<\/p>\n<h2 style=\"color: #C30E59;\">Resumo de quinta-feira, 20 de fevereiro<\/h2>\n<p>J\u00e3o fica furioso com Cac\u00e1. Marco e Violeta ficam juntos. Miranda mente para explicar a origem dos anabolizantes para Rafa. Madalena e Matias encontram Cida e Sidney. Silvia se preocupa com sua rela\u00e7\u00e3o com J\u00e3o. Doralice vai \u00e0 casa de Tereza falar com Osmar. Edson, Rosana e Nando voltam do hospital. Sidney conta para J\u00e3o que viu Madalena com Matias. Violeta pensa em como contar para Cac\u00e1 sobre o exame de DNA. Rafa conta para Silvia sobre os anabolizantes de Miranda. J\u00e3o questiona Madalena sobre\u00a0 Matias. Gerson repreende Marco por n\u00e3o ter contado sobre a separa\u00e7\u00e3o de Violeta e Osmar. Violeta apresenta um novo contrato pr\u00e9-nupcial a Osmar.<br \/>\n<figure id=\"attachment_73186\" aria-describedby=\"caption-attachment-73186\" style=\"width: 728px\" class=\"wp-caption alignnone\"><img data-recalc-dims=\"1\" decoding=\"async\" src=\"https:\/\/i0.wp.com\/www.tvnovelas.com.br\/tvnews\/wp-content\/uploads\/2025\/02\/10447c.jpg?resize=728%2C409&#038;ssl=1\" alt=\"Foto em Volta por Cima na semana 17 a 22\" title=\"(Foto: TV Globo\/Volta por Cima)\" width=\"728\" height=\"409\" class=\"size-full wp-image-73186\" srcset=\"https:\/\/i0.wp.com\/www.tvnovelas.com.br\/tvnews\/wp-content\/uploads\/2025\/02\/10447c.jpg?w=728&amp;ssl=1 728w, https:\/\/i0.wp.com\/www.tvnovelas.com.br\/tvnews\/wp-content\/uploads\/2025\/02\/10447c.jpg?resize=250%2C140&amp;ssl=1 250w\" sizes=\"(max-width: 728px) 100vw, 728px\" \/><figcaption id=\"caption-attachment-73186\" class=\"wp-caption-text\">Volta por Cima na semana 17 a 22<\/figcaption><\/figure><br \/>\n\u00a0<\/p>\n<h2 style=\"color: #C30E59;\">Resumo de sexta-feira, 21 de fevereiro<\/h2>\n<p>Osmar se acerta com Violeta. Marco inventa uma desculpa para Gerson. J\u00e3o afirma a Madalena que sente ci\u00fames dela com Matias. Gerson faz uma visita surpresa para Osmar e Violeta. Moreira consola Ana L\u00facia. Osmar se anima ao saber que J\u00f4 o ajudou com o seu plano. Tati teme pela apresenta\u00e7\u00e3o de Jin no programa de TV. Silvia tem uma conversa s\u00e9ria com Miranda. Edson vai \u00e0 casa de Neuza falar com Cac\u00e1. J\u00e3o d\u00e1 seu depoimento para o document\u00e1rio do Drag\u00e3o Suburbano. Sidney ouve Madalena declarar seu amor por J\u00e3o para Cida, e conta para o amigo. Um antigo jardineiro da casa de Gerson fala com Marco sobre sua m\u00e3e. Edson faz um convite para\u00a0 Cac\u00e1.\u00a0<br \/>\n\u00a0<\/p>\n<h2 style=\"color: #C30E59;\">Resumo de s\u00e1bado, 22 de fevereiro<\/h2>\n<p>Marco se emociona ao saber o nome de sua m\u00e3e. J\u00e3o se preocupa ao saber que Edson levou Cac\u00e1 para sua casa. Violeta tenta falar com Cac\u00e1. Violeta vai \u00e0 casa de Neuza atr\u00e1s de Cac\u00e1. Jin confessa para Madalena que teme se encontrar com Hana. Chega o dia da apresenta\u00e7\u00e3o de Jin no programa de TV. Gerson fica furioso ao flagrar Roxelle e J\u00f4 conversando. Cac\u00e1 afirma para J\u00e3o que n\u00e3o deixou o emprego por culpa de Violeta. Marco fala o nome de sua m\u00e3e para Belisa, e ela tem uma lembran\u00e7a sobre a mulher. A produ\u00e7\u00e3o do programa leva Hana ao encontro de Jin. Osmar pensa em fazer uma revela\u00e7\u00e3o para Madalena. Edson e J\u00e3o chegam para falar com Violeta sobre Cac\u00e1.<br \/>\n<!--FIM--><\/p>\n<div class=\"fb-comments\" data-width=\"100%\" data-order-by=\"reverse_time\" data-numposts=\"5\"><\/div>\n<p><h2>Mais:<\/h2>\r\n<p><a href=\"https:\/\/tvnovelas.com.br\/novelas\/resumos-de-volta-por-cima\/\" target=\"_blank\" rel=\"noopener\">Confira os resumos da semana de Volta por Cima'<\/a><\/p>\r\n<p><a href=\"https:\/\/wp.me\/pfspD2-T5\" target=\"_blank\" rel=\"noopener\">Volta por Cima: Entre os sonhos e a fam\u00edlia<\/a> (Sinopse)<\/p>\r\n<p><a href=\"https:\/\/pt.wikipedia.org\/wiki\/Volta_por_Cima_(telenovela)\" target=\"_blank\" rel=\"noopener\">Sobre Volta por Cima na Wikipedia<\/a><\/p>\r\n<p><a href=\"https:\/\/tvnovelas.com.br\/novelas\/\" target=\"_blank\" rel=\"noopener\">Resumos de todas as novelas<\/a><\/p>\r\n<p><strong style=\"font-size: 120%;\">\u00daltimas not\u00edcias de 'Volta por Cima':<\/strong><\/p>\r\n<div class=\"pt-cv-wrapper\"><div class=\"pt-cv-view pt-cv-grid pt-cv-colsys\" id=\"pt-cv-view-372c3953u7\"><div data-id=\"pt-cv-page-1\" class=\"pt-cv-page\" data-cvc=\"1\"><div class=\"col-md-12 col-sm-12 col-xs-12 pt-cv-content-item pt-cv-1-col\" ><div class='pt-cv-ifield'><h4 class=\"pt-cv-title\"><a href=\"https:\/\/www.tvnovelas.com.br\/tvnews\/volta-por-cima-onibus-de-lindomar-passa-por-outro-acidente-tragico\/\" class=\"_self\" target=\"_self\" >Volta por Cima: \u00d4nibus de Lindomar passa por outro acidente tr\u00e1gico<\/a><\/h4><\/div><\/div>\n<div class=\"col-md-12 col-sm-12 col-xs-12 pt-cv-content-item pt-cv-1-col\" ><div class='pt-cv-ifield'><h4 class=\"pt-cv-title\"><a href=\"https:\/\/www.tvnovelas.com.br\/tvnews\/volta-por-cima-osmar-descobre-que-vivinha-preservou-sua-vida\/\" class=\"_self\" target=\"_self\" >Volta por Cima: Osmar descobre que Vivinha preservou sua vida<\/a><\/h4><\/div><\/div>\n<div class=\"col-md-12 col-sm-12 col-xs-12 pt-cv-content-item pt-cv-1-col\" ><div class='pt-cv-ifield'><h4 class=\"pt-cv-title\"><a href=\"https:\/\/www.tvnovelas.com.br\/tvnews\/volta-por-cima-jao-salva-a-vida-de-nando\/\" class=\"_self\" target=\"_self\" >Volta por Cima: J\u00e3o salva a vida de Nando<\/a><\/h4><\/div><\/div>\n<div class=\"col-md-12 col-sm-12 col-xs-12 pt-cv-content-item pt-cv-1-col\" ><div class='pt-cv-ifield'><h4 class=\"pt-cv-title\"><a href=\"https:\/\/www.tvnovelas.com.br\/tvnews\/volta-por-cima-saia-justa-osmar-chama-joyce-de-vivinha\/\" class=\"_self\" target=\"_self\" >Volta por Cima: Saia justa: Osmar chama Joyce de Vivinha&#8230;<\/a><\/h4><\/div><\/div>\n<div class=\"col-md-12 col-sm-12 col-xs-12 pt-cv-content-item pt-cv-1-col\" ><div class='pt-cv-ifield'><h4 class=\"pt-cv-title\"><a href=\"https:\/\/www.tvnovelas.com.br\/tvnews\/volta-por-cima-doralice-consegue-doador-de-coracao-para-transplante\/\" class=\"_self\" target=\"_self\" >Volta por Cima: Doralice consegue doador de cora\u00e7\u00e3o para transplante<\/a><\/h4><\/div><\/div>\n<div class=\"col-md-12 col-sm-12 col-xs-12 pt-cv-content-item pt-cv-1-col\" ><div class='pt-cv-ifield'><h4 class=\"pt-cv-title\"><a href=\"https:\/\/www.tvnovelas.com.br\/tvnews\/volta-por-cima-violeta-beija-marco-e-aparece-com-ele-na-frente-de-osmar\/\" class=\"_self\" target=\"_self\" >Volta por Cima: Violeta beija Marco e aparece com ele na frente de Osmar<\/a><\/h4><\/div><\/div><\/div><\/div><\/div>\r\n<p><strong style=\"font-size: 120%;\">\u00daltimas not\u00edcias deste site:<\/strong><\/p>\r\n<div class=\"pt-cv-wrapper\"><div class=\"pt-cv-view pt-cv-grid pt-cv-colsys\" id=\"pt-cv-view-90991035b3\"><div data-id=\"pt-cv-page-1\" class=\"pt-cv-page\" data-cvc=\"1\"><div class=\"col-md-12 col-sm-12 col-xs-12 pt-cv-content-item pt-cv-1-col\" ><div class='pt-cv-ifield'><h4 class=\"pt-cv-title\"><a href=\"https:\/\/www.tvnovelas.com.br\/tvnews\/tres-gracas-arminda-surta-ao-confirmar-que-ferette-e-pai-de-raul\/\" class=\"_self\" target=\"_self\" >Tr\u00eas Gra\u00e7as:  Arminda surta ao confirmar que Ferette \u00e9 pai de Raul<\/a><\/h4><\/div><\/div>\n<div class=\"col-md-12 col-sm-12 col-xs-12 pt-cv-content-item pt-cv-1-col\" ><div class='pt-cv-ifield'><h4 class=\"pt-cv-title\"><a href=\"https:\/\/www.tvnovelas.com.br\/tvnews\/coracao-de-mae-atilla-confronta-hasan-e-exige-o-divorcio-de-lale\/\" class=\"_self\" target=\"_self\" >Cora\u00e7\u00e3o de M\u00e3e: Atilla confronta Hasan e exige o div\u00f3rcio de Lale<\/a><\/h4><\/div><\/div>\n<div class=\"col-md-12 col-sm-12 col-xs-12 pt-cv-content-item pt-cv-1-col\" ><div class='pt-cv-ifield'><h4 class=\"pt-cv-title\"><a href=\"https:\/\/www.tvnovelas.com.br\/tvnews\/guerra-das-rosas-gulfem-coloca-gulru-contra-a-parede\/\" class=\"_self\" target=\"_self\" >Guerra das Rosas: Gulfem coloca Gulru contra a parede<\/a><\/h4><\/div><\/div>\n<div class=\"col-md-12 col-sm-12 col-xs-12 pt-cv-content-item pt-cv-1-col\" ><div class='pt-cv-ifield'><h4 class=\"pt-cv-title\"><a href=\"https:\/\/www.tvnovelas.com.br\/tvnews\/coracao-de-mae-atilla-diz-a-lale-que-quer-o-divorcio\/\" class=\"_self\" target=\"_self\" >Cora\u00e7\u00e3o de M\u00e3e: Atilla diz a Lale que quer o div\u00f3rcio<\/a><\/h4><\/div><\/div>\n<div class=\"col-md-12 col-sm-12 col-xs-12 pt-cv-content-item pt-cv-1-col\" ><div class='pt-cv-ifield'><h4 class=\"pt-cv-title\"><a href=\"https:\/\/www.tvnovelas.com.br\/tvnews\/a-nobreza-do-amor-mirinho-garante-noivado-com-virginia-para-atrair-sogro-a-negocio\/\" class=\"_self\" target=\"_self\" >A Nobreza do Amor: Mirinho garante noivado com Virg\u00ednia para atrair sogro a neg\u00f3cio<\/a><\/h4><\/div><\/div>\n<div class=\"col-md-12 col-sm-12 col-xs-12 pt-cv-content-item pt-cv-1-col\" ><div class='pt-cv-ifield'><h4 class=\"pt-cv-title\"><a href=\"https:\/\/www.tvnovelas.com.br\/tvnews\/tres-gracas-joaquim-propoe-fuga-a-arminda-com-o-dinheiro-das-tres-gracas\/\" class=\"_self\" target=\"_self\" >Tr\u00eas Gra\u00e7as:  Joaquim prop\u00f5e fuga a Arminda com o dinheiro das Tr\u00eas Gra\u00e7as<\/a><\/h4><\/div><\/div>\n<div class=\"col-md-12 col-sm-12 col-xs-12 pt-cv-content-item pt-cv-1-col\" ><div class='pt-cv-ifield'><h4 class=\"pt-cv-title\"><a href=\"https:\/\/www.tvnovelas.com.br\/tvnews\/coracao-de-mae-atilla-decide-abrir-o-jogo-com-karsu\/\" class=\"_self\" target=\"_self\" >Cora\u00e7\u00e3o de M\u00e3e: Atilla decide abrir o jogo com Karsu<\/a><\/h4><\/div><\/div>\n<div class=\"col-md-12 col-sm-12 col-xs-12 pt-cv-content-item pt-cv-1-col\" ><div class='pt-cv-ifield'><h4 class=\"pt-cv-title\"><a href=\"https:\/\/www.tvnovelas.com.br\/tvnews\/coracao-de-mae-adnan-e-preso-apos-denuncia-de-irmak\/\" class=\"_self\" target=\"_self\" >Em Cora\u00e7\u00e3o de M\u00e3e: Adnan \u00e9 preso ap\u00f3s denuncia de Irmak<\/a><\/h4><\/div><\/div>\n<div class=\"col-md-12 col-sm-12 col-xs-12 pt-cv-content-item pt-cv-1-col\" ><div class='pt-cv-ifield'><h4 class=\"pt-cv-title\"><a href=\"https:\/\/www.tvnovelas.com.br\/tvnews\/coracao-de-mae-atilla-forca-karsu-a-ouvir-suas-explicacoes\/\" class=\"_self\" target=\"_self\" >Cora\u00e7\u00e3o de M\u00e3e: Atilla for\u00e7a Karsu a ouvir suas explica\u00e7\u00f5es<\/a><\/h4><\/div><\/div>\n<div class=\"col-md-12 col-sm-12 col-xs-12 pt-cv-content-item pt-cv-1-col\" ><div class='pt-cv-ifield'><h4 class=\"pt-cv-title\"><a href=\"https:\/\/www.tvnovelas.com.br\/tvnews\/coracao-acelerado-mulher-choca-janete-ao-se-apresentar-como-amante-do-palhares\/\" class=\"_self\" target=\"_self\" >Cora\u00e7\u00e3o Acelerado: Mulher choca Janete ao se apresentar como amante do Palhares<\/a><\/h4><\/div><\/div><\/div><\/div><\/div>\r\n<h3>Confira tamb\u00e9m<\/h3>\r\n<p><a href=\"https:\/\/www.tvnovelas.com.br\/filmes\/\" target=\"_blank\" rel=\"noopener noreferrer\"><strong>Programa\u00e7\u00e3o de filmes na TV aberta<\/strong><\/a><\/p>\r\n<p><a href=\"https:\/\/caetenews.com.br\/semana\/filmes-da-globo-na-sessao-da-tarde-desta-semana\/\" target=\"_blank\" rel=\"noopener\"><strong>Confira os filmes da semana na Sess\u00e3o da Tarde<\/strong><\/a><\/p>\r\n<p><a href=\"https:\/\/www.tvnovelas.com.br\/novelas\/\"><strong>Confira os resumos da semana de todas novelas<\/strong><\/a><\/p><br \/>\n<a href=\"https:\/\/tvnovelas.com.br\/filmes\/filmes-na-tv-segunda\/\" target=\"_blank\" rel=\"noopener\">Confira a Progrma\u00e7\u00e3o de Filmes na TV aberta<\/a><br \/>\n<a href=\"https:\/\/pt.wikipedia.org\/wiki\/Volta_por_Cima_(telenovela)\" target=\"_blank\" rel=\"noopener\">Sobre Volta por Cima na Wikipedia<\/a><br \/>\n<a href=\"https:\/\/www.tvnovelas.com.br\/tvnews\/\" target=\"_blank\" rel=\"noopener\">\u00daltimas not\u00edcias das novelas<\/a><\/p>\n","protected":false},"excerpt":{"rendered":"<p>Volta por Cima na semana 17 a 22\/02&#8230; Nos pr\u00f3ximos cap\u00edtulos de Volta por Cima, Violeta discute com Osmar, que decide sair de casa; Osmar exige que Marco se mantenha&#8230;,<\/p>\n","protected":false},"author":1,"featured_media":73183,"comment_status":"closed","ping_status":"closed","sticky":false,"template":"","format":"standard","meta":{"_uf_show_specific_survey":0,"_uf_disable_surveys":false,"_jetpack_memberships_contains_paid_content":false,"footnotes":"","_wp_rev_ctl_limit":""},"categories":[807],"tags":[5,64,808],"class_list":["post-73181","post","type-post","status-publish","format-standard","has-post-thumbnail","hentry","category-volta-por-cima","tag-globo","tag-novelas","tag-volta-por-cima","wpcat-807-id"],"aioseo_notices":[],"jetpack_featured_media_url":"https:\/\/i0.wp.com\/www.tvnovelas.com.br\/tvnews\/wp-content\/uploads\/2025\/02\/10447a.jpg?fit=728%2C409&ssl=1","jetpack_shortlink":"https:\/\/wp.me\/pdP2BO-j2l","jetpack_sharing_enabled":true,"_links":{"self":[{"href":"https:\/\/www.tvnovelas.com.br\/tvnews\/wp-json\/wp\/v2\/posts\/73181","targetHints":{"allow":["GET"]}}],"collection":[{"href":"https:\/\/www.tvnovelas.com.br\/tvnews\/wp-json\/wp\/v2\/posts"}],"about":[{"href":"https:\/\/www.tvnovelas.com.br\/tvnews\/wp-json\/wp\/v2\/types\/post"}],"author":[{"embeddable":true,"href":"https:\/\/www.tvnovelas.com.br\/tvnews\/wp-json\/wp\/v2\/users\/1"}],"replies":[{"embeddable":true,"href":"https:\/\/www.tvnovelas.com.br\/tvnews\/wp-json\/wp\/v2\/comments?post=73181"}],"version-history":[{"count":4,"href":"https:\/\/www.tvnovelas.com.br\/tvnews\/wp-json\/wp\/v2\/posts\/73181\/revisions"}],"predecessor-version":[{"id":73184,"href":"https:\/\/www.tvnovelas.com.br\/tvnews\/wp-json\/wp\/v2\/posts\/73181\/revisions\/73184"}],"wp:featuredmedia":[{"embeddable":true,"href":"https:\/\/www.tvnovelas.com.br\/tvnews\/wp-json\/wp\/v2\/media\/73183"}],"wp:attachment":[{"href":"https:\/\/www.tvnovelas.com.br\/tvnews\/wp-json\/wp\/v2\/media?parent=73181"}],"wp:term":[{"taxonomy":"category","embeddable":true,"href":"https:\/\/www.tvnovelas.com.br\/tvnews\/wp-json\/wp\/v2\/categories?post=73181"},{"taxonomy":"post_tag","embeddable":true,"href":"https:\/\/www.tvnovelas.com.br\/tvnews\/wp-json\/wp\/v2\/tags?post=73181"}],"curies":[{"name":"wp","href":"https:\/\/api.w.org\/{rel}","templated":true}]}}