{"id":73306,"date":"2025-02-19T09:25:07","date_gmt":"2025-02-19T12:25:07","guid":{"rendered":"https:\/\/www.tvnovelas.com.br\/tvnews\/?p=73306"},"modified":"2025-02-19T09:25:07","modified_gmt":"2025-02-19T12:25:07","slug":"garota-do-momento-juliano-se-aproveita-de-escandalo-para-chantagear-alfredo","status":"publish","type":"post","link":"https:\/\/www.tvnovelas.com.br\/tvnews\/garota-do-momento-juliano-se-aproveita-de-escandalo-para-chantagear-alfredo\/","title":{"rendered":"Garota do Momento: Juliano se aproveita de esc\u00e2ndalo para chantagear Alfredo"},"content":{"rendered":"<p><figure id=\"attachment_73307\" aria-describedby=\"caption-attachment-73307\" style=\"width: 728px\" class=\"wp-caption alignnone\"><img data-recalc-dims=\"1\" decoding=\"async\" src=\"https:\/\/i0.wp.com\/www.tvnovelas.com.br\/tvnews\/wp-content\/uploads\/2025\/02\/10468.jpg?resize=728%2C410&#038;ssl=1\" alt=\"Foto em Garota do Momento: Juliano se aproveita\" width=\"728\" height=\"410\" class=\"size-full wp-image-73307\" srcset=\"https:\/\/i0.wp.com\/www.tvnovelas.com.br\/tvnews\/wp-content\/uploads\/2025\/02\/10468.jpg?w=728&amp;ssl=1 728w, https:\/\/i0.wp.com\/www.tvnovelas.com.br\/tvnews\/wp-content\/uploads\/2025\/02\/10468.jpg?resize=250%2C141&amp;ssl=1 250w\" sizes=\"(max-width: 728px) 100vw, 728px\" \/><figcaption id=\"caption-attachment-73307\" class=\"wp-caption-text\">Garota do Momento: Juliano se aproveita&#8230;.<\/figcaption><\/figure><br \/>\n(Foto: Globo\/Garota do Momento)<br \/>\nEm Garota do Momento, Alfredo (Eduardo Sterblitch) e Anita (Maria Flor) tiveram seu romance exposto por Nelson (Felipe Abib) em rede nacional, e consequentemente, o desquite do apresentador j\u00e1 vira not\u00edcia! Sabendo que a TV Ondas do Mar produzir\u00e1 uma novela, com Beatriz (Duda Santos) no papel de Aur\u00e9lia Camargo, Juliano (Fabio Assun\u00e7\u00e3o) aproveita o esc\u00e2ndalo para chantagear o apresentador e seu s\u00f3cio, Sergio (Sergio Kauffman).<\/p>\n<p>&#8220;Quero investir no projeto. (&#8230;) Dobro a oferta. Pensem comigo, amigos, os anunciantes v\u00e3o fugir da Ondas do Mar depois do esc\u00e2ndalo do desquite do Alfredo. Um patroc\u00ednio milion\u00e1rio da Perfumaria Carioca cairia muito bem agora, n\u00e3o?&#8221;, dispara o poderoso.<\/p>\n<p>Surpresos, Alfredo e Sergio ficam ainda chocados com o final da proposta do herdeiro da perfumaria:<\/p>\n<p>&#8220;A \u00fanica coisa que eu pe\u00e7o em troca \u00e9 que a Bia, minha filha, fa\u00e7a o papel de Aur\u00e9lia Camargo&#8221;.<br \/>\n<!--END--><\/p>\n<div class=\"fb-comments\" data-width=\"100%\" data-order-by=\"reverse_time\" data-numposts=\"5\"><\/div>\n<h2>\u00daltimas publica\u00e7\u00f5es de Garota do Momento<\/h2>\n<div class=\"pt-cv-wrapper\"><div class=\"pt-cv-view pt-cv-grid pt-cv-colsys\" id=\"pt-cv-view-54854578lu\"><div data-id=\"pt-cv-page-1\" class=\"pt-cv-page\" data-cvc=\"1\"><div class=\"col-md-12 col-sm-12 col-xs-12 pt-cv-content-item pt-cv-1-col\" ><div class='pt-cv-ifield'><h4 class=\"pt-cv-title\"><a href=\"https:\/\/www.tvnovelas.com.br\/tvnews\/garota-do-momento-beatriz-e-beto-se-casam\/\" class=\"_self\" target=\"_self\" >Garota do Momento: Beatriz e Beto se casam<\/a><\/h4><\/div><\/div>\n<div class=\"col-md-12 col-sm-12 col-xs-12 pt-cv-content-item pt-cv-1-col\" ><div class='pt-cv-ifield'><h4 class=\"pt-cv-title\"><a href=\"https:\/\/www.tvnovelas.com.br\/tvnews\/garota-do-momento-clarice-sequestrada-por-juliano-desespera-beatriz\/\" class=\"_self\" target=\"_self\" >Garota do Momento: Clarice sequestrada por Juliano desespera Beatriz<\/a><\/h4><\/div><\/div>\n<div class=\"col-md-12 col-sm-12 col-xs-12 pt-cv-content-item pt-cv-1-col\" ><div class='pt-cv-ifield'><h4 class=\"pt-cv-title\"><a href=\"https:\/\/www.tvnovelas.com.br\/tvnews\/garota-do-momento-clarice-cospe-na-cara-de-maristela\/\" class=\"_self\" target=\"_self\" >Garota do Momento: Clarice cospe na cara de Maristela<\/a><\/h4><\/div><\/div>\n<div class=\"col-md-12 col-sm-12 col-xs-12 pt-cv-content-item pt-cv-1-col\" ><div class='pt-cv-ifield'><h4 class=\"pt-cv-title\"><a href=\"https:\/\/www.tvnovelas.com.br\/tvnews\/garota-do-momento-ligia-emociona-ao-dedicar-nova-musica-a-raimundo\/\" class=\"_self\" target=\"_self\" >Garota do Momento: Ligia emociona ao dedicar nova m\u00fasica a Raimundo<\/a><\/h4><\/div><\/div>\n<div class=\"col-md-12 col-sm-12 col-xs-12 pt-cv-content-item pt-cv-1-col\" ><div class='pt-cv-ifield'><h4 class=\"pt-cv-title\"><a href=\"https:\/\/www.tvnovelas.com.br\/tvnews\/garota-do-momento-zelia-beatriz-e-basilio-unidos-para-desmascarar-juliano\/\" class=\"_self\" target=\"_self\" >Garota do Momento: Z\u00e9lia, Beatriz e Bas\u00edlio unidos para desmascarar Juliano<\/a><\/h4><\/div><\/div>\n<div class=\"col-md-12 col-sm-12 col-xs-12 pt-cv-content-item pt-cv-1-col\" ><div class='pt-cv-ifield'><h4 class=\"pt-cv-title\"><a href=\"https:\/\/www.tvnovelas.com.br\/tvnews\/garota-do-momento-ligia-confessa-que-ama-raimundo-e-quer-voltar\/\" class=\"_self\" target=\"_self\" >Garota do Momento: Ligia confessa que ama Raimundo e quer voltar<\/a><\/h4><\/div><\/div><\/div><\/div><\/div>\n<h2>\u00daltimas not\u00edcias das novelas<\/h2>\n<p>[wp-rss-aggregator feeds=&#8221;todas&#8221;]<br \/>\n<a href=\"https:\/\/wp.me\/pfspD2-Ti\" target=\"_blank\" rel=\"noopener\"><strong>Garota do Momento: A saga dos Alencar<\/strong><\/a> (Sinopse)<br \/>\n<a href=\"https:\/\/tvnovelas.com.br\/filmes\/filmes-na-tv-segunda\/\" target=\"_blank\" rel=\"noopener\">Confira a programa\u00e7\u00e3o de filmes na TV aberta<\/a><br \/>\n<a href=\"https:\/\/www.tvnovelas.com.br\/tvnews\/\">\u00daltimas not\u00edcias de todas as novelas<\/a><\/p>\n","protected":false},"excerpt":{"rendered":"<p>Garota do Momento: Juliano se aproveita.. Em Garota do Momento, Alfredo (Eduardo Sterblitch) e Anita (Maria Flor) tiveram seu romance exposto&#8230;.<\/p>\n","protected":false},"author":1,"featured_media":73307,"comment_status":"closed","ping_status":"closed","sticky":false,"template":"","format":"standard","meta":{"_uf_show_specific_survey":0,"_uf_disable_surveys":false,"_jetpack_memberships_contains_paid_content":false,"footnotes":"","_wp_rev_ctl_limit":""},"categories":[812],"tags":[813,5,64],"class_list":["post-73306","post","type-post","status-publish","format-standard","has-post-thumbnail","hentry","category-garota-do-momento","tag-garota-do-momento","tag-globo","tag-novelas","wpcat-812-id"],"aioseo_notices":[],"jetpack_featured_media_url":"https:\/\/i0.wp.com\/www.tvnovelas.com.br\/tvnews\/wp-content\/uploads\/2025\/02\/10468.jpg?fit=728%2C410&ssl=1","jetpack_shortlink":"https:\/\/wp.me\/pdP2BO-j4m","jetpack_sharing_enabled":true,"_links":{"self":[{"href":"https:\/\/www.tvnovelas.com.br\/tvnews\/wp-json\/wp\/v2\/posts\/73306","targetHints":{"allow":["GET"]}}],"collection":[{"href":"https:\/\/www.tvnovelas.com.br\/tvnews\/wp-json\/wp\/v2\/posts"}],"about":[{"href":"https:\/\/www.tvnovelas.com.br\/tvnews\/wp-json\/wp\/v2\/types\/post"}],"author":[{"embeddable":true,"href":"https:\/\/www.tvnovelas.com.br\/tvnews\/wp-json\/wp\/v2\/users\/1"}],"replies":[{"embeddable":true,"href":"https:\/\/www.tvnovelas.com.br\/tvnews\/wp-json\/wp\/v2\/comments?post=73306"}],"version-history":[{"count":1,"href":"https:\/\/www.tvnovelas.com.br\/tvnews\/wp-json\/wp\/v2\/posts\/73306\/revisions"}],"predecessor-version":[{"id":73308,"href":"https:\/\/www.tvnovelas.com.br\/tvnews\/wp-json\/wp\/v2\/posts\/73306\/revisions\/73308"}],"wp:featuredmedia":[{"embeddable":true,"href":"https:\/\/www.tvnovelas.com.br\/tvnews\/wp-json\/wp\/v2\/media\/73307"}],"wp:attachment":[{"href":"https:\/\/www.tvnovelas.com.br\/tvnews\/wp-json\/wp\/v2\/media?parent=73306"}],"wp:term":[{"taxonomy":"category","embeddable":true,"href":"https:\/\/www.tvnovelas.com.br\/tvnews\/wp-json\/wp\/v2\/categories?post=73306"},{"taxonomy":"post_tag","embeddable":true,"href":"https:\/\/www.tvnovelas.com.br\/tvnews\/wp-json\/wp\/v2\/tags?post=73306"}],"curies":[{"name":"wp","href":"https:\/\/api.w.org\/{rel}","templated":true}]}}