{"id":73358,"date":"2025-02-22T10:00:30","date_gmt":"2025-02-22T13:00:30","guid":{"rendered":"https:\/\/www.tvnovelas.com.br\/tvnews\/?p=73358"},"modified":"2025-02-22T12:09:58","modified_gmt":"2025-02-22T15:09:58","slug":"o-que-vem-em-garota-do-momento-na-semana-24-2-a-1-de-marco","status":"publish","type":"post","link":"https:\/\/www.tvnovelas.com.br\/tvnews\/o-que-vem-em-garota-do-momento-na-semana-24-2-a-1-de-marco\/","title":{"rendered":"O que vem em Garota do Momento na semana 24\/2 a 1\u00b0 de mar\u00e7o"},"content":{"rendered":"<div style=\"background-color: #F3FF90;\">\n.<br \/>\n<img data-recalc-dims=\"1\" decoding=\"async\" src=\"https:\/\/i0.wp.com\/www.tvnovelas.com.br\/tvnews\/wp-content\/uploads\/2025\/02\/10492a.jpg?resize=728%2C409&#038;ssl=1\" alt=\"Foto em Garota do Momento na semana 24\/2 a 1\u00b0....\" title=\"(Foto: Globo\/Garota do Momento)\" width=\"728\" height=\"409\" class=\"alignnone size-full wp-image-73444\" srcset=\"https:\/\/i0.wp.com\/www.tvnovelas.com.br\/tvnews\/wp-content\/uploads\/2025\/02\/10492a.jpg?w=728&amp;ssl=1 728w, https:\/\/i0.wp.com\/www.tvnovelas.com.br\/tvnews\/wp-content\/uploads\/2025\/02\/10492a.jpg?resize=250%2C140&amp;ssl=1 250w\" sizes=\"(max-width: 728px) 100vw, 728px\" \/><\/p>\n<blockquote><p><strong style=\"color: #77B254;\">Nos pr\u00f3ximos cap\u00edtulos de Garota do Momento, <\/strong>Marlene flagra Juliano e Z\u00e9lia juntos; Bia faz alian\u00e7a com C\u00e1ssio contra Beatriz; Bia insinua para Beto que C\u00e1ssio e Beatriz est\u00e3o se aproximando; Beatriz \u00e9 apresentada como protagonista da novela; Clarice sente dores de cabe\u00e7a e tem uma nova lembran\u00e7a&#8230; <\/p><\/blockquote>\n<\/div>\n<h2 style=\"color: #77B254;\">Resumo de segunda-feira, 24 de fevereiro<\/h2>\n<p>Beto se incomoda com C\u00e1ssio. Ulisses estranha o comportamento de Glorinha. S\u00e9rgio apresenta a nova novela \u00e0 imprensa. Bia e Maristela se irritam com o sucesso de Beatriz. Anita \u00e9 atacada por f\u00e3s de Alfredo. Teresa, Eug\u00eania e Jacira pedem o apoio do p\u00fablico ao romance de Alfredo e Anita. Beto termina o seu curta-metragem. Ulisses lamenta a dist\u00e2ncia de Glorinha. Marlene flagra Juliano e Z\u00e9lia juntos. Bia percebe o inc\u00f4modo de C\u00e1ssio com o sucesso de Beatriz.<br \/>\n\u00a0<\/p>\n<h2 style=\"color: #77B254;\">Resumo de ter\u00e7a-feira, 25 de fevereiro<\/h2>\n<p>Z\u00e9lia amea\u00e7a Marlene. L\u00edgia recusa a proposta de Raimundo. Raimundo provoca um acidente com Marlene. Marlene afirma a Carlito que n\u00e3o voltar\u00e1 mais para a f\u00e1brica de Juliano. S\u00e9rgio reclama da atua\u00e7\u00e3o de Bia. Jacira prepara uma armadilha para Nelson. Glorinha recebe a not\u00edcia da morte de um homem. Juliano faz uma proposta a Marlene. Beto recusa atender \u00e0 empresa de Hugo. Bia sugere alian\u00e7a com C\u00e1ssio contra Beatriz.<br \/>\n<figure id=\"attachment_73446\" aria-describedby=\"caption-attachment-73446\" style=\"width: 728px\" class=\"wp-caption alignnone\"><img data-recalc-dims=\"1\" decoding=\"async\" src=\"https:\/\/i0.wp.com\/www.tvnovelas.com.br\/tvnews\/wp-content\/uploads\/2025\/02\/10492d.jpg?resize=728%2C409&#038;ssl=1\" alt=\"Foto em Garota do Momento na semana 24\/2 a 1\u00b0\" title=\"(Foto: Globo\/Garota do Momento)\" width=\"728\" height=\"409\" class=\"size-full wp-image-73446\" srcset=\"https:\/\/i0.wp.com\/www.tvnovelas.com.br\/tvnews\/wp-content\/uploads\/2025\/02\/10492d.jpg?w=728&amp;ssl=1 728w, https:\/\/i0.wp.com\/www.tvnovelas.com.br\/tvnews\/wp-content\/uploads\/2025\/02\/10492d.jpg?resize=250%2C140&amp;ssl=1 250w\" sizes=\"(max-width: 728px) 100vw, 728px\" \/><figcaption id=\"caption-attachment-73446\" class=\"wp-caption-text\">Garota do Momento na semana 24\/2 a 1\u00b0&#8230;<\/figcaption><\/figure><br \/>\n\u00a0<\/p>\n<h2 style=\"color: #77B254;\">Resumo de quarta-feira, 26 de fevereiro<\/h2>\n<p>Bia e C\u00e1ssio selam um acordo. Marlene recusa a proposta de Juliano. Ronaldo repreende Beto. Ulisses tenta acolher Glorinha. C\u00e1ssio convence S\u00e9rgio de sua t\u00e9cnica de aproxima\u00e7\u00e3o com Beatriz. \u00c9rico ampara Marlene. Bia insinua para Beto que C\u00e1ssio e Beatriz est\u00e3o se aproximando. Jacira visita Anita. C\u00e1ssio beija Beatriz.<br \/>\n\u00a0<\/p>\n<h2 style=\"color: #77B254;\">Resumo de quinta-feira, 27 de fevereiro<\/h2>\n<p>Beto se incomoda com o beijo c\u00eanico de C\u00e1ssio e Beatriz. Clarice repreende as atitudes de Bia contra Beatriz. Ronaldo afirma a Raimundo que ele precisa encontrar uma mulher que o ame. Nelson se infiltra no est\u00fadio de Alfredo. Chega o dia da estreia da nova novela, \u2018Senhora\u2019. Beatriz \u00e9 apresentada como protagonista da novela.<br \/>\n<figure id=\"attachment_73447\" aria-describedby=\"caption-attachment-73447\" style=\"width: 728px\" class=\"wp-caption alignnone\"><img data-recalc-dims=\"1\" decoding=\"async\" src=\"https:\/\/i0.wp.com\/www.tvnovelas.com.br\/tvnews\/wp-content\/uploads\/2025\/02\/10492b.jpg?resize=728%2C409&#038;ssl=1\" alt=\"Foto em Garota do Momento na semana 24\/2 a 1\u00b0\" title=\"(Foto: Globo\/Garota do Momento)\" width=\"728\" height=\"409\" class=\"size-full wp-image-73447\" srcset=\"https:\/\/i0.wp.com\/www.tvnovelas.com.br\/tvnews\/wp-content\/uploads\/2025\/02\/10492b.jpg?w=728&amp;ssl=1 728w, https:\/\/i0.wp.com\/www.tvnovelas.com.br\/tvnews\/wp-content\/uploads\/2025\/02\/10492b.jpg?resize=250%2C140&amp;ssl=1 250w\" sizes=\"(max-width: 728px) 100vw, 728px\" \/><figcaption id=\"caption-attachment-73447\" class=\"wp-caption-text\">Garota do Momento na semana 24\/2 a 1\u00b0<\/figcaption><\/figure><br \/>\n\u00a0<\/p>\n<h2 style=\"color: #77B254;\">Resumo de sexta-feira, 28 de fevereiro<\/h2>\n<p> (Cap\u00edtulo 100)<br \/>\nClarice convida a todos para um jantar em sua casa. Clarice sente dores de cabe\u00e7a. Clarice tem uma nova lembran\u00e7a. Maristela teme que a senha de seu cofre tenha sido descoberta. Marlene presenteia Raimundo. Bia prepara mais uma armadilha para Beatriz. Beatriz n\u00e3o gosta de ficar sozinha com C\u00e1ssio. Juliano pede que Bas\u00edlio resgate o broche de Maristela. Uma coluna social insinua que C\u00e1ssio e Beatriz est\u00e3o tendo um romance.<br \/>\n\u00a0<\/p>\n<h2 style=\"color: #77B254;\">Resumo de s\u00e1bado, 1\u00b0 de mar\u00e7o<\/h2>\n<p>Ronaldo mostra a coluna para Beto. Onofre recomenda que S\u00e9rgio mantenha a farsa sobre o envolvimento de C\u00e1ssio e Beatriz. Maristela descobre que Juliano a rouba. Beatriz se desespera. Beatriz conversa com Beto. Teresa desconfia das sa\u00eddas de Jacira. Jacira flagra Nelson escondido no camarim de Alfredo. Onofre repreende Beatriz por ter beijado Beto na rua. Beatriz afirma a Beto que os dois ter\u00e3o que namorar escondidos.<br \/>\n<!--END--><\/p>\n<div class=\"fb-comments\" data-width=\"100%\" data-order-by=\"reverse_time\" data-numposts=\"5\"><\/div>\n<h2>\u00daltimas publica\u00e7\u00f5es de Garota do Momento<\/h2>\n<div class=\"pt-cv-wrapper\"><div class=\"pt-cv-view pt-cv-grid pt-cv-colsys\" id=\"pt-cv-view-54854578lu\"><div data-id=\"pt-cv-page-1\" class=\"pt-cv-page\" data-cvc=\"1\"><div class=\"col-md-12 col-sm-12 col-xs-12 pt-cv-content-item pt-cv-1-col\" ><div class='pt-cv-ifield'><h4 class=\"pt-cv-title\"><a href=\"https:\/\/www.tvnovelas.com.br\/tvnews\/garota-do-momento-beatriz-e-beto-se-casam\/\" class=\"_self\" target=\"_self\" >Garota do Momento: Beatriz e Beto se casam<\/a><\/h4><\/div><\/div>\n<div class=\"col-md-12 col-sm-12 col-xs-12 pt-cv-content-item pt-cv-1-col\" ><div class='pt-cv-ifield'><h4 class=\"pt-cv-title\"><a href=\"https:\/\/www.tvnovelas.com.br\/tvnews\/garota-do-momento-clarice-sequestrada-por-juliano-desespera-beatriz\/\" class=\"_self\" target=\"_self\" >Garota do Momento: Clarice sequestrada por Juliano desespera Beatriz<\/a><\/h4><\/div><\/div>\n<div class=\"col-md-12 col-sm-12 col-xs-12 pt-cv-content-item pt-cv-1-col\" ><div class='pt-cv-ifield'><h4 class=\"pt-cv-title\"><a href=\"https:\/\/www.tvnovelas.com.br\/tvnews\/garota-do-momento-clarice-cospe-na-cara-de-maristela\/\" class=\"_self\" target=\"_self\" >Garota do Momento: Clarice cospe na cara de Maristela<\/a><\/h4><\/div><\/div>\n<div class=\"col-md-12 col-sm-12 col-xs-12 pt-cv-content-item pt-cv-1-col\" ><div class='pt-cv-ifield'><h4 class=\"pt-cv-title\"><a href=\"https:\/\/www.tvnovelas.com.br\/tvnews\/garota-do-momento-ligia-emociona-ao-dedicar-nova-musica-a-raimundo\/\" class=\"_self\" target=\"_self\" >Garota do Momento: Ligia emociona ao dedicar nova m\u00fasica a Raimundo<\/a><\/h4><\/div><\/div>\n<div class=\"col-md-12 col-sm-12 col-xs-12 pt-cv-content-item pt-cv-1-col\" ><div class='pt-cv-ifield'><h4 class=\"pt-cv-title\"><a href=\"https:\/\/www.tvnovelas.com.br\/tvnews\/garota-do-momento-zelia-beatriz-e-basilio-unidos-para-desmascarar-juliano\/\" class=\"_self\" target=\"_self\" >Garota do Momento: Z\u00e9lia, Beatriz e Bas\u00edlio unidos para desmascarar Juliano<\/a><\/h4><\/div><\/div>\n<div class=\"col-md-12 col-sm-12 col-xs-12 pt-cv-content-item pt-cv-1-col\" ><div class='pt-cv-ifield'><h4 class=\"pt-cv-title\"><a href=\"https:\/\/www.tvnovelas.com.br\/tvnews\/garota-do-momento-ligia-confessa-que-ama-raimundo-e-quer-voltar\/\" class=\"_self\" target=\"_self\" >Garota do Momento: Ligia confessa que ama Raimundo e quer voltar<\/a><\/h4><\/div><\/div><\/div><\/div><\/div>\n<h2>\u00daltimas not\u00edcias das novelas<\/h2>\n<p>[wp-rss-aggregator feeds=&#8221;todas&#8221;]<br \/>\n<a href=\"https:\/\/wp.me\/pfspD2-Ti\" target=\"_blank\" rel=\"noopener\"><strong>Garota do Momento: A saga dos Alencar<\/strong><\/a> (Sinopse)<br \/>\n<a href=\"https:\/\/tvnovelas.com.br\/filmes\/filmes-na-tv-segunda\/\" target=\"_blank\" rel=\"noopener\">Confira a programa\u00e7\u00e3o de filmes na TV aberta<\/a><br \/>\n<a href=\"https:\/\/www.tvnovelas.com.br\/tvnews\/\">\u00daltimas not\u00edcias de todas as novelas<\/a><\/p>\n","protected":false},"excerpt":{"rendered":"<p>Garota do Momento na semana 24\/2 a 1\u00b0&#8230; Nos pr\u00f3ximos cap\u00edtulos de Garota do Momento, Marlene flagra Juliano e Z\u00e9lia juntos; Bia faz alian\u00e7a com C\u00e1ssio contra Beatriz&#8230;<\/p>\n","protected":false},"author":1,"featured_media":73444,"comment_status":"closed","ping_status":"closed","sticky":false,"template":"","format":"standard","meta":{"_uf_show_specific_survey":0,"_uf_disable_surveys":false,"_jetpack_memberships_contains_paid_content":false,"footnotes":"","_wp_rev_ctl_limit":""},"categories":[812],"tags":[813,5,64],"class_list":["post-73358","post","type-post","status-publish","format-standard","has-post-thumbnail","hentry","category-garota-do-momento","tag-garota-do-momento","tag-globo","tag-novelas","wpcat-812-id"],"aioseo_notices":[],"jetpack_featured_media_url":"https:\/\/i0.wp.com\/www.tvnovelas.com.br\/tvnews\/wp-content\/uploads\/2025\/02\/10492a.jpg?fit=728%2C409&ssl=1","jetpack_shortlink":"https:\/\/wp.me\/pdP2BO-j5c","jetpack_sharing_enabled":true,"_links":{"self":[{"href":"https:\/\/www.tvnovelas.com.br\/tvnews\/wp-json\/wp\/v2\/posts\/73358","targetHints":{"allow":["GET"]}}],"collection":[{"href":"https:\/\/www.tvnovelas.com.br\/tvnews\/wp-json\/wp\/v2\/posts"}],"about":[{"href":"https:\/\/www.tvnovelas.com.br\/tvnews\/wp-json\/wp\/v2\/types\/post"}],"author":[{"embeddable":true,"href":"https:\/\/www.tvnovelas.com.br\/tvnews\/wp-json\/wp\/v2\/users\/1"}],"replies":[{"embeddable":true,"href":"https:\/\/www.tvnovelas.com.br\/tvnews\/wp-json\/wp\/v2\/comments?post=73358"}],"version-history":[{"count":5,"href":"https:\/\/www.tvnovelas.com.br\/tvnews\/wp-json\/wp\/v2\/posts\/73358\/revisions"}],"predecessor-version":[{"id":73445,"href":"https:\/\/www.tvnovelas.com.br\/tvnews\/wp-json\/wp\/v2\/posts\/73358\/revisions\/73445"}],"wp:featuredmedia":[{"embeddable":true,"href":"https:\/\/www.tvnovelas.com.br\/tvnews\/wp-json\/wp\/v2\/media\/73444"}],"wp:attachment":[{"href":"https:\/\/www.tvnovelas.com.br\/tvnews\/wp-json\/wp\/v2\/media?parent=73358"}],"wp:term":[{"taxonomy":"category","embeddable":true,"href":"https:\/\/www.tvnovelas.com.br\/tvnews\/wp-json\/wp\/v2\/categories?post=73358"},{"taxonomy":"post_tag","embeddable":true,"href":"https:\/\/www.tvnovelas.com.br\/tvnews\/wp-json\/wp\/v2\/tags?post=73358"}],"curies":[{"name":"wp","href":"https:\/\/api.w.org\/{rel}","templated":true}]}}