{"id":73417,"date":"2025-02-21T12:56:05","date_gmt":"2025-02-21T15:56:05","guid":{"rendered":"https:\/\/www.tvnovelas.com.br\/tvnews\/?p=73417"},"modified":"2025-02-21T15:24:18","modified_gmt":"2025-02-21T18:24:18","slug":"forca-de-mulher-sarp-se-revolta-ao-ver-bahar-e-os-filhos-abracando-arif","status":"publish","type":"post","link":"https:\/\/www.tvnovelas.com.br\/tvnews\/forca-de-mulher-sarp-se-revolta-ao-ver-bahar-e-os-filhos-abracando-arif\/","title":{"rendered":"For\u00e7a de Mulher: Sarp se revolta ao ver Bahar e os filhos abra\u00e7ando Arif"},"content":{"rendered":"<figure id=\"attachment_73418\" aria-describedby=\"caption-attachment-73418\" style=\"width: 728px\" class=\"wp-caption alignnone\"><img data-recalc-dims=\"1\" decoding=\"async\" class=\"wp-image-73418 size-full\" title=\"(Foto: For\u00e7a de Mulher\/For\u00e7a de Mulher)\" src=\"https:\/\/i0.wp.com\/www.tvnovelas.com.br\/tvnews\/wp-content\/uploads\/2025\/02\/10487.jpg?resize=728%2C410&#038;ssl=1\" alt=\"Foto em For\u00e7a de Mulher: Sarp se revolta\" width=\"728\" height=\"410\" srcset=\"https:\/\/i0.wp.com\/www.tvnovelas.com.br\/tvnews\/wp-content\/uploads\/2025\/02\/10487.jpg?w=728&amp;ssl=1 728w, https:\/\/i0.wp.com\/www.tvnovelas.com.br\/tvnews\/wp-content\/uploads\/2025\/02\/10487.jpg?resize=250%2C141&amp;ssl=1 250w\" sizes=\"(max-width: 728px) 100vw, 728px\" \/><figcaption id=\"caption-attachment-73418\" class=\"wp-caption-text\">For\u00e7a de Mulher: Sarp se revolta&#8230;<\/figcaption><\/figure>\n<p>No cap\u00edtulo de For\u00e7a de Mulher desta sexta, dia 21, Bahar e os filhos se abra\u00e7am e choram a morte de Yeliz. Sarp fica desolado ao ver a tristeza dos tr\u00eas e explica para os filhos o que aconteceu.<\/p>\n<p>Bahar fala que Arif est\u00e1 chegando para busc\u00e1-la. Sarp n\u00e3o gosta e pressiona a mulher, \u201cVoc\u00ea n\u00e3o vai sair com esse homem! N\u00e3o me obrigue a te prender aqui dentro\u201d. Arif chega e as crian\u00e7as correm para abra\u00e7\u00e1-lo. Bahar tamb\u00e9m o abra\u00e7a e Sarp fica irritado ao ver a cena. Ela sai com Arif, e Nisan e Doruk ficam com o pai.<\/p>\n<p>Enquanto isso, Sirin vai at\u00e9 a cafeteria atr\u00e1s de Hatice e Idil \u00e9 r\u00edspida com ela. A jovem sai furiosa do local e encontra Emre na cal\u00e7ada. Impressionado com a mo\u00e7a, ele a convida para um caf\u00e9.<\/p>\n<p>Ceyda, Hatice e Enver arrumam a sepultura de Yeliz com flores. Bahar chega com Arif e n\u00e3o consegue aceitar que a amiga est\u00e1 morta. Ela chora ajoelhada no t\u00famulo de Yeliz, sente-se culpada e pede perd\u00e3o.<\/p>\n<div style=\"background-color: #F3FF90;font-size: 140%;\">\nDo conhecido na trama at\u00e9 aqui, voc\u00ea acha que Sarp deve ser penalizado pelo sofrimento vivido por Bahar e os filhos ou ele \u00e9 igualmente v\u00edtima inocente?<br \/>\n<strong><a href=\"https:\/\/tvnovelas.com.br\/tvnews\/forum\/forum\/topic\/forca-de-mulher-sarp-canalha-ou-vitima\/#postid-5\" target=\"_blank\" rel=\"noopener\">Opine no F\u00f3rum de Novelas<\/a><\/strong>\n<\/div>\n<p><!--FIM DO POST--><\/p>\n<div class=\"fb-comments\" data-width=\"100%\" data-order-by=\"reverse_time\" data-numposts=\"5\"><\/div>\n<p>&nbsp;<\/p>\n<h2>Saiba mais:<\/h2>\n<p><a href=\"https:\/\/tvnovelas.com.br\/novelas\/resumos-de-forca-de-mulher\/\" target=\"_blank\" rel=\"noopener\">Resumos da semana de For\u00e7a de Mulher<\/a><br \/>\n<a href=\"https:\/\/tvnovelas.com.br\/page2\/arquivo\/forca-de-mulher-as-lutas-de-bahar\/\" target=\"_blank\" rel=\"noopener\">For\u00e7a de Mulher: As lutas de Bahar (Sinopse)<\/a><br \/>\n<a href=\"https:\/\/pt.wikipedia.org\/wiki\/Kad%C4%B1n\" target=\"_blank\" rel=\"noopener\">Sobre For\u00e7a de Mulher na Wikipedia<\/a><br \/>\n<a href=\"https:\/\/www.facebook.com\/tevenovelas\/\">\u00daltimas not\u00edcias do TV Novelas no Facebook<\/a><br \/>\n<a href=\"https:\/\/tvnovelas.com.br\/novelas\/\">Resumos de todas as novelas<\/a><\/p>\n","protected":false},"excerpt":{"rendered":"<p>For\u00e7a de Mulher: Sarp se revolta&#8230; No cap\u00edtulo de For\u00e7a de Mulher desta sexta, dia 21, Bahar e os filhos se abra\u00e7am e choram a morte de Yeliz. Sarp fica..<\/p>\n","protected":false},"author":1,"featured_media":73418,"comment_status":"closed","ping_status":"closed","sticky":false,"template":"","format":"standard","meta":{"_uf_show_specific_survey":0,"_uf_disable_surveys":false,"_jetpack_memberships_contains_paid_content":false,"footnotes":"","_wp_rev_ctl_limit":""},"categories":[803],"tags":[805,5,64],"class_list":["post-73417","post","type-post","status-publish","format-standard","has-post-thumbnail","hentry","category-forca-de-mulher","tag-forca-de-mulher","tag-globo","tag-novelas","wpcat-803-id"],"aioseo_notices":[],"jetpack_featured_media_url":"https:\/\/i0.wp.com\/www.tvnovelas.com.br\/tvnews\/wp-content\/uploads\/2025\/02\/10487.jpg?fit=728%2C410&ssl=1","jetpack_shortlink":"https:\/\/wp.me\/pdP2BO-j69","jetpack_sharing_enabled":true,"_links":{"self":[{"href":"https:\/\/www.tvnovelas.com.br\/tvnews\/wp-json\/wp\/v2\/posts\/73417","targetHints":{"allow":["GET"]}}],"collection":[{"href":"https:\/\/www.tvnovelas.com.br\/tvnews\/wp-json\/wp\/v2\/posts"}],"about":[{"href":"https:\/\/www.tvnovelas.com.br\/tvnews\/wp-json\/wp\/v2\/types\/post"}],"author":[{"embeddable":true,"href":"https:\/\/www.tvnovelas.com.br\/tvnews\/wp-json\/wp\/v2\/users\/1"}],"replies":[{"embeddable":true,"href":"https:\/\/www.tvnovelas.com.br\/tvnews\/wp-json\/wp\/v2\/comments?post=73417"}],"version-history":[{"count":2,"href":"https:\/\/www.tvnovelas.com.br\/tvnews\/wp-json\/wp\/v2\/posts\/73417\/revisions"}],"predecessor-version":[{"id":73421,"href":"https:\/\/www.tvnovelas.com.br\/tvnews\/wp-json\/wp\/v2\/posts\/73417\/revisions\/73421"}],"wp:featuredmedia":[{"embeddable":true,"href":"https:\/\/www.tvnovelas.com.br\/tvnews\/wp-json\/wp\/v2\/media\/73418"}],"wp:attachment":[{"href":"https:\/\/www.tvnovelas.com.br\/tvnews\/wp-json\/wp\/v2\/media?parent=73417"}],"wp:term":[{"taxonomy":"category","embeddable":true,"href":"https:\/\/www.tvnovelas.com.br\/tvnews\/wp-json\/wp\/v2\/categories?post=73417"},{"taxonomy":"post_tag","embeddable":true,"href":"https:\/\/www.tvnovelas.com.br\/tvnews\/wp-json\/wp\/v2\/tags?post=73417"}],"curies":[{"name":"wp","href":"https:\/\/api.w.org\/{rel}","templated":true}]}}