{"id":73484,"date":"2025-02-24T09:27:19","date_gmt":"2025-02-24T12:27:19","guid":{"rendered":"https:\/\/www.tvnovelas.com.br\/tvnews\/?p=73484"},"modified":"2025-02-24T09:27:19","modified_gmt":"2025-02-24T12:27:19","slug":"garota-do-momento-raimundo-sugere-revival-e-ligia-rejeita","status":"publish","type":"post","link":"https:\/\/www.tvnovelas.com.br\/tvnews\/garota-do-momento-raimundo-sugere-revival-e-ligia-rejeita\/","title":{"rendered":"Garota do Momento: Raimundo sugere revival e L\u00edgia rejeita"},"content":{"rendered":"<figure id=\"attachment_73485\" aria-describedby=\"caption-attachment-73485\" style=\"width: 728px\" class=\"wp-caption alignnone\"><img data-recalc-dims=\"1\" decoding=\"async\" class=\"wp-image-73485 size-full\" title=\"(Foto: Globo\/Garota do Momento)\" src=\"https:\/\/i0.wp.com\/www.tvnovelas.com.br\/tvnews\/wp-content\/uploads\/2025\/02\/10500.jpg?resize=728%2C410&#038;ssl=1\" alt=\"Foto em vGarota do Momento: Raimundo\" width=\"728\" height=\"410\" srcset=\"https:\/\/i0.wp.com\/www.tvnovelas.com.br\/tvnews\/wp-content\/uploads\/2025\/02\/10500.jpg?w=728&amp;ssl=1 728w, https:\/\/i0.wp.com\/www.tvnovelas.com.br\/tvnews\/wp-content\/uploads\/2025\/02\/10500.jpg?resize=250%2C141&amp;ssl=1 250w\" sizes=\"(max-width: 728px) 100vw, 728px\" \/><figcaption id=\"caption-attachment-73485\" class=\"wp-caption-text\">vGarota do Momento: Raimundo<\/figcaption><\/figure>\n<p>Em Garota do Momento, Ligia (Palomma Duarte) segue na tentativa de se reaproximar dos seus tr\u00eas filhos. Para investir na sua carreira de cantora, ela precisou abandonar as crian\u00e7as e foi impedida por Raimundo (Danton Mello) de criar la\u00e7os com o trio. Anos depois, os dois acabaram assinando o desquite, mas ainda ficam mexidos quando se encontram. E, nos pr\u00f3ximos cap\u00edtulos, n\u00e3o ser\u00e1 diferente.<\/p>\n<p>Depois de ouvir os conselhos de Verinha (Tatiana Tib\u00farcio), Raimundo permitir\u00e1 o namoro entre Celeste (Debora Oz\u00f3rio) e Edu (Caio Manhente), deixando o clima mais leve na fam\u00edlia Sobral. O bom humor contagia o ex-casal e os dois acabam dan\u00e7ando ao som do samba do Gente Fina ap\u00f3s a exibi\u00e7\u00e3o do document\u00e1rio de Beto (Pedro Novaes).<\/p>\n<p>No calor da emo\u00e7\u00e3o, o dono da ag\u00eancia faz elogios e se declara a ex: &#8220;S\u00f3 sei que no meu cora\u00e7\u00e3o, o amor continua igual quando nos conhecemos. E eu duvido que algu\u00e9m tenha mexido com o seu cora\u00e7\u00e3o como eu&#8221;.<\/p>\n<p>&#8220;Acho que \u00e0s vezes voc\u00ea ficou um pouco parado no tempo. Acho mesmo at\u00e9 que voc\u00ea deveria se abrir para outras rela\u00e7\u00f5es, como eu. Eu, por exemplo, estou \u00e0 procura de uma rela\u00e7\u00e3o que me busco aquelas que n\u00e3o me exijam ren\u00fancias que n\u00e3o estou disposta a fazer&#8221;, retruca a cantora.<\/p>\n<p>&#8220;D\u00e1 uma chance pra gente, L\u00edgia. Nossa casa \u00e9 outra agora. A Celeste t\u00e1 feliz, os meninos crescidos, encaminhados. Voc\u00ea \u00e9 a mulher da minha vida&#8221;, dispara ele.<\/p>\n<p>&#8220;Raimundo, eu sinto um carinho gigantesco por tudo que vivemos, pelos frutos do nosso amor. Mas o lugar que voc\u00ea ocupou um dia na minha vida, nunca mais vai ocupar&#8221;, declara ela, pra decep\u00e7\u00e3o do ex.<br \/>\n<!--END--><\/p>\n<div class=\"fb-comments\" data-width=\"100%\" data-order-by=\"reverse_time\" data-numposts=\"5\"><\/div>\n<h2>\u00daltimas publica\u00e7\u00f5es de Garota do Momento<\/h2>\n<div class=\"pt-cv-wrapper\"><div class=\"pt-cv-view pt-cv-grid pt-cv-colsys\" id=\"pt-cv-view-54854578lu\"><div data-id=\"pt-cv-page-1\" class=\"pt-cv-page\" data-cvc=\"1\"><div class=\"col-md-12 col-sm-12 col-xs-12 pt-cv-content-item pt-cv-1-col\" ><div class='pt-cv-ifield'><h4 class=\"pt-cv-title\"><a href=\"https:\/\/www.tvnovelas.com.br\/tvnews\/garota-do-momento-beatriz-e-beto-se-casam\/\" class=\"_self\" target=\"_self\" >Garota do Momento: Beatriz e Beto se casam<\/a><\/h4><\/div><\/div>\n<div class=\"col-md-12 col-sm-12 col-xs-12 pt-cv-content-item pt-cv-1-col\" ><div class='pt-cv-ifield'><h4 class=\"pt-cv-title\"><a href=\"https:\/\/www.tvnovelas.com.br\/tvnews\/garota-do-momento-clarice-sequestrada-por-juliano-desespera-beatriz\/\" class=\"_self\" target=\"_self\" >Garota do Momento: Clarice sequestrada por Juliano desespera Beatriz<\/a><\/h4><\/div><\/div>\n<div class=\"col-md-12 col-sm-12 col-xs-12 pt-cv-content-item pt-cv-1-col\" ><div class='pt-cv-ifield'><h4 class=\"pt-cv-title\"><a href=\"https:\/\/www.tvnovelas.com.br\/tvnews\/garota-do-momento-clarice-cospe-na-cara-de-maristela\/\" class=\"_self\" target=\"_self\" >Garota do Momento: Clarice cospe na cara de Maristela<\/a><\/h4><\/div><\/div>\n<div class=\"col-md-12 col-sm-12 col-xs-12 pt-cv-content-item pt-cv-1-col\" ><div class='pt-cv-ifield'><h4 class=\"pt-cv-title\"><a href=\"https:\/\/www.tvnovelas.com.br\/tvnews\/garota-do-momento-ligia-emociona-ao-dedicar-nova-musica-a-raimundo\/\" class=\"_self\" target=\"_self\" >Garota do Momento: Ligia emociona ao dedicar nova m\u00fasica a Raimundo<\/a><\/h4><\/div><\/div>\n<div class=\"col-md-12 col-sm-12 col-xs-12 pt-cv-content-item pt-cv-1-col\" ><div class='pt-cv-ifield'><h4 class=\"pt-cv-title\"><a href=\"https:\/\/www.tvnovelas.com.br\/tvnews\/garota-do-momento-zelia-beatriz-e-basilio-unidos-para-desmascarar-juliano\/\" class=\"_self\" target=\"_self\" >Garota do Momento: Z\u00e9lia, Beatriz e Bas\u00edlio unidos para desmascarar Juliano<\/a><\/h4><\/div><\/div>\n<div class=\"col-md-12 col-sm-12 col-xs-12 pt-cv-content-item pt-cv-1-col\" ><div class='pt-cv-ifield'><h4 class=\"pt-cv-title\"><a href=\"https:\/\/www.tvnovelas.com.br\/tvnews\/garota-do-momento-ligia-confessa-que-ama-raimundo-e-quer-voltar\/\" class=\"_self\" target=\"_self\" >Garota do Momento: Ligia confessa que ama Raimundo e quer voltar<\/a><\/h4><\/div><\/div><\/div><\/div><\/div>\n<h2>\u00daltimas not\u00edcias das novelas<\/h2>\n<p>[wp-rss-aggregator feeds=&#8221;todas&#8221;]<br \/>\n<a href=\"https:\/\/wp.me\/pfspD2-Ti\" target=\"_blank\" rel=\"noopener\"><strong>Garota do Momento: A saga dos Alencar<\/strong><\/a> (Sinopse)<br \/>\n<a href=\"https:\/\/tvnovelas.com.br\/filmes\/filmes-na-tv-segunda\/\" target=\"_blank\" rel=\"noopener\">Confira a programa\u00e7\u00e3o de filmes na TV aberta<\/a><br \/>\n<a href=\"https:\/\/www.tvnovelas.com.br\/tvnews\/\">\u00daltimas not\u00edcias de todas as novelas<\/a><\/p>\n","protected":false},"excerpt":{"rendered":"<p>vGarota do Momento: Raimundo&#8230; Em Garota do Momento, Ligia (Palomma Duarte) segue na tentativa de se reaproximar dos seus tr\u00eas filhos. Para investir&#8230;<\/p>\n","protected":false},"author":1,"featured_media":73485,"comment_status":"closed","ping_status":"closed","sticky":false,"template":"","format":"standard","meta":{"_uf_show_specific_survey":0,"_uf_disable_surveys":false,"_jetpack_memberships_contains_paid_content":false,"footnotes":"","_wp_rev_ctl_limit":""},"categories":[812],"tags":[813,5],"class_list":["post-73484","post","type-post","status-publish","format-standard","has-post-thumbnail","hentry","category-garota-do-momento","tag-garota-do-momento","tag-globo","wpcat-812-id"],"aioseo_notices":[],"jetpack_featured_media_url":"https:\/\/i0.wp.com\/www.tvnovelas.com.br\/tvnews\/wp-content\/uploads\/2025\/02\/10500.jpg?fit=728%2C410&ssl=1","jetpack_shortlink":"https:\/\/wp.me\/pdP2BO-j7e","jetpack_sharing_enabled":true,"_links":{"self":[{"href":"https:\/\/www.tvnovelas.com.br\/tvnews\/wp-json\/wp\/v2\/posts\/73484","targetHints":{"allow":["GET"]}}],"collection":[{"href":"https:\/\/www.tvnovelas.com.br\/tvnews\/wp-json\/wp\/v2\/posts"}],"about":[{"href":"https:\/\/www.tvnovelas.com.br\/tvnews\/wp-json\/wp\/v2\/types\/post"}],"author":[{"embeddable":true,"href":"https:\/\/www.tvnovelas.com.br\/tvnews\/wp-json\/wp\/v2\/users\/1"}],"replies":[{"embeddable":true,"href":"https:\/\/www.tvnovelas.com.br\/tvnews\/wp-json\/wp\/v2\/comments?post=73484"}],"version-history":[{"count":1,"href":"https:\/\/www.tvnovelas.com.br\/tvnews\/wp-json\/wp\/v2\/posts\/73484\/revisions"}],"predecessor-version":[{"id":73486,"href":"https:\/\/www.tvnovelas.com.br\/tvnews\/wp-json\/wp\/v2\/posts\/73484\/revisions\/73486"}],"wp:featuredmedia":[{"embeddable":true,"href":"https:\/\/www.tvnovelas.com.br\/tvnews\/wp-json\/wp\/v2\/media\/73485"}],"wp:attachment":[{"href":"https:\/\/www.tvnovelas.com.br\/tvnews\/wp-json\/wp\/v2\/media?parent=73484"}],"wp:term":[{"taxonomy":"category","embeddable":true,"href":"https:\/\/www.tvnovelas.com.br\/tvnews\/wp-json\/wp\/v2\/categories?post=73484"},{"taxonomy":"post_tag","embeddable":true,"href":"https:\/\/www.tvnovelas.com.br\/tvnews\/wp-json\/wp\/v2\/tags?post=73484"}],"curies":[{"name":"wp","href":"https:\/\/api.w.org\/{rel}","templated":true}]}}