{"id":73550,"date":"2025-02-26T11:55:24","date_gmt":"2025-02-26T14:55:24","guid":{"rendered":"https:\/\/www.tvnovelas.com.br\/tvnews\/?p=73550"},"modified":"2025-02-26T11:55:59","modified_gmt":"2025-02-26T14:55:59","slug":"fo-rca-de-mulher-sarp-abraca-bahar-e-diz-que-a-ama-piril-ouve","status":"publish","type":"post","link":"https:\/\/www.tvnovelas.com.br\/tvnews\/fo-rca-de-mulher-sarp-abraca-bahar-e-diz-que-a-ama-piril-ouve\/","title":{"rendered":"For\u00e7a de Mulher: Sarp abra\u00e7a Bahar e diz que a ama; Piril ouve"},"content":{"rendered":"<p><figure id=\"attachment_73551\" aria-describedby=\"caption-attachment-73551\" style=\"width: 728px\" class=\"wp-caption alignnone\"><img data-recalc-dims=\"1\" decoding=\"async\" src=\"https:\/\/i0.wp.com\/www.tvnovelas.com.br\/tvnews\/wp-content\/uploads\/2025\/02\/10515.jpg?resize=728%2C410&#038;ssl=1\" alt=\"Foto em Fo r\u00e7a de Mulher: Sarp abra\u00e7a Bahar\" width=\"728\" height=\"410\" class=\"size-full wp-image-73551\" srcset=\"https:\/\/i0.wp.com\/www.tvnovelas.com.br\/tvnews\/wp-content\/uploads\/2025\/02\/10515.jpg?w=728&amp;ssl=1 728w, https:\/\/i0.wp.com\/www.tvnovelas.com.br\/tvnews\/wp-content\/uploads\/2025\/02\/10515.jpg?resize=250%2C141&amp;ssl=1 250w\" sizes=\"(max-width: 728px) 100vw, 728px\" \/><figcaption id=\"caption-attachment-73551\" class=\"wp-caption-text\">Fo r\u00e7a de Mulher: Sarp abra\u00e7a Bahar..<\/figcaption><\/figure><br \/>\n(Foto: For\u00e7a de Mulher\/For\u00e7a de Mulher)<br \/>\nNo cap\u00edtulo de For\u00e7a de Mulher desta quarta, dia 26 Sarp abra\u00e7a Bahar, diz que a ama e Piril sofre ao escutar a declara\u00e7\u00e3o. Bahar n\u00e3o entende como ele se casou e teve dois filhos e o empres\u00e1rio jura que nunca amou Piril&#8230;.<br \/>\nConfira o resumo do cap\u00edtulo de hoje:<\/p>\n<h2 style=\"color: #77B254;\">Resumo de quarta-feira, 26 de fevereiro<\/h2>\n<p>Sarp e Bahar conversam em clima tenso. Sarp quer saber o que existe entre Bahar e Arif, deixando a ex-mulher irritada. Sarp conta toda a verdade sobre o acidente que sofreu na balsa e o que aconteceu depois. Bahar chora e se revolta ao descobrir tudo o que Sirin aprontou. Piril manda Leila passear com as crian\u00e7as, e entra na cozinha para escutar a conversa. Bahar entende parte da hist\u00f3ria de6Sarp, mas se revolta ao constatar que ele s\u00f3 pensou nele, enquanto a fam\u00edlia passava fome. Sarp abra\u00e7a Bahar, diz que a ama e Piril sofre ao escutar a declara\u00e7\u00e3o. Bahar n\u00e3o entende como ele se casou e teve dois filhos e o empres\u00e1rio jura que nunca amou Piril. Nervosa, Bahar vai at\u00e9 a cozinha e quase flagra Piril.<br \/>\n<!--FORUM--><\/p>\n<div style=\"background-color: #F3FF90;font-size: 140%;\">\nDo conhecido na trama at\u00e9 aqui, voc\u00ea acha que Sarp deve ser penalizado pelo sofrimento vivido por Bahar e os filhos ou ele \u00e9 igualmente v\u00edtima inocente?<br \/>\n<strong><a href=\"https:\/\/tvnovelas.com.br\/tvnews\/forum\/forum\/topic\/forca-de-mulher-sarp-canalha-ou-vitima\/#postid-5\" target=\"_blank\" rel=\"noopener\">Opine no F\u00f3rum de Novelas<\/a><\/strong>\n<\/div>\n<p><!--END FORUM--><br \/>\n<!--FIM DO POST--><\/p>\n<div class=\"fb-comments\" data-width=\"100%\" data-order-by=\"reverse_time\" data-numposts=\"5\"><\/div>\n<h2>Saiba mais:<\/h2>\n<p><a href=\"https:\/\/tvnovelas.com.br\/novelas\/resumos-de-forca-de-mulher\/\" target=\"_blank\" rel=\"noopener\">Resumos da semana de For\u00e7a de Mulher<\/a><br \/>\n<a href=\"https:\/\/tvnovelas.com.br\/page2\/arquivo\/forca-de-mulher-as-lutas-de-bahar\/\" target=\"_blank\" rel=\"noopener\">For\u00e7a de Mulher: As lutas de Bahar (Sinopse)<\/a><br \/>\n<a href=\"https:\/\/pt.wikipedia.org\/wiki\/Kad%C4%B1n\" target=\"_blank\" rel=\"noopener\">Sobre For\u00e7a de Mulher na Wikipedia<\/a><br \/>\n<a href=\"https:\/\/www.facebook.com\/tevenovelas\/\">\u00daltimas not\u00edcias do TV Novelas no Facebook<\/a><br \/>\n<a href=\"https:\/\/tvnovelas.com.br\/novelas\/\">Resumos de todas as novelas<\/a><\/p>\n","protected":false},"excerpt":{"rendered":"<p>Fo r\u00e7a de Mulher: Sarp abra\u00e7a Bahar&#8230;. No cap\u00edtulo de For\u00e7a de Mulher desta quarta, dia 26 Sarp abra\u00e7a Bahar, diz que a ama e Piril sofre ao escutar&#8230;.<\/p>\n","protected":false},"author":1,"featured_media":73551,"comment_status":"closed","ping_status":"closed","sticky":false,"template":"","format":"standard","meta":{"_uf_show_specific_survey":0,"_uf_disable_surveys":false,"_jetpack_memberships_contains_paid_content":false,"footnotes":"","_wp_rev_ctl_limit":""},"categories":[353],"tags":[805,64,14],"class_list":["post-73550","post","type-post","status-publish","format-standard","has-post-thumbnail","hentry","category-resumos-de-novelas","tag-forca-de-mulher","tag-novelas","tag-record","wpcat-353-id"],"aioseo_notices":[],"jetpack_featured_media_url":"https:\/\/i0.wp.com\/www.tvnovelas.com.br\/tvnews\/wp-content\/uploads\/2025\/02\/10515.jpg?fit=728%2C410&ssl=1","jetpack_shortlink":"https:\/\/wp.me\/pdP2BO-j8i","jetpack_sharing_enabled":true,"_links":{"self":[{"href":"https:\/\/www.tvnovelas.com.br\/tvnews\/wp-json\/wp\/v2\/posts\/73550","targetHints":{"allow":["GET"]}}],"collection":[{"href":"https:\/\/www.tvnovelas.com.br\/tvnews\/wp-json\/wp\/v2\/posts"}],"about":[{"href":"https:\/\/www.tvnovelas.com.br\/tvnews\/wp-json\/wp\/v2\/types\/post"}],"author":[{"embeddable":true,"href":"https:\/\/www.tvnovelas.com.br\/tvnews\/wp-json\/wp\/v2\/users\/1"}],"replies":[{"embeddable":true,"href":"https:\/\/www.tvnovelas.com.br\/tvnews\/wp-json\/wp\/v2\/comments?post=73550"}],"version-history":[{"count":2,"href":"https:\/\/www.tvnovelas.com.br\/tvnews\/wp-json\/wp\/v2\/posts\/73550\/revisions"}],"predecessor-version":[{"id":73553,"href":"https:\/\/www.tvnovelas.com.br\/tvnews\/wp-json\/wp\/v2\/posts\/73550\/revisions\/73553"}],"wp:featuredmedia":[{"embeddable":true,"href":"https:\/\/www.tvnovelas.com.br\/tvnews\/wp-json\/wp\/v2\/media\/73551"}],"wp:attachment":[{"href":"https:\/\/www.tvnovelas.com.br\/tvnews\/wp-json\/wp\/v2\/media?parent=73550"}],"wp:term":[{"taxonomy":"category","embeddable":true,"href":"https:\/\/www.tvnovelas.com.br\/tvnews\/wp-json\/wp\/v2\/categories?post=73550"},{"taxonomy":"post_tag","embeddable":true,"href":"https:\/\/www.tvnovelas.com.br\/tvnews\/wp-json\/wp\/v2\/tags?post=73550"}],"curies":[{"name":"wp","href":"https:\/\/api.w.org\/{rel}","templated":true}]}}