{"id":73560,"date":"2025-02-26T15:03:52","date_gmt":"2025-02-26T18:03:52","guid":{"rendered":"https:\/\/www.tvnovelas.com.br\/tvnews\/?p=73560"},"modified":"2025-02-26T15:03:52","modified_gmt":"2025-02-26T18:03:52","slug":"forca-de-mulher-bahar-enfrenta-a-verdade-sobre-o-passado-de-sarp","status":"publish","type":"post","link":"https:\/\/www.tvnovelas.com.br\/tvnews\/forca-de-mulher-bahar-enfrenta-a-verdade-sobre-o-passado-de-sarp\/","title":{"rendered":"For\u00e7a de Mulher: Bahar enfrenta a verdade sobre o passado de Sarp"},"content":{"rendered":"<figure id=\"attachment_73561\" aria-describedby=\"caption-attachment-73561\" style=\"width: 728px\" class=\"wp-caption alignnone\"><img data-recalc-dims=\"1\" decoding=\"async\" class=\"wp-image-73561 size-full\" title=\"(Foto: For\u00e7a de Mulher\/For\u00e7a de Mulher)\" src=\"https:\/\/i0.wp.com\/www.tvnovelas.com.br\/tvnews\/wp-content\/uploads\/2025\/02\/10517.jpg?resize=728%2C410&#038;ssl=1\" alt=\"Foto em For\u00e7a de Mulher: Bahar enfrenta a verdade...\" width=\"728\" height=\"410\" srcset=\"https:\/\/i0.wp.com\/www.tvnovelas.com.br\/tvnews\/wp-content\/uploads\/2025\/02\/10517.jpg?w=728&amp;ssl=1 728w, https:\/\/i0.wp.com\/www.tvnovelas.com.br\/tvnews\/wp-content\/uploads\/2025\/02\/10517.jpg?resize=250%2C141&amp;ssl=1 250w\" sizes=\"(max-width: 728px) 100vw, 728px\" \/><figcaption id=\"caption-attachment-73561\" class=\"wp-caption-text\">For\u00e7a de Mulher: Bahar enfrenta a verdade&#8230;<\/figcaption><\/figure>\n<p>No cap\u00edtulo de For\u00e7a de Mulher desta quarta, dia 26 em uma conversa carregada de tens\u00e3o, Sarp questiona Bahar sobre sua rela\u00e7\u00e3o com Arif, deixando-a irritada. Revoltado, ele decide contar toda a verdade sobre o acidente na balsa e os acontecimentos que se seguiram.<\/p>\n<p>Ao descobrir as arma\u00e7\u00f5es de Sirin, Bahar se revolta e chora. \u201cA minha pr\u00f3pria irm\u00e3 acusou o meu marido de ass\u00e9dio. Por que tanta maldade?\u201d, desabafa Bahar.<\/p>\n<p>Enquanto isso, Piril, curiosa, pede que Leila leve as crian\u00e7as para passear e se esconde na cozinha para ouvir a conversa. Bahar tenta compreender a hist\u00f3ria de Sarp, mas se enfurece ao perceber que ele pensou apenas em si mesmo, enquanto sua fam\u00edlia enfrentava dificuldades.<\/p>\n<p>Em meio \u00e0 emo\u00e7\u00e3o, Sarp a abra\u00e7a e declara seu amor, deixando Piril arrasada ao escutar a confiss\u00e3o. Bahar, inconformada, questiona como ele p\u00f4de se casar e ter filhos com outra mulher. O empres\u00e1rio garante que nunca amou Piril. Ainda nervosa, Bahar vai at\u00e9 a cozinha e quase a flagra ouvindo tudo.<br \/>\n<!--FORUM--><\/p>\n<div style=\"background-color: #f3ff90; font-size: 140%;\">Do conhecido na trama at\u00e9 aqui, voc\u00ea acha que Sarp deve ser penalizado pelo sofrimento vivido por Bahar e os filhos ou ele \u00e9 igualmente v\u00edtima inocente?<br \/>\n<strong><a href=\"https:\/\/tvnovelas.com.br\/tvnews\/forum\/forum\/topic\/forca-de-mulher-sarp-canalha-ou-vitima\/#postid-5\" target=\"_blank\" rel=\"noopener\">Opine no F\u00f3rum de Novelas<\/a><\/strong><\/div>\n<p><!--END FORUM--><br \/>\n<!--FIM DO POST--><\/p>\n<div class=\"fb-comments\" data-width=\"100%\" data-order-by=\"reverse_time\" data-numposts=\"5\"><\/div>\n<h2>Saiba mais:<\/h2>\n<p><a href=\"https:\/\/tvnovelas.com.br\/novelas\/resumos-de-forca-de-mulher\/\" target=\"_blank\" rel=\"noopener\">Resumos da semana de For\u00e7a de Mulher<\/a><br \/>\n<a href=\"https:\/\/tvnovelas.com.br\/page2\/arquivo\/forca-de-mulher-as-lutas-de-bahar\/\" target=\"_blank\" rel=\"noopener\">For\u00e7a de Mulher: As lutas de Bahar (Sinopse)<\/a><br \/>\n<a href=\"https:\/\/pt.wikipedia.org\/wiki\/Kad%C4%B1n\" target=\"_blank\" rel=\"noopener\">Sobre For\u00e7a de Mulher na Wikipedia<\/a><br \/>\n<a href=\"https:\/\/www.facebook.com\/tevenovelas\/\">\u00daltimas not\u00edcias do TV Novelas no Facebook<\/a><br \/>\n<a href=\"https:\/\/tvnovelas.com.br\/novelas\/\">Resumos de todas as novelas<\/a><\/p>\n","protected":false},"excerpt":{"rendered":"<p>For\u00e7a de Mulher: Bahar enfrenta a verdade&#8230; No cap\u00edtulo de For\u00e7a de Mulher desta quarta, dia 26 em uma conversa carregada de tens\u00e3o, Sarp questiona&#8230;<\/p>\n","protected":false},"author":1,"featured_media":73561,"comment_status":"closed","ping_status":"closed","sticky":false,"template":"","format":"standard","meta":{"_uf_show_specific_survey":0,"_uf_disable_surveys":false,"_jetpack_memberships_contains_paid_content":false,"footnotes":"","_wp_rev_ctl_limit":""},"categories":[803],"tags":[805,64,14],"class_list":["post-73560","post","type-post","status-publish","format-standard","has-post-thumbnail","hentry","category-forca-de-mulher","tag-forca-de-mulher","tag-novelas","tag-record","wpcat-803-id"],"aioseo_notices":[],"jetpack_featured_media_url":"https:\/\/i0.wp.com\/www.tvnovelas.com.br\/tvnews\/wp-content\/uploads\/2025\/02\/10517.jpg?fit=728%2C410&ssl=1","jetpack_shortlink":"https:\/\/wp.me\/pdP2BO-j8s","jetpack_sharing_enabled":true,"_links":{"self":[{"href":"https:\/\/www.tvnovelas.com.br\/tvnews\/wp-json\/wp\/v2\/posts\/73560","targetHints":{"allow":["GET"]}}],"collection":[{"href":"https:\/\/www.tvnovelas.com.br\/tvnews\/wp-json\/wp\/v2\/posts"}],"about":[{"href":"https:\/\/www.tvnovelas.com.br\/tvnews\/wp-json\/wp\/v2\/types\/post"}],"author":[{"embeddable":true,"href":"https:\/\/www.tvnovelas.com.br\/tvnews\/wp-json\/wp\/v2\/users\/1"}],"replies":[{"embeddable":true,"href":"https:\/\/www.tvnovelas.com.br\/tvnews\/wp-json\/wp\/v2\/comments?post=73560"}],"version-history":[{"count":1,"href":"https:\/\/www.tvnovelas.com.br\/tvnews\/wp-json\/wp\/v2\/posts\/73560\/revisions"}],"predecessor-version":[{"id":73562,"href":"https:\/\/www.tvnovelas.com.br\/tvnews\/wp-json\/wp\/v2\/posts\/73560\/revisions\/73562"}],"wp:featuredmedia":[{"embeddable":true,"href":"https:\/\/www.tvnovelas.com.br\/tvnews\/wp-json\/wp\/v2\/media\/73561"}],"wp:attachment":[{"href":"https:\/\/www.tvnovelas.com.br\/tvnews\/wp-json\/wp\/v2\/media?parent=73560"}],"wp:term":[{"taxonomy":"category","embeddable":true,"href":"https:\/\/www.tvnovelas.com.br\/tvnews\/wp-json\/wp\/v2\/categories?post=73560"},{"taxonomy":"post_tag","embeddable":true,"href":"https:\/\/www.tvnovelas.com.br\/tvnews\/wp-json\/wp\/v2\/tags?post=73560"}],"curies":[{"name":"wp","href":"https:\/\/api.w.org\/{rel}","templated":true}]}}