{"id":73610,"date":"2025-02-28T10:51:35","date_gmt":"2025-02-28T13:51:35","guid":{"rendered":"https:\/\/www.tvnovelas.com.br\/tvnews\/?p=73610"},"modified":"2025-02-28T10:51:35","modified_gmt":"2025-02-28T13:51:35","slug":"forca-de-mulher-piril-fica-depressiva","status":"publish","type":"post","link":"https:\/\/www.tvnovelas.com.br\/tvnews\/forca-de-mulher-piril-fica-depressiva\/","title":{"rendered":"For\u00e7a de Mulher: Piril fica depressiva"},"content":{"rendered":"<figure id=\"attachment_72911\" aria-describedby=\"caption-attachment-72911\" style=\"width: 728px\" class=\"wp-caption alignnone\"><img data-recalc-dims=\"1\" decoding=\"async\" class=\"wp-image-72911 size-full\" title=\"(Foto: For\u00e7a de Mulher\/For\u00e7a de Mulher)\" src=\"https:\/\/i0.wp.com\/www.tvnovelas.com.br\/tvnews\/wp-content\/uploads\/2025\/02\/10388.jpg?resize=728%2C410&#038;ssl=1\" alt=\"Foto em For\u00e7a de Mulher: For\u00e7a de Mulher: Piril fica depressiva....\" width=\"728\" height=\"410\" srcset=\"https:\/\/i0.wp.com\/www.tvnovelas.com.br\/tvnews\/wp-content\/uploads\/2025\/02\/10388.jpg?w=728&amp;ssl=1 728w, https:\/\/i0.wp.com\/www.tvnovelas.com.br\/tvnews\/wp-content\/uploads\/2025\/02\/10388.jpg?resize=250%2C141&amp;ssl=1 250w\" sizes=\"(max-width: 728px) 100vw, 728px\" \/><figcaption id=\"caption-attachment-72911\" class=\"wp-caption-text\">For\u00e7a de Mulher: Piril fica depressiva&#8230;<\/figcaption><\/figure>\n<p>No cap\u00edtulo de For\u00e7a de Mulher desta sexta,28, Piril fica depressiva e Leila liga para Suat para contar o que est\u00e1 acontecendo. Suat ent\u00e3o d\u00e1 ordem para Munir buscar Piril e os netos. Confira o resumo do cap\u00edtulo de hoje:<\/p>\n<h2 style=\"color: #77b254;\">Resumo de sexta-feira, 28 de fevereiro<\/h2>\n<p>Piril fica depressiva e Leila liga para Suat para contar o que est\u00e1 acontecendo. Suat d\u00e1 ordem para Munir buscar Piril e os netos. Sirin tenta espantar mais uma cliente da loja de tecidos, mas se d\u00e1 mal e \u00e9 demitida. Idil encontra a pulseira que Sirin ganhou de Suat. Sarp se revolta quando Suat chega \u00e0 mans\u00e3o para levar Piril e os netos. A milion\u00e1ria avisa que quer sair daquela casa. Bahar implora para Piril ajud\u00e1-la a tamb\u00e9m ir embora dali. Enver fica arrasado quando o amigo conta o que Sirin aprontou. Sirin sai nervosa da cafeteria e esbarra em Emre. Em clima de paquera, os dois combinam de tomar um caf\u00e9 outro dia. Uma arrumadeira instala aparelhos de escuta na su\u00edte do hotel para onde Piril voltar\u00e1. Sarp chora ao ver Piril ir embora com os filhos.<\/p>\n<p><!--FORUM--><\/p>\n<div style=\"background-color: #f3ff90; font-size: 140%;\">Do conhecido na trama at\u00e9 aqui, voc\u00ea acha que Sarp deve ser penalizado pelo sofrimento vivido por Bahar e os filhos ou ele \u00e9 igualmente v\u00edtima inocente?<br \/>\n<strong><a href=\"https:\/\/tvnovelas.com.br\/tvnews\/forum\/forum\/topic\/forca-de-mulher-sarp-canalha-ou-vitima\/#postid-5\" target=\"_blank\" rel=\"noopener\">Opine no F\u00f3rum de Novelas<\/a><\/strong><\/div>\n<p><!--END FORUM--><br \/>\n<!--FIM DO POST--><\/p>\n<div class=\"fb-comments\" data-width=\"100%\" data-order-by=\"reverse_time\" data-numposts=\"5\"><\/div>\n<h2>Saiba mais:<\/h2>\n<p><a href=\"https:\/\/tvnovelas.com.br\/novelas\/resumos-de-forca-de-mulher\/\" target=\"_blank\" rel=\"noopener\">Resumos da semana de For\u00e7a de Mulher<\/a><br \/>\n<a href=\"https:\/\/tvnovelas.com.br\/page2\/arquivo\/forca-de-mulher-as-lutas-de-bahar\/\" target=\"_blank\" rel=\"noopener\">For\u00e7a de Mulher: As lutas de Bahar (Sinopse)<\/a><br \/>\n<a href=\"https:\/\/pt.wikipedia.org\/wiki\/Kad%C4%B1n\" target=\"_blank\" rel=\"noopener\">Sobre For\u00e7a de Mulher na Wikipedia<\/a><br \/>\n<a href=\"https:\/\/www.facebook.com\/tevenovelas\/\">\u00daltimas not\u00edcias do TV Novelas no Facebook<\/a><br \/>\n<a href=\"https:\/\/tvnovelas.com.br\/novelas\/\">Resumos de todas as novelas<\/a><\/p>\n","protected":false},"excerpt":{"rendered":"<p>For\u00e7a de Mulher: Piril fica depressiva&#8230;. No cap\u00edtulo de For\u00e7a de Mulher desta sexta,28, Piril fica depressiva e Leila liga para Suat para contar o que est\u00e1&#8230;<\/p>\n","protected":false},"author":1,"featured_media":72911,"comment_status":"closed","ping_status":"closed","sticky":false,"template":"","format":"standard","meta":{"_uf_show_specific_survey":0,"_uf_disable_surveys":false,"_jetpack_memberships_contains_paid_content":false,"footnotes":"","_wp_rev_ctl_limit":""},"categories":[803],"tags":[805,64,14],"class_list":["post-73610","post","type-post","status-publish","format-standard","has-post-thumbnail","hentry","category-forca-de-mulher","tag-forca-de-mulher","tag-novelas","tag-record","wpcat-803-id"],"aioseo_notices":[],"jetpack_featured_media_url":"https:\/\/i0.wp.com\/www.tvnovelas.com.br\/tvnews\/wp-content\/uploads\/2025\/02\/10388.jpg?fit=728%2C410&ssl=1","jetpack_shortlink":"https:\/\/wp.me\/pdP2BO-j9g","jetpack_sharing_enabled":true,"_links":{"self":[{"href":"https:\/\/www.tvnovelas.com.br\/tvnews\/wp-json\/wp\/v2\/posts\/73610","targetHints":{"allow":["GET"]}}],"collection":[{"href":"https:\/\/www.tvnovelas.com.br\/tvnews\/wp-json\/wp\/v2\/posts"}],"about":[{"href":"https:\/\/www.tvnovelas.com.br\/tvnews\/wp-json\/wp\/v2\/types\/post"}],"author":[{"embeddable":true,"href":"https:\/\/www.tvnovelas.com.br\/tvnews\/wp-json\/wp\/v2\/users\/1"}],"replies":[{"embeddable":true,"href":"https:\/\/www.tvnovelas.com.br\/tvnews\/wp-json\/wp\/v2\/comments?post=73610"}],"version-history":[{"count":2,"href":"https:\/\/www.tvnovelas.com.br\/tvnews\/wp-json\/wp\/v2\/posts\/73610\/revisions"}],"predecessor-version":[{"id":73612,"href":"https:\/\/www.tvnovelas.com.br\/tvnews\/wp-json\/wp\/v2\/posts\/73610\/revisions\/73612"}],"wp:featuredmedia":[{"embeddable":true,"href":"https:\/\/www.tvnovelas.com.br\/tvnews\/wp-json\/wp\/v2\/media\/72911"}],"wp:attachment":[{"href":"https:\/\/www.tvnovelas.com.br\/tvnews\/wp-json\/wp\/v2\/media?parent=73610"}],"wp:term":[{"taxonomy":"category","embeddable":true,"href":"https:\/\/www.tvnovelas.com.br\/tvnews\/wp-json\/wp\/v2\/categories?post=73610"},{"taxonomy":"post_tag","embeddable":true,"href":"https:\/\/www.tvnovelas.com.br\/tvnews\/wp-json\/wp\/v2\/tags?post=73610"}],"curies":[{"name":"wp","href":"https:\/\/api.w.org\/{rel}","templated":true}]}}