{"id":73628,"date":"2025-03-01T10:01:57","date_gmt":"2025-03-01T13:01:57","guid":{"rendered":"https:\/\/www.tvnovelas.com.br\/tvnews\/?p=73628"},"modified":"2025-03-01T10:29:30","modified_gmt":"2025-03-01T13:29:30","slug":"o-que-rola-em-volta-por-cima-na-semana-03-a-08-03","status":"publish","type":"post","link":"https:\/\/www.tvnovelas.com.br\/tvnews\/o-que-rola-em-volta-por-cima-na-semana-03-a-08-03\/","title":{"rendered":"O que rola em Volta por Cima na semana 03 a 08\/03"},"content":{"rendered":"<div style=\"background-color: #EAEAEA;\">\n.<br \/>\n<figure id=\"attachment_73629\" aria-describedby=\"caption-attachment-73629\" style=\"width: 728px\" class=\"wp-caption alignnone\"><img data-recalc-dims=\"1\" decoding=\"async\" src=\"https:\/\/i0.wp.com\/www.tvnovelas.com.br\/tvnews\/wp-content\/uploads\/2025\/02\/10530c.jpg?resize=728%2C410&#038;ssl=1\" alt=\"Foto em Volta por Cima na semana 03 a 08\" width=\"728\" height=\"410\" title=\"(Foto: TV Globo\/Volta por Cima)\" class=\"size-full wp-image-73629\" srcset=\"https:\/\/i0.wp.com\/www.tvnovelas.com.br\/tvnews\/wp-content\/uploads\/2025\/02\/10530c.jpg?w=728&amp;ssl=1 728w, https:\/\/i0.wp.com\/www.tvnovelas.com.br\/tvnews\/wp-content\/uploads\/2025\/02\/10530c.jpg?resize=250%2C141&amp;ssl=1 250w\" sizes=\"(max-width: 728px) 100vw, 728px\" \/><figcaption id=\"caption-attachment-73629\" class=\"wp-caption-text\">Volta por Cima na semana 03 a 08<\/figcaption><\/figure><\/p>\n<blockquote><p><strong style=\"color: #640D5F;\">Nos pr\u00f3ximos cap\u00edtulos de Volta por Cima, <\/strong>Osmar confronta Violeta sobre o atentado contra Madalena; Doralice denuncia Osmar e  pol\u00edcia chega \u00e0 casa de Violeta na hora do casamento; Osmar \u00e9 preso; Roxelle n\u00e3o aceita o pedido de casamento de Gerson; Violeta e Osmar se casam&#8230;<\/p><\/blockquote>\n<\/div>\n<h2 style=\"color: #640D5F;\">Resumo de segunda-feira, 03 de mar\u00e7o<\/h2>\n<p>Tereza fala para Min-Ji e Hana sobre Tati e Jin. Tati vai ao hostel falar com Hana. Aquiles atira contra Madalena, sob as ordens de Violeta. Chico troca tiros com Aquiles e conta para Madalena sobre a ordem que recebeu de Violeta. Jin leva Moreira at\u00e9 Chico. Madalena avisa a Tati e pede que ela n\u00e3o conte nada para Doralice. Cac\u00e1 se desespera ao saber sobre Chico. Tati conta para Osmar que Violeta pediu para que a irm\u00e3 fosse eliminada. Madalena fala para J\u00e3o sobre o atentado, e ele a abra\u00e7a no momento em que Matias se aproxima. Osmar tira satisfa\u00e7\u00e3o com Violeta sobre o atentado contra Madalena.\u00a0<br \/>\n\u00a0<\/p>\n<h2 style=\"color: #640D5F;\">Resumo de ter\u00e7a-feira, 04 de mar\u00e7o<\/h2>\n<p>Violeta tenta se explicar para Osmar, que fica furioso. Madalena \u00e9 acolhida por Matias. Chico \u00e9 operado, e a cirurgia \u00e9 um sucesso. Violeta implora pelo perd\u00e3o de Osmar. Madalena revela a Doralice que Violeta mandou Chico atentar contra a sua vida. Jin se preocupa com a demora de Hana em iniciar seu tratamento. Gerson fica encantado ao ver Roxelle pronta para o desfile da Unidos da Vila Cambuc\u00e1. Nando e Edson elogiam Rosana ao chegar com ela para o desfile. O Drag\u00e3o Suburbano ganha a competi\u00e7\u00e3o. Cac\u00e1 visita Chico no hospital. Osmar preocupa-se com a possibilidade de Doralice denunci\u00e1-lo.\u00a0<br \/>\n<figure id=\"attachment_73630\" aria-describedby=\"caption-attachment-73630\" style=\"width: 728px\" class=\"wp-caption alignnone\"><img data-recalc-dims=\"1\" decoding=\"async\" src=\"https:\/\/i0.wp.com\/www.tvnovelas.com.br\/tvnews\/wp-content\/uploads\/2025\/02\/10530a.jpg?resize=728%2C408&#038;ssl=1\" alt=\"Foto em Volta por Cima na semana 03 a 08\" width=\"728\" height=\"408\" title=\"(Foto: TV Globo\/Volta por Cima)\"class=\"size-full wp-image-73630\" srcset=\"https:\/\/i0.wp.com\/www.tvnovelas.com.br\/tvnews\/wp-content\/uploads\/2025\/02\/10530a.jpg?w=728&amp;ssl=1 728w, https:\/\/i0.wp.com\/www.tvnovelas.com.br\/tvnews\/wp-content\/uploads\/2025\/02\/10530a.jpg?resize=250%2C140&amp;ssl=1 250w\" sizes=\"(max-width: 728px) 100vw, 728px\" \/><figcaption id=\"caption-attachment-73630\" class=\"wp-caption-text\">Volta por Cima na semana 03 a 08<\/figcaption><\/figure><br \/>\n\u00a0<\/p>\n<h2 style=\"color: #640D5F;\">Resumo de quarta-feira, 05 de mar\u00e7o<\/h2>\n<p>Doralice garante que denunciar\u00e1 Osmar. Osmar fala sobre seu plano com J\u00f4. Cac\u00e1 faz uma declara\u00e7\u00e3o para Chico. Silvia conta para Gigi que Yuki encontrou Sebastian em Paris. Joyce apoia Belisa. J\u00e3o conversa com Madalena sobre ela ter desfilado com o Drag\u00e3o Suburbano. Min-Ji tenta convencer Hana a iniciar seu tratamento. Jin ouve Osmar falar sobre sua viagem com Violeta e alerta Madalena. Belisa pede para Rodolfo ajud\u00e1-la a se reconciliar com Gigi. Doralice denuncia Osmar. Rosana e Roxelle fazem as pazes durante a apura\u00e7\u00e3o. A pol\u00edcia chega \u00e0 casa de Violeta durante seu casamento com Osmar.<br \/>\n\u00a0<\/p>\n<h2 style=\"color: #640D5F;\">Resumo de quinta-feira, 06 de mar\u00e7o<\/h2>\n<p>Osmar \u00e9 preso. Doralice decide esperar o irm\u00e3o na delegacia. A Unidos da Vila Cambuc\u00e1 vence o desfile das Escolas de Samba. Rodolfo e Belisa ficam juntos. Lucas sugere que Sidney e Cida se casem. Tati se revolta contra Madalena e Doralice. Violeta descobre que Osmar estava usando o casamento para pagar Doralice. Moreira e Ana L\u00facia cuidam de Chico. Marco e Gerson gostam de saber da pris\u00e3o de Osmar. Violeta questiona Osmar sobre sua motiva\u00e7\u00e3o para se casar com ela. Joyce procura Gigi. Os pais de Jin chegam ao Rio de Janeiro por interm\u00e9dio de Hana, e surpreendem o astro na casa de Doralice. Gerson visita Osmar na cadeia. Madalena vai \u00e0 casa de Chico e se surpreende com a chegada de Cac\u00e1.<br \/>\n<figure id=\"attachment_73631\" aria-describedby=\"caption-attachment-73631\" style=\"width: 728px\" class=\"wp-caption alignnone\"><img data-recalc-dims=\"1\" decoding=\"async\" src=\"https:\/\/i0.wp.com\/www.tvnovelas.com.br\/tvnews\/wp-content\/uploads\/2025\/02\/10530b.jpg?resize=728%2C409&#038;ssl=1\" alt=\"Foto 3m Volta por Cima na semana 03 a 08....\" width=\"728\" height=\"409\" title=\"(Foto: TV Globo\/Volta por Cima)\"class=\"size-full wp-image-73631\" srcset=\"https:\/\/i0.wp.com\/www.tvnovelas.com.br\/tvnews\/wp-content\/uploads\/2025\/02\/10530b.jpg?w=728&amp;ssl=1 728w, https:\/\/i0.wp.com\/www.tvnovelas.com.br\/tvnews\/wp-content\/uploads\/2025\/02\/10530b.jpg?resize=250%2C140&amp;ssl=1 250w\" sizes=\"(max-width: 728px) 100vw, 728px\" \/><figcaption id=\"caption-attachment-73631\" class=\"wp-caption-text\">Volta por Cima na semana 03 a 08<\/figcaption><\/figure><br \/>\n\u00a0<\/p>\n<h2 style=\"color: #640D5F;\">Resumo de sexta-feira, 07 de mar\u00e7o<\/h2>\n<p>Cac\u00e1 sente ci\u00fames de Madalena. Gerson implica com Osmar. Os pais de Jin exigem que ele retome sua carreira. Joyce pede que Gigi perdoe Belisa. Silvia conta para Belisa que Yuki encontrou Sebastian em Paris. Madalena tem uma conversa s\u00e9ria com Matias. Osmar deixa a pris\u00e3o. Gerson se aconselha com Gigi sobre Roxelle. Joyce e Belisa pedem que Bernardo as ajude com Gigi. Violeta enfrenta Madalena. Jin reclama com Hana por convencer sua fam\u00edlia a procur\u00e1-lo. Hana passa mal, e Min-Ji a ajuda. Sebastian e Yuki voltam juntos de Paris e surpreendem Joyce e Gigi. Gerson pede Roxelle em casamento. Chico pede para voltar a trabalhar com Violeta. Belisa reconhece Edilene como Ruth e revela que Marco \u00e9 seu filho.\u00a0<br \/>\n\u00a0<\/p>\n<h2 style=\"color: #640D5F;\">Resumo de s\u00e1bado, 08 de mar\u00e7o<\/h2>\n<p>Belisa conta para Ruth a hist\u00f3ria de Marco. Osmar exige que Chico trabalhe para ele, e Violeta reage contrariada. Roxelle n\u00e3o aceita o pedido de casamento de Gerson. Marco desvia mercadoria de uma entrega de Gerson. Jin e Tati fazem as pazes. Gerson leva Gigi para uma opera\u00e7\u00e3o, e Marco e Rodolfo se preocupam. Osmar arma um novo golpe para Violeta. Violeta avisa a Cac\u00e1 que n\u00e3o quer que Ana L\u00facia influencie na vida de seu neto. Os pais de Jin exigem que Madalena demita o filho. Osmar conta seu novo plano para Tati. J\u00e3o pede para Madalena acompanh\u00e1-lo, com Edson, ao cart\u00f3rio. Neuza se emociona ao ver a certid\u00e3o do filho alterada. Violeta e Osmar se casam.\u00a0<br \/>\n<!--FIM--><\/p>\n<div class=\"fb-comments\" data-width=\"100%\" data-order-by=\"reverse_time\" data-numposts=\"5\"><\/div>\n<p><h2>Mais:<\/h2>\r\n<p><a href=\"https:\/\/tvnovelas.com.br\/novelas\/resumos-de-volta-por-cima\/\" target=\"_blank\" rel=\"noopener\">Confira os resumos da semana de Volta por Cima'<\/a><\/p>\r\n<p><a href=\"https:\/\/wp.me\/pfspD2-T5\" target=\"_blank\" rel=\"noopener\">Volta por Cima: Entre os sonhos e a fam\u00edlia<\/a> (Sinopse)<\/p>\r\n<p><a href=\"https:\/\/pt.wikipedia.org\/wiki\/Volta_por_Cima_(telenovela)\" target=\"_blank\" rel=\"noopener\">Sobre Volta por Cima na Wikipedia<\/a><\/p>\r\n<p><a href=\"https:\/\/tvnovelas.com.br\/novelas\/\" target=\"_blank\" rel=\"noopener\">Resumos de todas as novelas<\/a><\/p>\r\n<p><strong style=\"font-size: 120%;\">\u00daltimas not\u00edcias de 'Volta por Cima':<\/strong><\/p>\r\n<div class=\"pt-cv-wrapper\"><div class=\"pt-cv-view pt-cv-grid pt-cv-colsys\" id=\"pt-cv-view-372c3953u7\"><div data-id=\"pt-cv-page-1\" class=\"pt-cv-page\" data-cvc=\"1\"><div class=\"col-md-12 col-sm-12 col-xs-12 pt-cv-content-item pt-cv-1-col\" ><div class='pt-cv-ifield'><h4 class=\"pt-cv-title\"><a href=\"https:\/\/www.tvnovelas.com.br\/tvnews\/volta-por-cima-onibus-de-lindomar-passa-por-outro-acidente-tragico\/\" class=\"_self\" target=\"_self\" >Volta por Cima: \u00d4nibus de Lindomar passa por outro acidente tr\u00e1gico<\/a><\/h4><\/div><\/div>\n<div class=\"col-md-12 col-sm-12 col-xs-12 pt-cv-content-item pt-cv-1-col\" ><div class='pt-cv-ifield'><h4 class=\"pt-cv-title\"><a href=\"https:\/\/www.tvnovelas.com.br\/tvnews\/volta-por-cima-osmar-descobre-que-vivinha-preservou-sua-vida\/\" class=\"_self\" target=\"_self\" >Volta por Cima: Osmar descobre que Vivinha preservou sua vida<\/a><\/h4><\/div><\/div>\n<div class=\"col-md-12 col-sm-12 col-xs-12 pt-cv-content-item pt-cv-1-col\" ><div class='pt-cv-ifield'><h4 class=\"pt-cv-title\"><a href=\"https:\/\/www.tvnovelas.com.br\/tvnews\/volta-por-cima-jao-salva-a-vida-de-nando\/\" class=\"_self\" target=\"_self\" >Volta por Cima: J\u00e3o salva a vida de Nando<\/a><\/h4><\/div><\/div>\n<div class=\"col-md-12 col-sm-12 col-xs-12 pt-cv-content-item pt-cv-1-col\" ><div class='pt-cv-ifield'><h4 class=\"pt-cv-title\"><a href=\"https:\/\/www.tvnovelas.com.br\/tvnews\/volta-por-cima-saia-justa-osmar-chama-joyce-de-vivinha\/\" class=\"_self\" target=\"_self\" >Volta por Cima: Saia justa: Osmar chama Joyce de Vivinha&#8230;<\/a><\/h4><\/div><\/div>\n<div class=\"col-md-12 col-sm-12 col-xs-12 pt-cv-content-item pt-cv-1-col\" ><div class='pt-cv-ifield'><h4 class=\"pt-cv-title\"><a href=\"https:\/\/www.tvnovelas.com.br\/tvnews\/volta-por-cima-doralice-consegue-doador-de-coracao-para-transplante\/\" class=\"_self\" target=\"_self\" >Volta por Cima: Doralice consegue doador de cora\u00e7\u00e3o para transplante<\/a><\/h4><\/div><\/div>\n<div class=\"col-md-12 col-sm-12 col-xs-12 pt-cv-content-item pt-cv-1-col\" ><div class='pt-cv-ifield'><h4 class=\"pt-cv-title\"><a href=\"https:\/\/www.tvnovelas.com.br\/tvnews\/volta-por-cima-violeta-beija-marco-e-aparece-com-ele-na-frente-de-osmar\/\" class=\"_self\" target=\"_self\" >Volta por Cima: Violeta beija Marco e aparece com ele na frente de Osmar<\/a><\/h4><\/div><\/div><\/div><\/div><\/div>\r\n<p><strong style=\"font-size: 120%;\">\u00daltimas not\u00edcias deste site:<\/strong><\/p>\r\n<div class=\"pt-cv-wrapper\"><div class=\"pt-cv-view pt-cv-grid pt-cv-colsys\" id=\"pt-cv-view-90991035b3\"><div data-id=\"pt-cv-page-1\" class=\"pt-cv-page\" data-cvc=\"1\"><div class=\"col-md-12 col-sm-12 col-xs-12 pt-cv-content-item pt-cv-1-col\" ><div class='pt-cv-ifield'><h4 class=\"pt-cv-title\"><a href=\"https:\/\/www.tvnovelas.com.br\/tvnews\/coracao-de-mae-atilla-confronta-hasan-e-exige-o-divorcio-de-lale\/\" class=\"_self\" target=\"_self\" >Cora\u00e7\u00e3o de M\u00e3e: Atilla confronta Hasan e exige o div\u00f3rcio de Lale<\/a><\/h4><\/div><\/div>\n<div class=\"col-md-12 col-sm-12 col-xs-12 pt-cv-content-item pt-cv-1-col\" ><div class='pt-cv-ifield'><h4 class=\"pt-cv-title\"><a href=\"https:\/\/www.tvnovelas.com.br\/tvnews\/guerra-das-rosas-gulfem-coloca-gulru-contra-a-parede\/\" class=\"_self\" target=\"_self\" >Guerra das Rosas: Gulfem coloca Gulru contra a parede<\/a><\/h4><\/div><\/div>\n<div class=\"col-md-12 col-sm-12 col-xs-12 pt-cv-content-item pt-cv-1-col\" ><div class='pt-cv-ifield'><h4 class=\"pt-cv-title\"><a href=\"https:\/\/www.tvnovelas.com.br\/tvnews\/coracao-de-mae-atilla-diz-a-lale-que-quer-o-divorcio\/\" class=\"_self\" target=\"_self\" >Cora\u00e7\u00e3o de M\u00e3e: Atilla diz a Lale que quer o div\u00f3rcio<\/a><\/h4><\/div><\/div>\n<div class=\"col-md-12 col-sm-12 col-xs-12 pt-cv-content-item pt-cv-1-col\" ><div class='pt-cv-ifield'><h4 class=\"pt-cv-title\"><a href=\"https:\/\/www.tvnovelas.com.br\/tvnews\/a-nobreza-do-amor-mirinho-garante-noivado-com-virginia-para-atrair-sogro-a-negocio\/\" class=\"_self\" target=\"_self\" >A Nobreza do Amor: Mirinho garante noivado com Virg\u00ednia para atrair sogro a neg\u00f3cio<\/a><\/h4><\/div><\/div>\n<div class=\"col-md-12 col-sm-12 col-xs-12 pt-cv-content-item pt-cv-1-col\" ><div class='pt-cv-ifield'><h4 class=\"pt-cv-title\"><a href=\"https:\/\/www.tvnovelas.com.br\/tvnews\/tres-gracas-joaquim-propoe-fuga-a-arminda-com-o-dinheiro-das-tres-gracas\/\" class=\"_self\" target=\"_self\" >Tr\u00eas Gra\u00e7as:  Joaquim prop\u00f5e fuga a Arminda com o dinheiro das Tr\u00eas Gra\u00e7as<\/a><\/h4><\/div><\/div>\n<div class=\"col-md-12 col-sm-12 col-xs-12 pt-cv-content-item pt-cv-1-col\" ><div class='pt-cv-ifield'><h4 class=\"pt-cv-title\"><a href=\"https:\/\/www.tvnovelas.com.br\/tvnews\/coracao-de-mae-atilla-decide-abrir-o-jogo-com-karsu\/\" class=\"_self\" target=\"_self\" >Cora\u00e7\u00e3o de M\u00e3e: Atilla decide abrir o jogo com Karsu<\/a><\/h4><\/div><\/div>\n<div class=\"col-md-12 col-sm-12 col-xs-12 pt-cv-content-item pt-cv-1-col\" ><div class='pt-cv-ifield'><h4 class=\"pt-cv-title\"><a href=\"https:\/\/www.tvnovelas.com.br\/tvnews\/coracao-de-mae-adnan-e-preso-apos-denuncia-de-irmak\/\" class=\"_self\" target=\"_self\" >Em Cora\u00e7\u00e3o de M\u00e3e: Adnan \u00e9 preso ap\u00f3s denuncia de Irmak<\/a><\/h4><\/div><\/div>\n<div class=\"col-md-12 col-sm-12 col-xs-12 pt-cv-content-item pt-cv-1-col\" ><div class='pt-cv-ifield'><h4 class=\"pt-cv-title\"><a href=\"https:\/\/www.tvnovelas.com.br\/tvnews\/coracao-de-mae-atilla-forca-karsu-a-ouvir-suas-explicacoes\/\" class=\"_self\" target=\"_self\" >Cora\u00e7\u00e3o de M\u00e3e: Atilla for\u00e7a Karsu a ouvir suas explica\u00e7\u00f5es<\/a><\/h4><\/div><\/div>\n<div class=\"col-md-12 col-sm-12 col-xs-12 pt-cv-content-item pt-cv-1-col\" ><div class='pt-cv-ifield'><h4 class=\"pt-cv-title\"><a href=\"https:\/\/www.tvnovelas.com.br\/tvnews\/coracao-acelerado-mulher-choca-janete-ao-se-apresentar-como-amante-do-palhares\/\" class=\"_self\" target=\"_self\" >Cora\u00e7\u00e3o Acelerado: Mulher choca Janete ao se apresentar como amante do Palhares<\/a><\/h4><\/div><\/div>\n<div class=\"col-md-12 col-sm-12 col-xs-12 pt-cv-content-item pt-cv-1-col\" ><div class='pt-cv-ifield'><h4 class=\"pt-cv-title\"><a href=\"https:\/\/www.tvnovelas.com.br\/tvnews\/a-nobreza-do-amor-jendal-dobra-a-recompensa-por-alika\/\" class=\"_self\" target=\"_self\" >A Nobreza do Amor: Jendal dobra a recompensa por Alika<\/a><\/h4><\/div><\/div><\/div><\/div><\/div>\r\n<h3>Confira tamb\u00e9m<\/h3>\r\n<p><a href=\"https:\/\/www.tvnovelas.com.br\/filmes\/\" target=\"_blank\" rel=\"noopener noreferrer\"><strong>Programa\u00e7\u00e3o de filmes na TV aberta<\/strong><\/a><\/p>\r\n<p><a href=\"https:\/\/caetenews.com.br\/semana\/filmes-da-globo-na-sessao-da-tarde-desta-semana\/\" target=\"_blank\" rel=\"noopener\"><strong>Confira os filmes da semana na Sess\u00e3o da Tarde<\/strong><\/a><\/p>\r\n<p><a href=\"https:\/\/www.tvnovelas.com.br\/novelas\/\"><strong>Confira os resumos da semana de todas novelas<\/strong><\/a><\/p><br \/>\n<a href=\"https:\/\/tvnovelas.com.br\/filmes\/filmes-na-tv-segunda\/\" target=\"_blank\" rel=\"noopener\">Confira a Progrma\u00e7\u00e3o de Filmes na TV aberta<\/a><br \/>\n<a href=\"https:\/\/pt.wikipedia.org\/wiki\/Volta_por_Cima_(telenovela)\" target=\"_blank\" rel=\"noopener\">Sobre Volta por Cima na Wikipedia<\/a><br \/>\n<a href=\"https:\/\/www.tvnovelas.com.br\/tvnews\/\" target=\"_blank\" rel=\"noopener\">\u00daltimas not\u00edcias das novelas<\/a><\/p>\n","protected":false},"excerpt":{"rendered":"<p>Volta por Cima na semana 03 a 08\/03&#8230; Nos pr\u00f3ximos cap\u00edtulos de Volta por Cima, Osmar confronta Violeta sobre o atentado contra Madalena; Doralice denuncia Osmar e  pol\u00edcia chega \u00e0 casa<\/p>\n","protected":false},"author":1,"featured_media":73629,"comment_status":"closed","ping_status":"closed","sticky":false,"template":"","format":"standard","meta":{"_uf_show_specific_survey":0,"_uf_disable_surveys":false,"_jetpack_memberships_contains_paid_content":false,"footnotes":"","_wp_rev_ctl_limit":""},"categories":[807],"tags":[5,64,808],"class_list":["post-73628","post","type-post","status-publish","format-standard","has-post-thumbnail","hentry","category-volta-por-cima","tag-globo","tag-novelas","tag-volta-por-cima","wpcat-807-id"],"aioseo_notices":[],"jetpack_featured_media_url":"https:\/\/i0.wp.com\/www.tvnovelas.com.br\/tvnews\/wp-content\/uploads\/2025\/02\/10530c.jpg?fit=728%2C410&ssl=1","jetpack_shortlink":"https:\/\/wp.me\/pdP2BO-j9y","jetpack_sharing_enabled":true,"_links":{"self":[{"href":"https:\/\/www.tvnovelas.com.br\/tvnews\/wp-json\/wp\/v2\/posts\/73628","targetHints":{"allow":["GET"]}}],"collection":[{"href":"https:\/\/www.tvnovelas.com.br\/tvnews\/wp-json\/wp\/v2\/posts"}],"about":[{"href":"https:\/\/www.tvnovelas.com.br\/tvnews\/wp-json\/wp\/v2\/types\/post"}],"author":[{"embeddable":true,"href":"https:\/\/www.tvnovelas.com.br\/tvnews\/wp-json\/wp\/v2\/users\/1"}],"replies":[{"embeddable":true,"href":"https:\/\/www.tvnovelas.com.br\/tvnews\/wp-json\/wp\/v2\/comments?post=73628"}],"version-history":[{"count":4,"href":"https:\/\/www.tvnovelas.com.br\/tvnews\/wp-json\/wp\/v2\/posts\/73628\/revisions"}],"predecessor-version":[{"id":73654,"href":"https:\/\/www.tvnovelas.com.br\/tvnews\/wp-json\/wp\/v2\/posts\/73628\/revisions\/73654"}],"wp:featuredmedia":[{"embeddable":true,"href":"https:\/\/www.tvnovelas.com.br\/tvnews\/wp-json\/wp\/v2\/media\/73629"}],"wp:attachment":[{"href":"https:\/\/www.tvnovelas.com.br\/tvnews\/wp-json\/wp\/v2\/media?parent=73628"}],"wp:term":[{"taxonomy":"category","embeddable":true,"href":"https:\/\/www.tvnovelas.com.br\/tvnews\/wp-json\/wp\/v2\/categories?post=73628"},{"taxonomy":"post_tag","embeddable":true,"href":"https:\/\/www.tvnovelas.com.br\/tvnews\/wp-json\/wp\/v2\/tags?post=73628"}],"curies":[{"name":"wp","href":"https:\/\/api.w.org\/{rel}","templated":true}]}}