{"id":74257,"date":"2025-03-19T10:11:28","date_gmt":"2025-03-19T13:11:28","guid":{"rendered":"https:\/\/www.tvnovelas.com.br\/tvnews\/?p=74257"},"modified":"2025-03-19T10:13:27","modified_gmt":"2025-03-19T13:13:27","slug":"a-viagem-volta-em-maio-no-vale-a-pena-ver-de-novo","status":"publish","type":"post","link":"https:\/\/www.tvnovelas.com.br\/tvnews\/a-viagem-volta-em-maio-no-vale-a-pena-ver-de-novo\/","title":{"rendered":"A Viagem volta em maio no Vale a Pena Ver de Novo"},"content":{"rendered":"<figure id=\"attachment_74258\" aria-describedby=\"caption-attachment-74258\" style=\"width: 728px\" class=\"wp-caption alignnone\"><img data-recalc-dims=\"1\" decoding=\"async\" class=\"wp-image-74258 size-full\" title=\"(Foto: Acervo Globo\/A Viagem)\" src=\"https:\/\/i0.wp.com\/www.tvnovelas.com.br\/tvnews\/wp-content\/uploads\/2025\/03\/10670.jpg?resize=728%2C410&#038;ssl=1\" alt=\"Foto em A Viagem volta em maio\" width=\"728\" height=\"410\" srcset=\"https:\/\/i0.wp.com\/www.tvnovelas.com.br\/tvnews\/wp-content\/uploads\/2025\/03\/10670.jpg?w=728&amp;ssl=1 728w, https:\/\/i0.wp.com\/www.tvnovelas.com.br\/tvnews\/wp-content\/uploads\/2025\/03\/10670.jpg?resize=250%2C141&amp;ssl=1 250w\" sizes=\"(max-width: 728px) 100vw, 728px\" \/><figcaption id=\"caption-attachment-74258\" class=\"wp-caption-text\">A Viagem volta em maio<\/figcaption><\/figure>\n<p>A novela A Viagem, escrita por Ivani Ribeiro e um dos sucessos dos anos 1990 vai voltar \u00e0 tela da Globo a partir de 12 de maio, substituindo Tieta, que, por sua vez, chega ao fim no dia 16 de maio.<\/p>\n<p>Lan\u00e7ada em 1994, a trama \u00e9 um remake da novela hom\u00f4nima da pr\u00f3pria Ivani Ribeiro, exibida em 1975, na TV Tupi. Na hist\u00f3ria, Alexandre (Guilherme Fontes) se mata na cadeia ap\u00f3s ser condenado por roubo seguido de homic\u00eddio. No Al\u00e9m, \u00e9 encaminhado ao Vale dos Suicidas.<\/p>\n<p>Sua revolta aumenta quando a irm\u00e3 Din\u00e1 (Christiane Torloni) se apaixona por Ot\u00e1vio (Antonio Fagundes), que acredita ser um dos seus algozes. O folhetim ganha novo rumo com a morte dele, ap\u00f3s um acidente de carro provocado por Alexandre.<\/p>\n<p>Din\u00e1 e Ot\u00e1vio passam a viver um amor transcendental. Ela acaba falecendo e parte ao seu encontro. Os dois vivem juntos, em outro plano, num lugar chamado Nosso Lar.<br \/>\nSaiba mais sobre a novela:<br \/>\n<a href=\"https:\/\/tvnovelas.com.br\/page2\/arquivo\/a-viagem\/\" target=\"_blank\" rel=\"noopener\">A Viagem: O remake de 1994<\/a><br \/>\n<a href=\"https:\/\/tvnovelas.com.br\/page2\/arquivo\/a-viagem-quem-e-quem\/\">A Viagem: Principais personagens<\/a><br \/>\n<!--FIM--><\/p>\n<h3>Coment\u00e1rios<\/h3>\n<div class=\"fb-comments\" data-width=\"100%\" data-order-by=\"reverse_time\" data-numposts=\"5\"><\/div>\n<p><a href=\"https:\/\/www.facebook.com\/tevenovelas\/\">\u00daltimas not\u00edcias do TV Novelas no Facebook<\/a><br \/>\n<a href=\"https:\/\/tvnovelas.com.br\/novelas\/\">Resumos de todas as novelas<\/a><\/p>\n","protected":false},"excerpt":{"rendered":"<p>A Viagem volta em maio&#8230; A novela A Viagem, escrita por Ivani Ribeiro e um dos sucessos dos anos 1990 vai voltar \u00e0 tela da Globo a partir de 12 de maio&#8230;<\/p>\n","protected":false},"author":1,"featured_media":74258,"comment_status":"closed","ping_status":"closed","sticky":false,"template":"","format":"standard","meta":{"_uf_show_specific_survey":0,"_uf_disable_surveys":false,"_jetpack_memberships_contains_paid_content":false,"footnotes":"","_wp_rev_ctl_limit":""},"categories":[208],"tags":[665,5,64],"class_list":["post-74257","post","type-post","status-publish","format-standard","has-post-thumbnail","hentry","category-vale-a-pena-ver-de-novo","tag-a-viagem","tag-globo","tag-novelas","wpcat-208-id"],"aioseo_notices":[],"jetpack_featured_media_url":"https:\/\/i0.wp.com\/www.tvnovelas.com.br\/tvnews\/wp-content\/uploads\/2025\/03\/10670.jpg?fit=728%2C410&ssl=1","jetpack_shortlink":"https:\/\/wp.me\/pdP2BO-jjH","jetpack_sharing_enabled":true,"_links":{"self":[{"href":"https:\/\/www.tvnovelas.com.br\/tvnews\/wp-json\/wp\/v2\/posts\/74257","targetHints":{"allow":["GET"]}}],"collection":[{"href":"https:\/\/www.tvnovelas.com.br\/tvnews\/wp-json\/wp\/v2\/posts"}],"about":[{"href":"https:\/\/www.tvnovelas.com.br\/tvnews\/wp-json\/wp\/v2\/types\/post"}],"author":[{"embeddable":true,"href":"https:\/\/www.tvnovelas.com.br\/tvnews\/wp-json\/wp\/v2\/users\/1"}],"replies":[{"embeddable":true,"href":"https:\/\/www.tvnovelas.com.br\/tvnews\/wp-json\/wp\/v2\/comments?post=74257"}],"version-history":[{"count":4,"href":"https:\/\/www.tvnovelas.com.br\/tvnews\/wp-json\/wp\/v2\/posts\/74257\/revisions"}],"predecessor-version":[{"id":74262,"href":"https:\/\/www.tvnovelas.com.br\/tvnews\/wp-json\/wp\/v2\/posts\/74257\/revisions\/74262"}],"wp:featuredmedia":[{"embeddable":true,"href":"https:\/\/www.tvnovelas.com.br\/tvnews\/wp-json\/wp\/v2\/media\/74258"}],"wp:attachment":[{"href":"https:\/\/www.tvnovelas.com.br\/tvnews\/wp-json\/wp\/v2\/media?parent=74257"}],"wp:term":[{"taxonomy":"category","embeddable":true,"href":"https:\/\/www.tvnovelas.com.br\/tvnews\/wp-json\/wp\/v2\/categories?post=74257"},{"taxonomy":"post_tag","embeddable":true,"href":"https:\/\/www.tvnovelas.com.br\/tvnews\/wp-json\/wp\/v2\/tags?post=74257"}],"curies":[{"name":"wp","href":"https:\/\/api.w.org\/{rel}","templated":true}]}}