{"id":74482,"date":"2025-03-25T10:34:13","date_gmt":"2025-03-25T13:34:13","guid":{"rendered":"https:\/\/www.tvnovelas.com.br\/tvnews\/?p=74482"},"modified":"2025-03-25T10:34:13","modified_gmt":"2025-03-25T13:34:13","slug":"forca-de-mulher-emre-descobre-que-ceyda-tem-um-filho-de-7-anos","status":"publish","type":"post","link":"https:\/\/www.tvnovelas.com.br\/tvnews\/forca-de-mulher-emre-descobre-que-ceyda-tem-um-filho-de-7-anos\/","title":{"rendered":"For\u00e7a de Mulher: Emre descobre que Ceyda tem um filho de 7 anos"},"content":{"rendered":"<figure id=\"attachment_74484\" aria-describedby=\"caption-attachment-74484\" style=\"width: 728px\" class=\"wp-caption alignnone\"><img data-recalc-dims=\"1\" decoding=\"async\" class=\"wp-image-74484 size-full\" title=\"(Foto: Record TV\/For\u00e7a de Mulher)\" src=\"https:\/\/i0.wp.com\/www.tvnovelas.com.br\/tvnews\/wp-content\/uploads\/2025\/03\/10719.jpg?resize=728%2C410&#038;ssl=1\" alt=\"Foto em For\u00e7a de Mulher: Emre descobre que Ceyda\" width=\"728\" height=\"410\" srcset=\"https:\/\/i0.wp.com\/www.tvnovelas.com.br\/tvnews\/wp-content\/uploads\/2025\/03\/10719.jpg?w=728&amp;ssl=1 728w, https:\/\/i0.wp.com\/www.tvnovelas.com.br\/tvnews\/wp-content\/uploads\/2025\/03\/10719.jpg?resize=250%2C141&amp;ssl=1 250w\" sizes=\"(max-width: 728px) 100vw, 728px\" \/><figcaption id=\"caption-attachment-74484\" class=\"wp-caption-text\">For\u00e7a de Mulher: Emre descobre que Ceyda&#8230;.<\/figcaption><\/figure>\n<p>No cap\u00edtulo de For\u00e7a de Mulher desta ter\u00e7a, dia 25, Emre fica em choque ao descobrir que Ceyda tem um filho de 7 anos&#8230;.Confira o resumo de hoje:<\/p>\n<h2 style=\"color: #640d5f;\">Resumo de ter\u00e7a-feira, 25 de mar\u00e7o<\/h2>\n<p>Sirin provoca Sarp antes de ele sair de casa. Ceyda se emociona ao reencontrar Bahar e os pequenos Doruk e Nisan. Emre diz para Bahar que ela pode voltar a trabalhar no caf\u00e9. Traumatizada com a morte de Yeliz, Bahar tem uma crise de choro ao voltar para o pr\u00e9dio em que morava e n\u00e3o consegue entrar no apartamento. Nisan e Doruk ficam radiantes ao voltarem \u00e0 escola, e na companhia do pai. Ceyda n\u00e3o gosta de saber que Sarp est\u00e1 morando na casa de Hatice com Bahar. Na viagem \u00e0 cidade natal, Idil arma para que Emre descubra que \u00e9 o pai de Arda. Emre fica em choque ao descobrir que Ceyda tem um filho de 7 anos.<\/p>\n<p><!--FIM DO POST--><\/p>\n<div class=\"fb-comments\" data-width=\"100%\" data-order-by=\"reverse_time\" data-numposts=\"5\"><\/div>\n<h2>Saiba mais:<\/h2>\n<p><a href=\"https:\/\/tvnovelas.com.br\/novelas\/resumos-de-forca-de-mulher\/\" target=\"_blank\" rel=\"noopener\">Resumos da semana de For\u00e7a de Mulher<\/a><br \/>\n<a href=\"https:\/\/tvnovelas.com.br\/page2\/arquivo\/forca-de-mulher-as-lutas-de-bahar\/\" target=\"_blank\" rel=\"noopener\">For\u00e7a de Mulher: As lutas de Bahar (Sinopse)<\/a><br \/>\n<a href=\"https:\/\/pt.wikipedia.org\/wiki\/Kad%C4%B1n\" target=\"_blank\" rel=\"noopener\">Sobre For\u00e7a de Mulher na Wikipedia<\/a><br \/>\n<a href=\"https:\/\/www.facebook.com\/tevenovelas\/\">\u00daltimas not\u00edcias do TV Novelas no Facebook<\/a><br \/>\n<a href=\"https:\/\/tvnovelas.com.br\/novelas\/\">Resumos de todas as novelas<\/a><\/p>\n<h2>\u00daltimas not\u00edcias das novelas<\/h2>\n<p>[wp-rss-aggregator feeds=&#8221;todas&#8221;]<\/p>\n","protected":false},"excerpt":{"rendered":"<p>For\u00e7a de Mulher: Emre descobre que Ceyda&#8230; No cap\u00edtulo de For\u00e7a de Mulher desta ter\u00e7a, dia 25, Emre fica em choque ao descobrir que Ceyda tem um filho de 7 anos&#8230;.<\/p>\n","protected":false},"author":1,"featured_media":74484,"comment_status":"closed","ping_status":"closed","sticky":false,"template":"","format":"standard","meta":{"_uf_show_specific_survey":0,"_uf_disable_surveys":false,"_jetpack_memberships_contains_paid_content":false,"footnotes":"","_wp_rev_ctl_limit":""},"categories":[803],"tags":[805,5,64],"class_list":["post-74482","post","type-post","status-publish","format-standard","has-post-thumbnail","hentry","category-forca-de-mulher","tag-forca-de-mulher","tag-globo","tag-novelas","wpcat-803-id"],"aioseo_notices":[],"jetpack_featured_media_url":"https:\/\/i0.wp.com\/www.tvnovelas.com.br\/tvnews\/wp-content\/uploads\/2025\/03\/10719.jpg?fit=728%2C410&ssl=1","jetpack_shortlink":"https:\/\/wp.me\/pdP2BO-jnk","jetpack_sharing_enabled":true,"_links":{"self":[{"href":"https:\/\/www.tvnovelas.com.br\/tvnews\/wp-json\/wp\/v2\/posts\/74482","targetHints":{"allow":["GET"]}}],"collection":[{"href":"https:\/\/www.tvnovelas.com.br\/tvnews\/wp-json\/wp\/v2\/posts"}],"about":[{"href":"https:\/\/www.tvnovelas.com.br\/tvnews\/wp-json\/wp\/v2\/types\/post"}],"author":[{"embeddable":true,"href":"https:\/\/www.tvnovelas.com.br\/tvnews\/wp-json\/wp\/v2\/users\/1"}],"replies":[{"embeddable":true,"href":"https:\/\/www.tvnovelas.com.br\/tvnews\/wp-json\/wp\/v2\/comments?post=74482"}],"version-history":[{"count":1,"href":"https:\/\/www.tvnovelas.com.br\/tvnews\/wp-json\/wp\/v2\/posts\/74482\/revisions"}],"predecessor-version":[{"id":74485,"href":"https:\/\/www.tvnovelas.com.br\/tvnews\/wp-json\/wp\/v2\/posts\/74482\/revisions\/74485"}],"wp:featuredmedia":[{"embeddable":true,"href":"https:\/\/www.tvnovelas.com.br\/tvnews\/wp-json\/wp\/v2\/media\/74484"}],"wp:attachment":[{"href":"https:\/\/www.tvnovelas.com.br\/tvnews\/wp-json\/wp\/v2\/media?parent=74482"}],"wp:term":[{"taxonomy":"category","embeddable":true,"href":"https:\/\/www.tvnovelas.com.br\/tvnews\/wp-json\/wp\/v2\/categories?post=74482"},{"taxonomy":"post_tag","embeddable":true,"href":"https:\/\/www.tvnovelas.com.br\/tvnews\/wp-json\/wp\/v2\/tags?post=74482"}],"curies":[{"name":"wp","href":"https:\/\/api.w.org\/{rel}","templated":true}]}}