{"id":74499,"date":"2025-03-25T16:24:00","date_gmt":"2025-03-25T19:24:00","guid":{"rendered":"https:\/\/www.tvnovelas.com.br\/tvnews\/?p=74499"},"modified":"2025-03-25T16:24:00","modified_gmt":"2025-03-25T19:24:00","slug":"forca-de-mulher-emocao-no-encontro-de-bahar-e-as-criancas-com-ceyda","status":"publish","type":"post","link":"https:\/\/www.tvnovelas.com.br\/tvnews\/forca-de-mulher-emocao-no-encontro-de-bahar-e-as-criancas-com-ceyda\/","title":{"rendered":"For\u00e7a de Mulher: Emo\u00e7\u00e3o no encontro de Bahar e as crian\u00e7as com Ceyda"},"content":{"rendered":"<figure id=\"attachment_74500\" aria-describedby=\"caption-attachment-74500\" style=\"width: 728px\" class=\"wp-caption alignnone\"><img data-recalc-dims=\"1\" decoding=\"async\" class=\"wp-image-74500 size-full\" title=\"(Foto: Record TV\/For\u00e7a de Mulher)\" src=\"https:\/\/i0.wp.com\/www.tvnovelas.com.br\/tvnews\/wp-content\/uploads\/2025\/03\/10725.jpg?resize=728%2C411&#038;ssl=1\" alt=\"Foto em For\u00e7a de Mulher: Emo\u00e7\u00e3o no encontro\" width=\"728\" height=\"411\" srcset=\"https:\/\/i0.wp.com\/www.tvnovelas.com.br\/tvnews\/wp-content\/uploads\/2025\/03\/10725.jpg?w=728&amp;ssl=1 728w, https:\/\/i0.wp.com\/www.tvnovelas.com.br\/tvnews\/wp-content\/uploads\/2025\/03\/10725.jpg?resize=250%2C141&amp;ssl=1 250w\" sizes=\"(max-width: 728px) 100vw, 728px\" \/><figcaption id=\"caption-attachment-74500\" class=\"wp-caption-text\">For\u00e7a de Mulher: Emo\u00e7\u00e3o no encontro&#8230;<\/figcaption><\/figure>\n<p>No cap\u00edtulo de For\u00e7a de Mulher desta ter\u00e7a, dia 25, ap\u00f3s passarem um longo per\u00edodo escondidas depois de tentarem fugirem dos homens de Nezir, do ataque que resultou na morte de Yeliz, e do sequestro, finalmente Bahar e as crian\u00e7as voltam a se encontrar com Ceyda.<\/p>\n<p>Bahar chega de surpresa com os filhos na cafeteria e a ex-cantora n\u00e3o consegue segurar as l\u00e1grimas ao rever os pequenos e a grande amiga. As duas se abra\u00e7am emocionadas e Hatice tamb\u00e9m fica comovida com a cena.<\/p>\n<p>Tamb\u00e9m no cap\u00edtulo de hoje, ao voltar para o pr\u00e9dio em que morava, e onde Yeliz foi morta, Bahar n\u00e3o consegue entrar no edif\u00edcio e chora desesperadamente na porta do im\u00f3vel.<\/p>\n<p>Apesar da tristeza da m\u00e3e, as crian\u00e7as t\u00eam um momento de felicidade:<\/p>\n<p>Doruk e Nisan voltam radiantes para a escola na companhia de Sarp. Os dois n\u00e3o conseguem esconder a alegria e apresentam o pai para as professoras, cheios de orgulho.<br \/>\n<!--FIM DO POST--><\/p>\n<div class=\"fb-comments\" data-width=\"100%\" data-order-by=\"reverse_time\" data-numposts=\"5\"><\/div>\n<h2>Saiba mais:<\/h2>\n<p><a href=\"https:\/\/tvnovelas.com.br\/novelas\/resumos-de-forca-de-mulher\/\" target=\"_blank\" rel=\"noopener\">Resumos da semana de For\u00e7a de Mulher<\/a><br \/>\n<a href=\"https:\/\/tvnovelas.com.br\/page2\/arquivo\/forca-de-mulher-as-lutas-de-bahar\/\" target=\"_blank\" rel=\"noopener\">For\u00e7a de Mulher: As lutas de Bahar (Sinopse)<\/a><br \/>\n<a href=\"https:\/\/pt.wikipedia.org\/wiki\/Kad%C4%B1n\" target=\"_blank\" rel=\"noopener\">Sobre For\u00e7a de Mulher na Wikipedia<\/a><br \/>\n<a href=\"https:\/\/www.facebook.com\/tevenovelas\/\">\u00daltimas not\u00edcias do TV Novelas no Facebook<\/a><br \/>\n<a href=\"https:\/\/tvnovelas.com.br\/novelas\/\">Resumos de todas as novelas<\/a><\/p>\n<h2>\u00daltimas not\u00edcias das novelas<\/h2>\n<p>[wp-rss-aggregator feeds=&#8221;todas&#8221;]<\/p>\n","protected":false},"excerpt":{"rendered":"<p>For\u00e7a de Mulher: Emo\u00e7\u00e3o no encontro,,&#8230; No cap\u00edtulo de For\u00e7a de Mulher desta ter\u00e7a, dia 25, ap\u00f3s passarem um longo per\u00edodo escondidas depois de tentarem&#8230;<\/p>\n","protected":false},"author":1,"featured_media":74500,"comment_status":"closed","ping_status":"closed","sticky":false,"template":"","format":"standard","meta":{"_uf_show_specific_survey":0,"_uf_disable_surveys":false,"_jetpack_memberships_contains_paid_content":false,"footnotes":"","_wp_rev_ctl_limit":""},"categories":[803],"tags":[805,5,64],"class_list":["post-74499","post","type-post","status-publish","format-standard","has-post-thumbnail","hentry","category-forca-de-mulher","tag-forca-de-mulher","tag-globo","tag-novelas","wpcat-803-id"],"aioseo_notices":[],"jetpack_featured_media_url":"https:\/\/i0.wp.com\/www.tvnovelas.com.br\/tvnews\/wp-content\/uploads\/2025\/03\/10725.jpg?fit=728%2C411&ssl=1","jetpack_shortlink":"https:\/\/wp.me\/pdP2BO-jnB","jetpack_sharing_enabled":true,"_links":{"self":[{"href":"https:\/\/www.tvnovelas.com.br\/tvnews\/wp-json\/wp\/v2\/posts\/74499","targetHints":{"allow":["GET"]}}],"collection":[{"href":"https:\/\/www.tvnovelas.com.br\/tvnews\/wp-json\/wp\/v2\/posts"}],"about":[{"href":"https:\/\/www.tvnovelas.com.br\/tvnews\/wp-json\/wp\/v2\/types\/post"}],"author":[{"embeddable":true,"href":"https:\/\/www.tvnovelas.com.br\/tvnews\/wp-json\/wp\/v2\/users\/1"}],"replies":[{"embeddable":true,"href":"https:\/\/www.tvnovelas.com.br\/tvnews\/wp-json\/wp\/v2\/comments?post=74499"}],"version-history":[{"count":1,"href":"https:\/\/www.tvnovelas.com.br\/tvnews\/wp-json\/wp\/v2\/posts\/74499\/revisions"}],"predecessor-version":[{"id":74503,"href":"https:\/\/www.tvnovelas.com.br\/tvnews\/wp-json\/wp\/v2\/posts\/74499\/revisions\/74503"}],"wp:featuredmedia":[{"embeddable":true,"href":"https:\/\/www.tvnovelas.com.br\/tvnews\/wp-json\/wp\/v2\/media\/74500"}],"wp:attachment":[{"href":"https:\/\/www.tvnovelas.com.br\/tvnews\/wp-json\/wp\/v2\/media?parent=74499"}],"wp:term":[{"taxonomy":"category","embeddable":true,"href":"https:\/\/www.tvnovelas.com.br\/tvnews\/wp-json\/wp\/v2\/categories?post=74499"},{"taxonomy":"post_tag","embeddable":true,"href":"https:\/\/www.tvnovelas.com.br\/tvnews\/wp-json\/wp\/v2\/tags?post=74499"}],"curies":[{"name":"wp","href":"https:\/\/api.w.org\/{rel}","templated":true}]}}