{"id":74511,"date":"2025-03-26T09:28:23","date_gmt":"2025-03-26T12:28:23","guid":{"rendered":"https:\/\/www.tvnovelas.com.br\/tvnews\/?p=74511"},"modified":"2025-03-26T09:28:23","modified_gmt":"2025-03-26T12:28:23","slug":"volta-por-cima-edson-convida-jao-para-voltar-a-formosa","status":"publish","type":"post","link":"https:\/\/www.tvnovelas.com.br\/tvnews\/volta-por-cima-edson-convida-jao-para-voltar-a-formosa\/","title":{"rendered":"Volta por Cima: Edson convida J\u00e3o para voltar \u00e0 Formosa"},"content":{"rendered":"<figure id=\"attachment_74512\" aria-describedby=\"caption-attachment-74512\" style=\"width: 728px\" class=\"wp-caption alignnone\"><img data-recalc-dims=\"1\" decoding=\"async\" class=\"wp-image-74512 size-full\" title=\"(Foto: TV Globo\/ Volta por Cima)\" src=\"https:\/\/i0.wp.com\/www.tvnovelas.com.br\/tvnews\/wp-content\/uploads\/2025\/03\/10728.jpg?resize=728%2C410&#038;ssl=1\" alt=\"Foto em Volta por Cima: Edson convida J\u00e3o\" width=\"728\" height=\"410\" srcset=\"https:\/\/i0.wp.com\/www.tvnovelas.com.br\/tvnews\/wp-content\/uploads\/2025\/03\/10728.jpg?w=728&amp;ssl=1 728w, https:\/\/i0.wp.com\/www.tvnovelas.com.br\/tvnews\/wp-content\/uploads\/2025\/03\/10728.jpg?resize=250%2C141&amp;ssl=1 250w\" sizes=\"(max-width: 728px) 100vw, 728px\" \/><figcaption id=\"caption-attachment-74512\" class=\"wp-caption-text\">Volta por Cima: Edson convida J\u00e3o&#8230;<\/figcaption><\/figure>\n<p>Em Volta por Cima, apesar do sucesso da paralisa\u00e7\u00e3o de funcion\u00e1rios da Via\u00e7\u00e3o Estelar, J\u00e3o (Fabr\u00edcio Boliveira) pede demiss\u00e3o da empresa, e Edson (A\u00edlton Gra\u00e7a) aproveita a atitude do filho como uma grande oportunidade de t\u00ea-lo de volta \u00e0 Via\u00e7\u00e3o Formosa, onde \u00e9 herdeiro.<\/p>\n<p>&#8220;Eu fiz o que tinha que ser feito na Estelar. E estou feliz de ter conseguido reverter a situa\u00e7\u00e3o, apesar da queda de bra\u00e7o que foi&#8221;, diz J\u00e3o sobre a a\u00e7\u00e3o de equipara\u00e7\u00e3o salarial entre funcion\u00e1rios brancos e pretos.<\/p>\n<p>Edson, que n\u00e3o esconde o orgulho que sente pelo filho, faz quest\u00e3o de parabeniz\u00e1-lo pessoalmente e, claro, refazer uma oferta de emprego.<\/p>\n<p>&#8220;Bom, a minha vinda aqui hoje \u00e9 pra te chamar pra trabalhar na Via\u00e7\u00e3o Formosa, J\u00e3o. A gente quer e confia em gente como voc\u00ea. E j\u00e1 t\u00e1 mais do que na hora de voc\u00ea voltar pra sua casa, filho.&#8221;<br \/>\nJ\u00e3o, cria da Formosa, reage ao convite, interessado.<\/p>\n<p>Por muitos anos, n\u00e3o ter um pai na certid\u00e3o e na vida foi um problema para J\u00e3o. Mas, ao receber a not\u00edcia de que seria pai do beb\u00ea de Cac\u00e1 (Pri Helena), com quem teve um relacionamento breve, ele prometeu a si mesmo que faria diferente e assumiria a crian\u00e7a. Tocada pela atitude do filho, Neuza (Valdineia Soriano) decidiu revelar que Edson era o pai que ele tanto procurava.<\/p>\n<p>Nenhum dos dois sabia sobre esse la\u00e7o que os unia. Neuza quando descobriu a gravidez decidiu mant\u00ea-la em segredo, impedindo que eles soubessem a verdade.<\/p>\n<p>J\u00e3o fez a m\u00e3e contar para Edson sobre a paternidade, chegou a negar o afeto do empres\u00e1rio, e ap\u00f3s exame de DNA comprovando a parentalidade e os novos documentos com o sobrenome de Edson, o agora gerente de opera\u00e7\u00f5es, aceitou o pai.<br \/>\n<!--FIM DO POST--><\/p>\n<div class=\"fb-comments\" data-width=\"100%\" data-order-by=\"reverse_time\" data-numposts=\"5\"><\/div>\n<p><h2>Mais:<\/h2>\r\n<p><a href=\"https:\/\/tvnovelas.com.br\/novelas\/resumos-de-volta-por-cima\/\" target=\"_blank\" rel=\"noopener\">Confira os resumos da semana de Volta por Cima'<\/a><\/p>\r\n<p><a href=\"https:\/\/wp.me\/pfspD2-T5\" target=\"_blank\" rel=\"noopener\">Volta por Cima: Entre os sonhos e a fam\u00edlia<\/a> (Sinopse)<\/p>\r\n<p><a href=\"https:\/\/pt.wikipedia.org\/wiki\/Volta_por_Cima_(telenovela)\" target=\"_blank\" rel=\"noopener\">Sobre Volta por Cima na Wikipedia<\/a><\/p>\r\n<p><a href=\"https:\/\/tvnovelas.com.br\/novelas\/\" target=\"_blank\" rel=\"noopener\">Resumos de todas as novelas<\/a><\/p>\r\n<p><strong style=\"font-size: 120%;\">\u00daltimas not\u00edcias de 'Volta por Cima':<\/strong><\/p>\r\n<div class=\"pt-cv-wrapper\"><div class=\"pt-cv-view pt-cv-grid pt-cv-colsys\" id=\"pt-cv-view-372c3953u7\"><div data-id=\"pt-cv-page-1\" class=\"pt-cv-page\" data-cvc=\"1\"><div class=\"col-md-12 col-sm-12 col-xs-12 pt-cv-content-item pt-cv-1-col\" ><div class='pt-cv-ifield'><h4 class=\"pt-cv-title\"><a href=\"https:\/\/www.tvnovelas.com.br\/tvnews\/volta-por-cima-onibus-de-lindomar-passa-por-outro-acidente-tragico\/\" class=\"_self\" target=\"_self\" >Volta por Cima: \u00d4nibus de Lindomar passa por outro acidente tr\u00e1gico<\/a><\/h4><\/div><\/div>\n<div class=\"col-md-12 col-sm-12 col-xs-12 pt-cv-content-item pt-cv-1-col\" ><div class='pt-cv-ifield'><h4 class=\"pt-cv-title\"><a href=\"https:\/\/www.tvnovelas.com.br\/tvnews\/volta-por-cima-osmar-descobre-que-vivinha-preservou-sua-vida\/\" class=\"_self\" target=\"_self\" >Volta por Cima: Osmar descobre que Vivinha preservou sua vida<\/a><\/h4><\/div><\/div>\n<div class=\"col-md-12 col-sm-12 col-xs-12 pt-cv-content-item pt-cv-1-col\" ><div class='pt-cv-ifield'><h4 class=\"pt-cv-title\"><a href=\"https:\/\/www.tvnovelas.com.br\/tvnews\/volta-por-cima-jao-salva-a-vida-de-nando\/\" class=\"_self\" target=\"_self\" >Volta por Cima: J\u00e3o salva a vida de Nando<\/a><\/h4><\/div><\/div>\n<div class=\"col-md-12 col-sm-12 col-xs-12 pt-cv-content-item pt-cv-1-col\" ><div class='pt-cv-ifield'><h4 class=\"pt-cv-title\"><a href=\"https:\/\/www.tvnovelas.com.br\/tvnews\/volta-por-cima-saia-justa-osmar-chama-joyce-de-vivinha\/\" class=\"_self\" target=\"_self\" >Volta por Cima: Saia justa: Osmar chama Joyce de Vivinha&#8230;<\/a><\/h4><\/div><\/div>\n<div class=\"col-md-12 col-sm-12 col-xs-12 pt-cv-content-item pt-cv-1-col\" ><div class='pt-cv-ifield'><h4 class=\"pt-cv-title\"><a href=\"https:\/\/www.tvnovelas.com.br\/tvnews\/volta-por-cima-doralice-consegue-doador-de-coracao-para-transplante\/\" class=\"_self\" target=\"_self\" >Volta por Cima: Doralice consegue doador de cora\u00e7\u00e3o para transplante<\/a><\/h4><\/div><\/div>\n<div class=\"col-md-12 col-sm-12 col-xs-12 pt-cv-content-item pt-cv-1-col\" ><div class='pt-cv-ifield'><h4 class=\"pt-cv-title\"><a href=\"https:\/\/www.tvnovelas.com.br\/tvnews\/volta-por-cima-violeta-beija-marco-e-aparece-com-ele-na-frente-de-osmar\/\" class=\"_self\" target=\"_self\" >Volta por Cima: Violeta beija Marco e aparece com ele na frente de Osmar<\/a><\/h4><\/div><\/div><\/div><\/div><\/div>\r\n<p><strong style=\"font-size: 120%;\">\u00daltimas not\u00edcias deste site:<\/strong><\/p>\r\n<div class=\"pt-cv-wrapper\"><div class=\"pt-cv-view pt-cv-grid pt-cv-colsys\" id=\"pt-cv-view-90991035b3\"><div data-id=\"pt-cv-page-1\" class=\"pt-cv-page\" data-cvc=\"1\"><div class=\"col-md-12 col-sm-12 col-xs-12 pt-cv-content-item pt-cv-1-col\" ><div class='pt-cv-ifield'><h4 class=\"pt-cv-title\"><a href=\"https:\/\/www.tvnovelas.com.br\/tvnews\/coracao-de-mae-irmak-denuncia-adnan\/\" class=\"_self\" target=\"_self\" >Cora\u00e7\u00e3o de M\u00e3e: Irmak denuncia Adnan<\/a><\/h4><\/div><\/div>\n<div class=\"col-md-12 col-sm-12 col-xs-12 pt-cv-content-item pt-cv-1-col\" ><div class='pt-cv-ifield'><h4 class=\"pt-cv-title\"><a href=\"https:\/\/www.tvnovelas.com.br\/tvnews\/a-nobreza-do-amor-mirinho-e-obrigado-a-resgatar-tonho\/\" class=\"_self\" target=\"_self\" >A Nobreza do Amor: Mirinho \u00e9 obrigado a resgatar Tonho<\/a><\/h4><\/div><\/div>\n<div class=\"col-md-12 col-sm-12 col-xs-12 pt-cv-content-item pt-cv-1-col\" ><div class='pt-cv-ifield'><h4 class=\"pt-cv-title\"><a href=\"https:\/\/www.tvnovelas.com.br\/tvnews\/tres-gracas-paulinho-e-afastado-da-policia-por-causa-de-gerluce\/\" class=\"_self\" target=\"_self\" >Tr\u00eas Gra\u00e7as: Paulinho \u00e9 afastado da pol\u00edcia por causa de Gerluce<\/a><\/h4><\/div><\/div>\n<div class=\"col-md-12 col-sm-12 col-xs-12 pt-cv-content-item pt-cv-1-col\" ><div class='pt-cv-ifield'><h4 class=\"pt-cv-title\"><a href=\"https:\/\/www.tvnovelas.com.br\/tvnews\/coracao-de-mae-irmak-inicia-jogo-arriscado-contra-adnan\/\" class=\"_self\" target=\"_self\" >Cora\u00e7\u00e3o de M\u00e3e: Irmak inicia jogo arriscado contra Adnan<\/a><\/h4><\/div><\/div>\n<div class=\"col-md-12 col-sm-12 col-xs-12 pt-cv-content-item pt-cv-1-col\" ><div class='pt-cv-ifield'><h4 class=\"pt-cv-title\"><a href=\"https:\/\/www.tvnovelas.com.br\/tvnews\/guerra-das-rosas-omer-chama-gulru-vestida-de-noiva-para-fugir\/\" class=\"_self\" target=\"_self\" >Guerra das Rosas: Omer chama Gulru vestida de noiva para fugir<\/a><\/h4><\/div><\/div>\n<div class=\"col-md-12 col-sm-12 col-xs-12 pt-cv-content-item pt-cv-1-col\" ><div class='pt-cv-ifield'><h4 class=\"pt-cv-title\"><a href=\"https:\/\/www.tvnovelas.com.br\/tvnews\/coracao-de-mae-reha-sai-para-jantar-com-selvi\/\" class=\"_self\" target=\"_self\" >Cora\u00e7\u00e3o de M\u00e3e: Reha sai para jantar com Selvi<\/a><\/h4><\/div><\/div>\n<div class=\"col-md-12 col-sm-12 col-xs-12 pt-cv-content-item pt-cv-1-col\" ><div class='pt-cv-ifield'><h4 class=\"pt-cv-title\"><a href=\"https:\/\/www.tvnovelas.com.br\/tvnews\/coracao-acelerado-zila-se-preocupa-com-sua-situacao-apos-separacao\/\" class=\"_self\" target=\"_self\" >Cora\u00e7\u00e3o Acelerado: Zil\u00e1 se preocupa com sua situa\u00e7\u00e3o ap\u00f3s separa\u00e7\u00e3o<\/a><\/h4><\/div><\/div>\n<div class=\"col-md-12 col-sm-12 col-xs-12 pt-cv-content-item pt-cv-1-col\" ><div class='pt-cv-ifield'><h4 class=\"pt-cv-title\"><a href=\"https:\/\/www.tvnovelas.com.br\/tvnews\/a-nobreza-do-amor-tonho-nao-se-curva-diante-de-mirinho\/\" class=\"_self\" target=\"_self\" >A Nobreza do Amor: Tonho n\u00e3o se curva diante de Mirinho<\/a><\/h4><\/div><\/div>\n<div class=\"col-md-12 col-sm-12 col-xs-12 pt-cv-content-item pt-cv-1-col\" ><div class='pt-cv-ifield'><h4 class=\"pt-cv-title\"><a href=\"https:\/\/www.tvnovelas.com.br\/tvnews\/tres-gracas-arminda-surta-ao-confirmar-que-ferette-e-pai-de-raul\/\" class=\"_self\" target=\"_self\" >Tr\u00eas Gra\u00e7as:  Arminda surta ao confirmar que Ferette \u00e9 pai de Raul<\/a><\/h4><\/div><\/div>\n<div class=\"col-md-12 col-sm-12 col-xs-12 pt-cv-content-item pt-cv-1-col\" ><div class='pt-cv-ifield'><h4 class=\"pt-cv-title\"><a href=\"https:\/\/www.tvnovelas.com.br\/tvnews\/coracao-de-mae-atilla-confronta-hasan-e-exige-o-divorcio-de-lale\/\" class=\"_self\" target=\"_self\" >Cora\u00e7\u00e3o de M\u00e3e: Atilla confronta Hasan e exige o div\u00f3rcio de Lale<\/a><\/h4><\/div><\/div><\/div><\/div><\/div>\r\n<h3>Confira tamb\u00e9m<\/h3>\r\n<p><a href=\"https:\/\/www.tvnovelas.com.br\/filmes\/\" target=\"_blank\" rel=\"noopener noreferrer\"><strong>Programa\u00e7\u00e3o de filmes na TV aberta<\/strong><\/a><\/p>\r\n<p><a href=\"https:\/\/caetenews.com.br\/semana\/filmes-da-globo-na-sessao-da-tarde-desta-semana\/\" target=\"_blank\" rel=\"noopener\"><strong>Confira os filmes da semana na Sess\u00e3o da Tarde<\/strong><\/a><\/p>\r\n<p><a href=\"https:\/\/www.tvnovelas.com.br\/novelas\/\"><strong>Confira os resumos da semana de todas novelas<\/strong><\/a><\/p><br \/>\n<a href=\"https:\/\/tvnovelas.com.br\/filmes\/filmes-na-tv-segunda\/\" target=\"_blank\" rel=\"noopener\">Confira a Progrma\u00e7\u00e3o de Filmes na TV aberta<\/a><br \/>\n<a href=\"https:\/\/pt.wikipedia.org\/wiki\/Volta_por_Cima_(telenovela)\" target=\"_blank\" rel=\"noopener\">Sobre Volta por Cima na Wikipedia<\/a><br \/>\n<a href=\"https:\/\/www.tvnovelas.com.br\/tvnews\/\" target=\"_blank\" rel=\"noopener\">\u00daltimas not\u00edcias das novelas<\/a><\/p>\n","protected":false},"excerpt":{"rendered":"<p>Volta por Cima: Edson convida J\u00e3o&#8230;. Em Volta por Cima, apesar do sucesso da paralisa\u00e7\u00e3o de funcion\u00e1rios da Via\u00e7\u00e3o Estelar, J\u00e3o (Fabr\u00edcio Boliveira) pede demiss\u00e3o da empresa&#8230;.<\/p>\n","protected":false},"author":1,"featured_media":74512,"comment_status":"closed","ping_status":"closed","sticky":false,"template":"","format":"standard","meta":{"_uf_show_specific_survey":0,"_uf_disable_surveys":false,"_jetpack_memberships_contains_paid_content":false,"footnotes":"","_wp_rev_ctl_limit":""},"categories":[807],"tags":[5,64,808],"class_list":["post-74511","post","type-post","status-publish","format-standard","has-post-thumbnail","hentry","category-volta-por-cima","tag-globo","tag-novelas","tag-volta-por-cima","wpcat-807-id"],"aioseo_notices":[],"jetpack_featured_media_url":"https:\/\/i0.wp.com\/www.tvnovelas.com.br\/tvnews\/wp-content\/uploads\/2025\/03\/10728.jpg?fit=728%2C410&ssl=1","jetpack_shortlink":"https:\/\/wp.me\/pdP2BO-jnN","jetpack_sharing_enabled":true,"_links":{"self":[{"href":"https:\/\/www.tvnovelas.com.br\/tvnews\/wp-json\/wp\/v2\/posts\/74511","targetHints":{"allow":["GET"]}}],"collection":[{"href":"https:\/\/www.tvnovelas.com.br\/tvnews\/wp-json\/wp\/v2\/posts"}],"about":[{"href":"https:\/\/www.tvnovelas.com.br\/tvnews\/wp-json\/wp\/v2\/types\/post"}],"author":[{"embeddable":true,"href":"https:\/\/www.tvnovelas.com.br\/tvnews\/wp-json\/wp\/v2\/users\/1"}],"replies":[{"embeddable":true,"href":"https:\/\/www.tvnovelas.com.br\/tvnews\/wp-json\/wp\/v2\/comments?post=74511"}],"version-history":[{"count":1,"href":"https:\/\/www.tvnovelas.com.br\/tvnews\/wp-json\/wp\/v2\/posts\/74511\/revisions"}],"predecessor-version":[{"id":74513,"href":"https:\/\/www.tvnovelas.com.br\/tvnews\/wp-json\/wp\/v2\/posts\/74511\/revisions\/74513"}],"wp:featuredmedia":[{"embeddable":true,"href":"https:\/\/www.tvnovelas.com.br\/tvnews\/wp-json\/wp\/v2\/media\/74512"}],"wp:attachment":[{"href":"https:\/\/www.tvnovelas.com.br\/tvnews\/wp-json\/wp\/v2\/media?parent=74511"}],"wp:term":[{"taxonomy":"category","embeddable":true,"href":"https:\/\/www.tvnovelas.com.br\/tvnews\/wp-json\/wp\/v2\/categories?post=74511"},{"taxonomy":"post_tag","embeddable":true,"href":"https:\/\/www.tvnovelas.com.br\/tvnews\/wp-json\/wp\/v2\/tags?post=74511"}],"curies":[{"name":"wp","href":"https:\/\/api.w.org\/{rel}","templated":true}]}}