{"id":74554,"date":"2025-03-27T11:11:40","date_gmt":"2025-03-27T14:11:40","guid":{"rendered":"https:\/\/www.tvnovelas.com.br\/tvnews\/?p=74554"},"modified":"2025-03-27T12:15:14","modified_gmt":"2025-03-27T15:15:14","slug":"forca-de-mulher-nisan-se-inquieta-ao-ver-uma-caixa-de-presente-para-a-mae","status":"publish","type":"post","link":"https:\/\/www.tvnovelas.com.br\/tvnews\/forca-de-mulher-nisan-se-inquieta-ao-ver-uma-caixa-de-presente-para-a-mae\/","title":{"rendered":"For\u00e7a de Mulher: Nisan se inquieta ao ver uma caixa de presente para a m\u00e3e"},"content":{"rendered":"<figure id=\"attachment_74556\" aria-describedby=\"caption-attachment-74556\" style=\"width: 728px\" class=\"wp-caption alignnone\"><img data-recalc-dims=\"1\" decoding=\"async\" class=\"wp-image-74556 size-full\" title=\"(Foto: Record TV\/For\u00e7a de Mulher)\" src=\"https:\/\/i0.wp.com\/www.tvnovelas.com.br\/tvnews\/wp-content\/uploads\/2025\/03\/10737.jpg?resize=728%2C413&#038;ssl=1\" alt=\"Foto em For\u00e7a de Mulher: Nisan se inquieta\" width=\"728\" height=\"413\" srcset=\"https:\/\/i0.wp.com\/www.tvnovelas.com.br\/tvnews\/wp-content\/uploads\/2025\/03\/10737.jpg?w=728&amp;ssl=1 728w, https:\/\/i0.wp.com\/www.tvnovelas.com.br\/tvnews\/wp-content\/uploads\/2025\/03\/10737.jpg?resize=250%2C142&amp;ssl=1 250w\" sizes=\"(max-width: 728px) 100vw, 728px\" \/><figcaption id=\"caption-attachment-74556\" class=\"wp-caption-text\">For\u00e7a de Mulher: Nisan se inquieta<\/figcaption><\/figure>\n<p>No epis\u00f3dio de quinta-feira, 27 de mar\u00e7o, de &#8216;For\u00e7a de Mulher&#8217;, Sarp e Arif se encontram na escola das crian\u00e7as. O clima entre os dois se torna rapidamente tenso, e essa situa\u00e7\u00e3o \u00e9 percebida por Nisan, que fica naturalmente assustada diante do confronto. Esse momento cria um ambiente pesado, revelando o quanto os conflitos pessoais podem influenciar os pequenos.<\/p>\n<h2>Decis\u00f5es Que Impotam<\/h2>\n<p>Enquanto isso, Razin compartilha com Munir a decis\u00e3o de Nezir de libertar os ref\u00e9ns, uma revela\u00e7\u00e3o importante que poder\u00e1 alterar os rumos da narrativa. A expectativa em rela\u00e7\u00e3o a como essa decis\u00e3o se desenrolar\u00e1 \u00e9 palp\u00e1vel, especialmente considerando a press\u00e3o em que Nezir se encontra. Essas escolhas complexas refletem a ideia de que, muitas vezes, decis\u00f5es dif\u00edceis precisam ser feitas, afetando n\u00e3o s\u00f3 a vida dos envolvidos, mas tamb\u00e9m das pessoas ao redor.<\/p>\n<h2>Momentos de Alegria e Indigna\u00e7\u00e3o<\/h2>\n<p>Ap\u00f3s um dia repleto de tens\u00e3o, Sarp retorna para casa de \u00f4nibus, relembrando a proposta de Nezir. Seu sentimento de desconfian\u00e7a se intensifica, especialmente quando Nisan e Doruk pedem ao pai que conte uma hist\u00f3ria com Bahar, trazendo um elemento de normalidade ao ambiente. No entanto, Nisan se inquieta ao avistar uma caixa de presente para a m\u00e3e, que a leva a recordar o que viveu na mans\u00e3o de Nezir. Por outro lado, Sirin proporciona a alegria de um presente inusitado aos sobrinhos, contrastando com a indigna\u00e7\u00e3o de Sarp, que se v\u00ea em um turbilh\u00e3o de emo\u00e7\u00f5es, incluindo a alegria de Enver ao ser procurado novamente por seus clientes.<br \/>\n<em>Texto gerado por IA<\/em><br \/>\n<!--FIM DO POST--><\/p>\n<div class=\"fb-comments\" data-width=\"100%\" data-order-by=\"reverse_time\" data-numposts=\"5\"><\/div>\n<h2>Saiba mais:<\/h2>\n<p><a href=\"https:\/\/tvnovelas.com.br\/novelas\/resumos-de-forca-de-mulher\/\" target=\"_blank\" rel=\"noopener\">Resumos da semana de For\u00e7a de Mulher<\/a><br \/>\n<a href=\"https:\/\/tvnovelas.com.br\/page2\/arquivo\/forca-de-mulher-as-lutas-de-bahar\/\" target=\"_blank\" rel=\"noopener\">For\u00e7a de Mulher: As lutas de Bahar (Sinopse)<\/a><br \/>\n<a href=\"https:\/\/pt.wikipedia.org\/wiki\/Kad%C4%B1n\" target=\"_blank\" rel=\"noopener\">Sobre For\u00e7a de Mulher na Wikipedia<\/a><br \/>\n<a href=\"https:\/\/www.facebook.com\/tevenovelas\/\">\u00daltimas not\u00edcias do TV Novelas no Facebook<\/a><br \/>\n<a href=\"https:\/\/tvnovelas.com.br\/novelas\/\">Resumos de todas as novelas<\/a><\/p>\n<h2>\u00daltimas not\u00edcias das novelas<\/h2>\n<p>[wp-rss-aggregator feeds=&#8221;todas&#8221;]<\/p>\n","protected":false},"excerpt":{"rendered":"<p>For\u00e7a de Mulher: Nisan se inquieta&#8230; No epis\u00f3dio de quinta-feira, 27 de mar\u00e7o, de &#8216;For\u00e7a de Mulher&#8217;, Sarp e Arif se encontram na escola das crian\u00e7as&#8230;<\/p>\n","protected":false},"author":1,"featured_media":74556,"comment_status":"closed","ping_status":"closed","sticky":false,"template":"","format":"standard","meta":{"_uf_show_specific_survey":0,"_uf_disable_surveys":false,"_jetpack_memberships_contains_paid_content":false,"footnotes":"","_wp_rev_ctl_limit":""},"categories":[803],"tags":[873,805,5,64],"class_list":["post-74554","post","type-post","status-publish","format-standard","has-post-thumbnail","hentry","category-forca-de-mulher","tag-client-services","tag-forca-de-mulher","tag-globo","tag-novelas","wpcat-803-id"],"aioseo_notices":[],"jetpack_featured_media_url":"https:\/\/i0.wp.com\/www.tvnovelas.com.br\/tvnews\/wp-content\/uploads\/2025\/03\/10737.jpg?fit=728%2C413&ssl=1","jetpack_shortlink":"https:\/\/wp.me\/pdP2BO-jou","jetpack_sharing_enabled":true,"_links":{"self":[{"href":"https:\/\/www.tvnovelas.com.br\/tvnews\/wp-json\/wp\/v2\/posts\/74554","targetHints":{"allow":["GET"]}}],"collection":[{"href":"https:\/\/www.tvnovelas.com.br\/tvnews\/wp-json\/wp\/v2\/posts"}],"about":[{"href":"https:\/\/www.tvnovelas.com.br\/tvnews\/wp-json\/wp\/v2\/types\/post"}],"author":[{"embeddable":true,"href":"https:\/\/www.tvnovelas.com.br\/tvnews\/wp-json\/wp\/v2\/users\/1"}],"replies":[{"embeddable":true,"href":"https:\/\/www.tvnovelas.com.br\/tvnews\/wp-json\/wp\/v2\/comments?post=74554"}],"version-history":[{"count":5,"href":"https:\/\/www.tvnovelas.com.br\/tvnews\/wp-json\/wp\/v2\/posts\/74554\/revisions"}],"predecessor-version":[{"id":74566,"href":"https:\/\/www.tvnovelas.com.br\/tvnews\/wp-json\/wp\/v2\/posts\/74554\/revisions\/74566"}],"wp:featuredmedia":[{"embeddable":true,"href":"https:\/\/www.tvnovelas.com.br\/tvnews\/wp-json\/wp\/v2\/media\/74556"}],"wp:attachment":[{"href":"https:\/\/www.tvnovelas.com.br\/tvnews\/wp-json\/wp\/v2\/media?parent=74554"}],"wp:term":[{"taxonomy":"category","embeddable":true,"href":"https:\/\/www.tvnovelas.com.br\/tvnews\/wp-json\/wp\/v2\/categories?post=74554"},{"taxonomy":"post_tag","embeddable":true,"href":"https:\/\/www.tvnovelas.com.br\/tvnews\/wp-json\/wp\/v2\/tags?post=74554"}],"curies":[{"name":"wp","href":"https:\/\/api.w.org\/{rel}","templated":true}]}}