{"id":74584,"date":"2025-03-27T15:21:55","date_gmt":"2025-03-27T18:21:55","guid":{"rendered":"https:\/\/www.tvnovelas.com.br\/tvnews\/?p=74584"},"modified":"2025-03-27T15:21:55","modified_gmt":"2025-03-27T18:21:55","slug":"sangue-oculto-benedita-discute-com-vanda-e-sai-de-casa","status":"publish","type":"post","link":"https:\/\/www.tvnovelas.com.br\/tvnews\/sangue-oculto-benedita-discute-com-vanda-e-sai-de-casa\/","title":{"rendered":"Sangue Oculto: Benedita discute com Vanda e sai de casa"},"content":{"rendered":"<figure id=\"attachment_74585\" aria-describedby=\"caption-attachment-74585\" style=\"width: 728px\" class=\"wp-caption alignnone\"><img data-recalc-dims=\"1\" decoding=\"async\" class=\"size-full wp-image-74585\" src=\"https:\/\/i0.wp.com\/www.tvnovelas.com.br\/tvnews\/wp-content\/uploads\/2025\/03\/10742.jpg?resize=728%2C410&#038;ssl=1\" alt=\"Foto em Sangue Oculto: Benedita discute com Vanda\" width=\"728\" height=\"410\" srcset=\"https:\/\/i0.wp.com\/www.tvnovelas.com.br\/tvnews\/wp-content\/uploads\/2025\/03\/10742.jpg?w=728&amp;ssl=1 728w, https:\/\/i0.wp.com\/www.tvnovelas.com.br\/tvnews\/wp-content\/uploads\/2025\/03\/10742.jpg?resize=250%2C141&amp;ssl=1 250w\" sizes=\"(max-width: 728px) 100vw, 728px\" \/><figcaption id=\"caption-attachment-74585\" class=\"wp-caption-text\">Sangue Oculto: Benedita discute com Vanda&#8230;<\/figcaption><\/figure>\n<p>No cap\u00edtulo de Sangue Oculto desta quinta, dia 27, Vasyl conversa com Olavo sobre as desconfian\u00e7as de Benedita. Benedita, por sua vez, discute com Vanda e sai de casa&#8230; Confira o resumo do cap\u00edtulo de hoje:<\/p>\n<h2 style=\"color: #640d5f;\">Resumo de quinta-feira, 27 de mar\u00e7o<\/h2>\n<p>Vasyl conversa com Olavo sobre as desconfian\u00e7as de Benedita. S\u00edlvia sofre um desmaio. Benedita discute com Vanda e sai de casa. Pedro faz uma proposta para Rem\u00e9dios. C\u00e9sar vai socorrer S\u00edlvia e acaba descobrindo a gravidez da esposa. Carolina \u00e9 autorizada a refazer a prova. Vanda sente falta de Benedita. Teresa vai tirar satisfa\u00e7\u00f5es com Vanda.<br \/>\n<!--end--><br \/>\n<i>Os resumos de &#8216;Sangue Oculto&#8217; est\u00e3o sujeitos a mudan\u00e7as em fun\u00e7\u00e3o da edi\u00e7\u00e3o das novelas.<\/i><br \/>\n<strong>Coment\u00e1rios em Resumos de Sangue Oculto<\/strong><\/p>\n<div class=\"fb-comments\" data-href=\"https:\/\/tvnovelas.com.br\/novelas\/resumos-de-sangue-oculto\/\" data-width=\"100%\" data-order_by=\"reverse_time\" data-numposts=\"3\"><\/div>\n<h2>Saiba mais<\/h2>\n<p><a href=\"https:\/\/wp.me\/pfspD2-TZ\" target=\"_blank\" rel=\"noopener\">Sangue Oculto: G\u00eameas que nunca se viram<\/a><br \/>\n<a href=\"https:\/\/pt.wikipedia.org\/wiki\/Sangue_Oculto\" target=\"_blank\" rel=\"noopener\">Sobre Sangue Oculto na Wikipedia<\/a><br \/>\n<a href=\"https:\/\/www.facebook.com\/tevenovelas\/\">\u00daltimas not\u00edcias do TV Novelas no Facebook<\/a><br \/>\n<a href=\"https:\/\/tvnovelas.com.br\/novelas\/\">Resumos de todas as novelas<\/a><\/p>\n<h2>\u00daltimas not\u00edcias das novelas<\/h2>\n<p>[wp-rss-aggregator feeds=&#8221;todas&#8221;]<\/p>\n","protected":false},"excerpt":{"rendered":"<p>Sangue Oculto: Benedita discute com Vanda&#8230; No cap\u00edtulo de Sangue Oculto desta quinta, dia 27, Vasyl conversa com Olavo sobre as desconfian\u00e7as de Benedita. Benedita, por sua vez&#8230;<\/p>\n","protected":false},"author":1,"featured_media":74585,"comment_status":"closed","ping_status":"closed","sticky":false,"template":"","format":"standard","meta":{"_uf_show_specific_survey":0,"_uf_disable_surveys":false,"_jetpack_memberships_contains_paid_content":false,"footnotes":"","_wp_rev_ctl_limit":""},"categories":[351],"tags":[64,870,255],"class_list":["post-74584","post","type-post","status-publish","format-standard","has-post-thumbnail","hentry","category-tv-brasil","tag-novelas","tag-sangue-oculto","tag-tv-brasil","wpcat-351-id"],"aioseo_notices":[],"jetpack_featured_media_url":"https:\/\/i0.wp.com\/www.tvnovelas.com.br\/tvnews\/wp-content\/uploads\/2025\/03\/10742.jpg?fit=728%2C410&ssl=1","jetpack_shortlink":"https:\/\/wp.me\/pdP2BO-joY","jetpack_sharing_enabled":true,"_links":{"self":[{"href":"https:\/\/www.tvnovelas.com.br\/tvnews\/wp-json\/wp\/v2\/posts\/74584","targetHints":{"allow":["GET"]}}],"collection":[{"href":"https:\/\/www.tvnovelas.com.br\/tvnews\/wp-json\/wp\/v2\/posts"}],"about":[{"href":"https:\/\/www.tvnovelas.com.br\/tvnews\/wp-json\/wp\/v2\/types\/post"}],"author":[{"embeddable":true,"href":"https:\/\/www.tvnovelas.com.br\/tvnews\/wp-json\/wp\/v2\/users\/1"}],"replies":[{"embeddable":true,"href":"https:\/\/www.tvnovelas.com.br\/tvnews\/wp-json\/wp\/v2\/comments?post=74584"}],"version-history":[{"count":1,"href":"https:\/\/www.tvnovelas.com.br\/tvnews\/wp-json\/wp\/v2\/posts\/74584\/revisions"}],"predecessor-version":[{"id":74586,"href":"https:\/\/www.tvnovelas.com.br\/tvnews\/wp-json\/wp\/v2\/posts\/74584\/revisions\/74586"}],"wp:featuredmedia":[{"embeddable":true,"href":"https:\/\/www.tvnovelas.com.br\/tvnews\/wp-json\/wp\/v2\/media\/74585"}],"wp:attachment":[{"href":"https:\/\/www.tvnovelas.com.br\/tvnews\/wp-json\/wp\/v2\/media?parent=74584"}],"wp:term":[{"taxonomy":"category","embeddable":true,"href":"https:\/\/www.tvnovelas.com.br\/tvnews\/wp-json\/wp\/v2\/categories?post=74584"},{"taxonomy":"post_tag","embeddable":true,"href":"https:\/\/www.tvnovelas.com.br\/tvnews\/wp-json\/wp\/v2\/tags?post=74584"}],"curies":[{"name":"wp","href":"https:\/\/api.w.org\/{rel}","templated":true}]}}