{"id":74643,"date":"2025-03-29T10:31:16","date_gmt":"2025-03-29T13:31:16","guid":{"rendered":"https:\/\/www.tvnovelas.com.br\/tvnews\/?p=74643"},"modified":"2025-03-29T10:34:27","modified_gmt":"2025-03-29T13:34:27","slug":"o-que-se-passa-em-volta-por-cima-na-semana-28-3-a-05-4","status":"publish","type":"post","link":"https:\/\/www.tvnovelas.com.br\/tvnews\/o-que-se-passa-em-volta-por-cima-na-semana-28-3-a-05-4\/","title":{"rendered":"O que se passa em Volta por Cima na semana 28\/3 a 05\/4"},"content":{"rendered":"<p>\u00a0<\/p>\n<div style=\"background-color: #FBE4D6;\">\n.<br \/>\n<figure id=\"attachment_74650\" aria-describedby=\"caption-attachment-74650\" style=\"width: 728px\" class=\"wp-caption alignnone\"><img data-recalc-dims=\"1\" decoding=\"async\" src=\"https:\/\/i0.wp.com\/www.tvnovelas.com.br\/tvnews\/wp-content\/uploads\/2025\/03\/10754e.jpg?resize=728%2C409&#038;ssl=1\" alt=\"Foto em Volta por Cima na semana 28\/3 a 05\/4\" title=\"(Foto: TV Globo\/ Volta por Cima)\" width=\"728\" height=\"409\" class=\"size-full wp-image-74650\" srcset=\"https:\/\/i0.wp.com\/www.tvnovelas.com.br\/tvnews\/wp-content\/uploads\/2025\/03\/10754e.jpg?w=728&amp;ssl=1 728w, https:\/\/i0.wp.com\/www.tvnovelas.com.br\/tvnews\/wp-content\/uploads\/2025\/03\/10754e.jpg?resize=250%2C140&amp;ssl=1 250w\" sizes=\"(max-width: 728px) 100vw, 728px\" \/><figcaption id=\"caption-attachment-74650\" class=\"wp-caption-text\">Volta por Cima na semana 28\/3 a 05\/4<\/figcaption><\/figure><\/p>\n<blockquote><p><strong style=\"color: #0C0950;\">Nos pr\u00f3ximos cap\u00edtulos de Volta por Cima, <\/strong>Nasce o filho de Cac\u00e1, e Violeta tenta se apoderar da crian\u00e7a; Violeta descobre que foi enganada por Osmar; Violeta expulsa Cac\u00e1 de sua casa; Violeta cuida de seu neto, e Osmar questiona a esposa sobre Cac\u00e1; Violeta pede a ajuda de Marco para reaver o que Osmar tirou dela&#8230;<\/p><\/blockquote>\n<\/div>\n<h2 style=\"color: #0C0950;\">Resumo de segunda-feira, 31 de mar\u00e7o<\/h2>\n<p>Osmar avisa a Madalena sobre o confronto na Vila Cambuc\u00e1. Ca\u00e7apa manda a localiza\u00e7\u00e3o de Marco para Gerson. Jin encontra Hana desmaiada e a acolhe. Madalena e J\u00e3o tentam se proteger na rua. Cac\u00e1 pensa em Chico. Jin comenta com Min-Ji que acredita que Hana n\u00e3o esteja doente. Gigi pede para Belisa impedir Rodolfo de ir para a guerra dos irm\u00e3os. Madalena se machuca durante o confronto, e J\u00e3o se preocupa. Violeta descobre que foi enganada por Osmar. Passam-se alguns meses. J\u00e3o e Madalena observam a obra da casa onde ir\u00e3o morar. Cac\u00e1 d\u00e1 entrada no hospital em trabalho de parto.\u00a0<br \/>\n<figure id=\"attachment_74651\" aria-describedby=\"caption-attachment-74651\" style=\"width: 728px\" class=\"wp-caption alignnone\"><img data-recalc-dims=\"1\" decoding=\"async\" src=\"https:\/\/i0.wp.com\/www.tvnovelas.com.br\/tvnews\/wp-content\/uploads\/2025\/03\/10754B.jpg?resize=728%2C409&#038;ssl=1\" alt=\"Foto em Volta por Cima na semana 28\/3 a 05\/4\" title=\"(Foto: TV Globo\/ Volta por Cima)\" width=\"728\" height=\"409\" class=\"size-full wp-image-74651\" srcset=\"https:\/\/i0.wp.com\/www.tvnovelas.com.br\/tvnews\/wp-content\/uploads\/2025\/03\/10754B.jpg?w=728&amp;ssl=1 728w, https:\/\/i0.wp.com\/www.tvnovelas.com.br\/tvnews\/wp-content\/uploads\/2025\/03\/10754B.jpg?resize=250%2C140&amp;ssl=1 250w\" sizes=\"(max-width: 728px) 100vw, 728px\" \/><figcaption id=\"caption-attachment-74651\" class=\"wp-caption-text\">Volta por Cima na semana 28\/3 a 05\/4<\/figcaption><\/figure><br \/>\n\u00a0<\/p>\n<h2 style=\"color: #0C0950;\">Resumo de ter\u00e7a-feira, 1\u00b0 de abril<\/h2>\n<p>Nasce o filho de Cac\u00e1, e Violeta tenta se apoderar da crian\u00e7a. J\u00e3o desabafa com Edson sobre o nascimento do filho de Cac\u00e1. Joyce conversa com Madalena sobre Sebastian. Violeta diz a Osmar que ficar\u00e1 com seu neto. Chico visita Cac\u00e1 no hospital. Sebastian convida Joyce para sair. Osmar \u00e9 reverenciado pelas ruas da Vila Cambuc\u00e1. Nando passa mal na academia, e Rafa o leva para o hospital. Violeta expulsa Cac\u00e1 de sua casa. Tati reclama da aus\u00eancia de Jin. Rafa comenta com J\u00e3o e Edson que acredita que Nando esteja usando anabolizantes. Cac\u00e1 pede ajuda de Chico.<br \/>\n\u00a0<\/p>\n<h2 style=\"color: #0C0950;\">Resumo de quarta-feira, 02 de abril<\/h2>\n<p>Chico promete ajudar Cac\u00e1. Edson pede que o m\u00e9dico fa\u00e7a um exame de sangue em Nando. Violeta cuida de seu neto, e Osmar questiona a esposa sobre Cac\u00e1. Nando \u00e9 obrigado a assumir para a fam\u00edlia que usa anabolizantes. Rodolfo pede para Roxelle ajud\u00e1-lo a se entender com Gerson. Gerson tenta se aliar a um antigo membro da c\u00fapula. Chico sugere que Cac\u00e1 pe\u00e7a a ajuda de Osmar. Chega o dia do casamento de Sidney e Cida. Violeta sai com o neto, e Cac\u00e1 procura Osmar. Gerson exige que Roxelle mude sua roupa para sair com ele. Cida chega para o casamento com Sidney.<br \/>\n<figure id=\"attachment_74652\" aria-describedby=\"caption-attachment-74652\" style=\"width: 728px\" class=\"wp-caption alignnone\"><img data-recalc-dims=\"1\" decoding=\"async\" src=\"https:\/\/i0.wp.com\/www.tvnovelas.com.br\/tvnews\/wp-content\/uploads\/2025\/03\/10754d.jpg?resize=728%2C409&#038;ssl=1\" alt=\"Foto em Volta por Cima na semana 28\/3 a 05\/4\" title=\"(Foto: TV Globo\/ Volta por Cima)\" width=\"728\" height=\"409\" class=\"size-full wp-image-74652\" srcset=\"https:\/\/i0.wp.com\/www.tvnovelas.com.br\/tvnews\/wp-content\/uploads\/2025\/03\/10754d.jpg?w=728&amp;ssl=1 728w, https:\/\/i0.wp.com\/www.tvnovelas.com.br\/tvnews\/wp-content\/uploads\/2025\/03\/10754d.jpg?resize=250%2C140&amp;ssl=1 250w\" sizes=\"(max-width: 728px) 100vw, 728px\" \/><figcaption id=\"caption-attachment-74652\" class=\"wp-caption-text\">Volta por Cima na semana 28\/3 a 05\/4<\/figcaption><\/figure><br \/>\n\u00a0<\/p>\n<h2 style=\"color: #0C0950;\">Resumo de quinta-feira, 03 de abril<\/h2>\n<p>Cida e Sidney se casam. Roxelle enfrenta Gerson. Cac\u00e1 implora que Osmar a ajude com seu filho. Rodolfo comenta com Gigi que teme o que Ruth pode fazer contra ele. Osmar ajuda Cac\u00e1 a sair de sua casa sem que Violeta a veja. Rodolfo dan\u00e7a com Belisa, e Gigi fica animado. Tati pensa em Jin. Sidney e Cida aproveitam a lua de mel. Nando se enfurece com Edson e Rosana. Rafa relata para Silvia o que aconteceu com Nando. Osmar repreende Violeta. Silvia chama a aten\u00e7\u00e3o de Miranda por causa de Nando. Gigi vai com Yuki buscar Bernardo no aeroporto, e acaba tendo uma surpresa. Chico faz uma proposta para Cac\u00e1.<br \/>\n\u00a0<\/p>\n<h2 style=\"color: #0C0950;\">Resumo de sexta-feira, 04 de abril<\/h2>\n<p>Cac\u00e1 n\u00e3o aceita a proposta de Chico. Moreira apoia Chico. Madalena sente uma tontura, e Joyce se preocupa. Tati visita Nando. Rosana amea\u00e7a Miranda. Yuki incentiva Bernardo a se declarar para Gigi. Sebastian marca de se encontrar com Joyce no samba de J\u00e3o e Sidney. Violeta pede a ajuda de Marco para reaver o que Osmar tirou dela.\u00a0 Ruth alerta Marco sobre Violeta. Sebastian v\u00ea Osmar observando Joyce e se revolta. Violeta chama Cac\u00e1 para morar em sua casa novamente.\u00a0<br \/>\n<figure id=\"attachment_74653\" aria-describedby=\"caption-attachment-74653\" style=\"width: 728px\" class=\"wp-caption alignnone\"><img data-recalc-dims=\"1\" decoding=\"async\" src=\"https:\/\/i0.wp.com\/www.tvnovelas.com.br\/tvnews\/wp-content\/uploads\/2025\/03\/10754f.jpg?resize=728%2C408&#038;ssl=1\" alt=\"Foto em Volta por Cima na semana 28\/3 a 05\/4\" title=\"(Foto: TV Globo\/ Volta por Cima)\" width=\"728\" height=\"408\" class=\"size-full wp-image-74653\" srcset=\"https:\/\/i0.wp.com\/www.tvnovelas.com.br\/tvnews\/wp-content\/uploads\/2025\/03\/10754f.jpg?w=728&amp;ssl=1 728w, https:\/\/i0.wp.com\/www.tvnovelas.com.br\/tvnews\/wp-content\/uploads\/2025\/03\/10754f.jpg?resize=250%2C140&amp;ssl=1 250w\" sizes=\"(max-width: 728px) 100vw, 728px\" \/><figcaption id=\"caption-attachment-74653\" class=\"wp-caption-text\">Volta por Cima na semana 28\/3 a 05\/4<\/figcaption><\/figure><br \/>\n\u00a0<\/p>\n<h2 style=\"color: #0C0950;\">Resumo de s\u00e1bado, 05 de abril<\/h2>\n<p>J\u00f4 agride Sebastian para defender Osmar, e Joyce leva o ex-mordomo para sua casa. Osmar estranha o comportamento de Violeta com Cac\u00e1. Sebastian e Joyce passam a noite juntos. Gigi diz a Rodolfo que ir\u00e1 se declarar para Bernardo. J\u00f4 coloca um GPS e uma escuta no carro de Violeta. Osmar ouve uma conversa de Violeta e fica desconfiado. Madalena e J\u00e3o fazem planos para o futuro. Osmar se surpreende com Violeta.<br \/>\n<!--FIM DO POST--><\/p>\n<div class=\"fb-comments\" data-width=\"100%\" data-order-by=\"reverse_time\" data-numposts=\"5\"><\/div>\n<p><h2>Mais:<\/h2>\r\n<p><a href=\"https:\/\/tvnovelas.com.br\/novelas\/resumos-de-volta-por-cima\/\" target=\"_blank\" rel=\"noopener\">Confira os resumos da semana de Volta por Cima'<\/a><\/p>\r\n<p><a href=\"https:\/\/wp.me\/pfspD2-T5\" target=\"_blank\" rel=\"noopener\">Volta por Cima: Entre os sonhos e a fam\u00edlia<\/a> (Sinopse)<\/p>\r\n<p><a href=\"https:\/\/pt.wikipedia.org\/wiki\/Volta_por_Cima_(telenovela)\" target=\"_blank\" rel=\"noopener\">Sobre Volta por Cima na Wikipedia<\/a><\/p>\r\n<p><a href=\"https:\/\/tvnovelas.com.br\/novelas\/\" target=\"_blank\" rel=\"noopener\">Resumos de todas as novelas<\/a><\/p>\r\n<p><strong style=\"font-size: 120%;\">\u00daltimas not\u00edcias de 'Volta por Cima':<\/strong><\/p>\r\n<div class=\"pt-cv-wrapper\"><div class=\"pt-cv-view pt-cv-grid pt-cv-colsys\" id=\"pt-cv-view-372c3953u7\"><div data-id=\"pt-cv-page-1\" class=\"pt-cv-page\" data-cvc=\"1\"><div class=\"col-md-12 col-sm-12 col-xs-12 pt-cv-content-item pt-cv-1-col\" ><div class='pt-cv-ifield'><h4 class=\"pt-cv-title\"><a href=\"https:\/\/www.tvnovelas.com.br\/tvnews\/volta-por-cima-onibus-de-lindomar-passa-por-outro-acidente-tragico\/\" class=\"_self\" target=\"_self\" >Volta por Cima: \u00d4nibus de Lindomar passa por outro acidente tr\u00e1gico<\/a><\/h4><\/div><\/div>\n<div class=\"col-md-12 col-sm-12 col-xs-12 pt-cv-content-item pt-cv-1-col\" ><div class='pt-cv-ifield'><h4 class=\"pt-cv-title\"><a href=\"https:\/\/www.tvnovelas.com.br\/tvnews\/volta-por-cima-osmar-descobre-que-vivinha-preservou-sua-vida\/\" class=\"_self\" target=\"_self\" >Volta por Cima: Osmar descobre que Vivinha preservou sua vida<\/a><\/h4><\/div><\/div>\n<div class=\"col-md-12 col-sm-12 col-xs-12 pt-cv-content-item pt-cv-1-col\" ><div class='pt-cv-ifield'><h4 class=\"pt-cv-title\"><a href=\"https:\/\/www.tvnovelas.com.br\/tvnews\/volta-por-cima-jao-salva-a-vida-de-nando\/\" class=\"_self\" target=\"_self\" >Volta por Cima: J\u00e3o salva a vida de Nando<\/a><\/h4><\/div><\/div>\n<div class=\"col-md-12 col-sm-12 col-xs-12 pt-cv-content-item pt-cv-1-col\" ><div class='pt-cv-ifield'><h4 class=\"pt-cv-title\"><a href=\"https:\/\/www.tvnovelas.com.br\/tvnews\/volta-por-cima-saia-justa-osmar-chama-joyce-de-vivinha\/\" class=\"_self\" target=\"_self\" >Volta por Cima: Saia justa: Osmar chama Joyce de Vivinha&#8230;<\/a><\/h4><\/div><\/div>\n<div class=\"col-md-12 col-sm-12 col-xs-12 pt-cv-content-item pt-cv-1-col\" ><div class='pt-cv-ifield'><h4 class=\"pt-cv-title\"><a href=\"https:\/\/www.tvnovelas.com.br\/tvnews\/volta-por-cima-doralice-consegue-doador-de-coracao-para-transplante\/\" class=\"_self\" target=\"_self\" >Volta por Cima: Doralice consegue doador de cora\u00e7\u00e3o para transplante<\/a><\/h4><\/div><\/div>\n<div class=\"col-md-12 col-sm-12 col-xs-12 pt-cv-content-item pt-cv-1-col\" ><div class='pt-cv-ifield'><h4 class=\"pt-cv-title\"><a href=\"https:\/\/www.tvnovelas.com.br\/tvnews\/volta-por-cima-violeta-beija-marco-e-aparece-com-ele-na-frente-de-osmar\/\" class=\"_self\" target=\"_self\" >Volta por Cima: Violeta beija Marco e aparece com ele na frente de Osmar<\/a><\/h4><\/div><\/div><\/div><\/div><\/div>\r\n<p><strong style=\"font-size: 120%;\">\u00daltimas not\u00edcias deste site:<\/strong><\/p>\r\n<div class=\"pt-cv-wrapper\"><div class=\"pt-cv-view pt-cv-grid pt-cv-colsys\" id=\"pt-cv-view-90991035b3\"><div data-id=\"pt-cv-page-1\" class=\"pt-cv-page\" data-cvc=\"1\"><div class=\"col-md-12 col-sm-12 col-xs-12 pt-cv-content-item pt-cv-1-col\" ><div class='pt-cv-ifield'><h4 class=\"pt-cv-title\"><a href=\"https:\/\/www.tvnovelas.com.br\/tvnews\/coracao-de-mae-irmak-inicia-jogo-arriscado-contra-adnan\/\" class=\"_self\" target=\"_self\" >Cora\u00e7\u00e3o de M\u00e3e: Irmak inicia jogo arriscado contra Adnan<\/a><\/h4><\/div><\/div>\n<div class=\"col-md-12 col-sm-12 col-xs-12 pt-cv-content-item pt-cv-1-col\" ><div class='pt-cv-ifield'><h4 class=\"pt-cv-title\"><a href=\"https:\/\/www.tvnovelas.com.br\/tvnews\/guerra-das-rosas-omer-chama-gulru-vestida-de-noiva-para-fugir\/\" class=\"_self\" target=\"_self\" >Guerra das Rosas: Omer chama Gulru vestida de noiva para fugir<\/a><\/h4><\/div><\/div>\n<div class=\"col-md-12 col-sm-12 col-xs-12 pt-cv-content-item pt-cv-1-col\" ><div class='pt-cv-ifield'><h4 class=\"pt-cv-title\"><a href=\"https:\/\/www.tvnovelas.com.br\/tvnews\/coracao-de-mae-reha-sai-para-jantar-com-selvi\/\" class=\"_self\" target=\"_self\" >Cora\u00e7\u00e3o de M\u00e3e: Reha sai para jantar com Selvi<\/a><\/h4><\/div><\/div>\n<div class=\"col-md-12 col-sm-12 col-xs-12 pt-cv-content-item pt-cv-1-col\" ><div class='pt-cv-ifield'><h4 class=\"pt-cv-title\"><a href=\"https:\/\/www.tvnovelas.com.br\/tvnews\/coracao-acelerado-zila-se-preocupa-com-sua-situacao-apos-separacao\/\" class=\"_self\" target=\"_self\" >Cora\u00e7\u00e3o Acelerado: Zil\u00e1 se preocupa com sua situa\u00e7\u00e3o ap\u00f3s separa\u00e7\u00e3o<\/a><\/h4><\/div><\/div>\n<div class=\"col-md-12 col-sm-12 col-xs-12 pt-cv-content-item pt-cv-1-col\" ><div class='pt-cv-ifield'><h4 class=\"pt-cv-title\"><a href=\"https:\/\/www.tvnovelas.com.br\/tvnews\/a-nobreza-do-amor-tonho-nao-se-curva-diante-de-mirinho\/\" class=\"_self\" target=\"_self\" >A Nobreza do Amor: Tonho n\u00e3o se curva diante de Mirinho<\/a><\/h4><\/div><\/div>\n<div class=\"col-md-12 col-sm-12 col-xs-12 pt-cv-content-item pt-cv-1-col\" ><div class='pt-cv-ifield'><h4 class=\"pt-cv-title\"><a href=\"https:\/\/www.tvnovelas.com.br\/tvnews\/tres-gracas-arminda-surta-ao-confirmar-que-ferette-e-pai-de-raul\/\" class=\"_self\" target=\"_self\" >Tr\u00eas Gra\u00e7as:  Arminda surta ao confirmar que Ferette \u00e9 pai de Raul<\/a><\/h4><\/div><\/div>\n<div class=\"col-md-12 col-sm-12 col-xs-12 pt-cv-content-item pt-cv-1-col\" ><div class='pt-cv-ifield'><h4 class=\"pt-cv-title\"><a href=\"https:\/\/www.tvnovelas.com.br\/tvnews\/coracao-de-mae-atilla-confronta-hasan-e-exige-o-divorcio-de-lale\/\" class=\"_self\" target=\"_self\" >Cora\u00e7\u00e3o de M\u00e3e: Atilla confronta Hasan e exige o div\u00f3rcio de Lale<\/a><\/h4><\/div><\/div>\n<div class=\"col-md-12 col-sm-12 col-xs-12 pt-cv-content-item pt-cv-1-col\" ><div class='pt-cv-ifield'><h4 class=\"pt-cv-title\"><a href=\"https:\/\/www.tvnovelas.com.br\/tvnews\/guerra-das-rosas-gulfem-coloca-gulru-contra-a-parede\/\" class=\"_self\" target=\"_self\" >Guerra das Rosas: Gulfem coloca Gulru contra a parede<\/a><\/h4><\/div><\/div>\n<div class=\"col-md-12 col-sm-12 col-xs-12 pt-cv-content-item pt-cv-1-col\" ><div class='pt-cv-ifield'><h4 class=\"pt-cv-title\"><a href=\"https:\/\/www.tvnovelas.com.br\/tvnews\/coracao-de-mae-atilla-diz-a-lale-que-quer-o-divorcio\/\" class=\"_self\" target=\"_self\" >Cora\u00e7\u00e3o de M\u00e3e: Atilla diz a Lale que quer o div\u00f3rcio<\/a><\/h4><\/div><\/div>\n<div class=\"col-md-12 col-sm-12 col-xs-12 pt-cv-content-item pt-cv-1-col\" ><div class='pt-cv-ifield'><h4 class=\"pt-cv-title\"><a href=\"https:\/\/www.tvnovelas.com.br\/tvnews\/a-nobreza-do-amor-mirinho-garante-noivado-com-virginia-para-atrair-sogro-a-negocio\/\" class=\"_self\" target=\"_self\" >A Nobreza do Amor: Mirinho garante noivado com Virg\u00ednia para atrair sogro a neg\u00f3cio<\/a><\/h4><\/div><\/div><\/div><\/div><\/div>\r\n<h3>Confira tamb\u00e9m<\/h3>\r\n<p><a href=\"https:\/\/www.tvnovelas.com.br\/filmes\/\" target=\"_blank\" rel=\"noopener noreferrer\"><strong>Programa\u00e7\u00e3o de filmes na TV aberta<\/strong><\/a><\/p>\r\n<p><a href=\"https:\/\/caetenews.com.br\/semana\/filmes-da-globo-na-sessao-da-tarde-desta-semana\/\" target=\"_blank\" rel=\"noopener\"><strong>Confira os filmes da semana na Sess\u00e3o da Tarde<\/strong><\/a><\/p>\r\n<p><a href=\"https:\/\/www.tvnovelas.com.br\/novelas\/\"><strong>Confira os resumos da semana de todas novelas<\/strong><\/a><\/p><br \/>\n<a href=\"https:\/\/tvnovelas.com.br\/filmes\/filmes-na-tv-segunda\/\" target=\"_blank\" rel=\"noopener\">Confira a Progrma\u00e7\u00e3o de Filmes na TV aberta<\/a><br \/>\n<a href=\"https:\/\/pt.wikipedia.org\/wiki\/Volta_por_Cima_(telenovela)\" target=\"_blank\" rel=\"noopener\">Sobre Volta por Cima na Wikipedia<\/a><br \/>\n<a href=\"https:\/\/www.tvnovelas.com.br\/tvnews\/\" target=\"_blank\" rel=\"noopener\">\u00daltimas not\u00edcias das novelas<\/a><\/p>\n","protected":false},"excerpt":{"rendered":"<p>Volta por Cima na semana 28\/3 a 05\/4&#8230;. Nos pr\u00f3ximos cap\u00edtulos de Volta por Cima, Nasce o filho de Cac\u00e1, e Violeta tenta se apoderar da crian\u00e7a; Violeta descobre que foi enganada&#8230;<\/p>\n","protected":false},"author":1,"featured_media":74650,"comment_status":"closed","ping_status":"closed","sticky":false,"template":"","format":"standard","meta":{"_uf_show_specific_survey":0,"_uf_disable_surveys":false,"_jetpack_memberships_contains_paid_content":false,"footnotes":"","_wp_rev_ctl_limit":""},"categories":[807],"tags":[5,64,808],"class_list":["post-74643","post","type-post","status-publish","format-standard","has-post-thumbnail","hentry","category-volta-por-cima","tag-globo","tag-novelas","tag-volta-por-cima","wpcat-807-id"],"aioseo_notices":[],"jetpack_featured_media_url":"https:\/\/i0.wp.com\/www.tvnovelas.com.br\/tvnews\/wp-content\/uploads\/2025\/03\/10754e.jpg?fit=728%2C409&ssl=1","jetpack_shortlink":"https:\/\/wp.me\/pdP2BO-jpV","jetpack_sharing_enabled":true,"_links":{"self":[{"href":"https:\/\/www.tvnovelas.com.br\/tvnews\/wp-json\/wp\/v2\/posts\/74643","targetHints":{"allow":["GET"]}}],"collection":[{"href":"https:\/\/www.tvnovelas.com.br\/tvnews\/wp-json\/wp\/v2\/posts"}],"about":[{"href":"https:\/\/www.tvnovelas.com.br\/tvnews\/wp-json\/wp\/v2\/types\/post"}],"author":[{"embeddable":true,"href":"https:\/\/www.tvnovelas.com.br\/tvnews\/wp-json\/wp\/v2\/users\/1"}],"replies":[{"embeddable":true,"href":"https:\/\/www.tvnovelas.com.br\/tvnews\/wp-json\/wp\/v2\/comments?post=74643"}],"version-history":[{"count":2,"href":"https:\/\/www.tvnovelas.com.br\/tvnews\/wp-json\/wp\/v2\/posts\/74643\/revisions"}],"predecessor-version":[{"id":74655,"href":"https:\/\/www.tvnovelas.com.br\/tvnews\/wp-json\/wp\/v2\/posts\/74643\/revisions\/74655"}],"wp:featuredmedia":[{"embeddable":true,"href":"https:\/\/www.tvnovelas.com.br\/tvnews\/wp-json\/wp\/v2\/media\/74650"}],"wp:attachment":[{"href":"https:\/\/www.tvnovelas.com.br\/tvnews\/wp-json\/wp\/v2\/media?parent=74643"}],"wp:term":[{"taxonomy":"category","embeddable":true,"href":"https:\/\/www.tvnovelas.com.br\/tvnews\/wp-json\/wp\/v2\/categories?post=74643"},{"taxonomy":"post_tag","embeddable":true,"href":"https:\/\/www.tvnovelas.com.br\/tvnews\/wp-json\/wp\/v2\/tags?post=74643"}],"curies":[{"name":"wp","href":"https:\/\/api.w.org\/{rel}","templated":true}]}}