{"id":74658,"date":"2025-03-29T14:14:33","date_gmt":"2025-03-29T17:14:33","guid":{"rendered":"https:\/\/www.tvnovelas.com.br\/tvnews\/?p=74658"},"modified":"2025-03-29T14:14:33","modified_gmt":"2025-03-29T17:14:33","slug":"o-que-traz-vale-tudo-na-semana-de-estreia","status":"publish","type":"post","link":"https:\/\/www.tvnovelas.com.br\/tvnews\/o-que-traz-vale-tudo-na-semana-de-estreia\/","title":{"rendered":"O que traz Vale Tudo na semana de estreia"},"content":{"rendered":"<div style=\"background-color: #FBE4D6;\">\n.<br \/>\n<figure id=\"attachment_74659\" aria-describedby=\"caption-attachment-74659\" style=\"width: 728px\" class=\"wp-caption alignnone\"><img data-recalc-dims=\"1\" decoding=\"async\" src=\"https:\/\/i0.wp.com\/www.tvnovelas.com.br\/tvnews\/wp-content\/uploads\/2025\/03\/10755a.jpg?resize=728%2C410&#038;ssl=1\" alt=\"Foto em Vale Tudo na semana de estreia\" title=\"(Foto: TV Globo\/Vale Tudo)\" width=\"728\" height=\"410\" class=\"size-full wp-image-74659\" srcset=\"https:\/\/i0.wp.com\/www.tvnovelas.com.br\/tvnews\/wp-content\/uploads\/2025\/03\/10755a.jpg?w=728&amp;ssl=1 728w, https:\/\/i0.wp.com\/www.tvnovelas.com.br\/tvnews\/wp-content\/uploads\/2025\/03\/10755a.jpg?resize=250%2C141&amp;ssl=1 250w\" sizes=\"(max-width: 728px) 100vw, 728px\" \/><figcaption id=\"caption-attachment-74659\" class=\"wp-caption-text\">Vale Tudo na semana de estreia&#8230;<\/figcaption><\/figure><\/p>\n<blockquote><p><strong style=\"color: #0C0950;\">Nos pr\u00f3ximos cap\u00edtulos de Vale Tudo, <\/strong>Raquel descobre que a filha, Maria de F\u00e1tima, vendeu a casa, e que ela tem tr\u00eas dias para deixar o im\u00f3vel; Maria de F\u00e1tima vai para o Rio e fica hospedada no Copacabana Palace; Raquel viaja para o Rio \u00e0 sua procura de Maria de F\u00e1tima; F\u00e1tima \u00e9 surpreendida por Raquel e Ivan&#8230;<\/p><\/blockquote>\n<\/div>\n<h2 style=\"color: #0C0950;\">Resumo de segunda-feira, 31 de mar\u00e7o<\/h2>\n<p>Maria de F\u00e1tima reclama com sua m\u00e3e, Raquel, da vida simples que levam em Foz do Igua\u00e7u. Maria de F\u00e1tima se interessa por C\u00e9sar, um modelo, e finge ser h\u00f3spede do hotel onde Raquel trabalha. Raquel fica arrasada quando Maria de F\u00e1tima pede para a m\u00e3e fingir que n\u00e3o a conhece. A fam\u00edlia de Ivan comemora uma conquista do executivo. C\u00e9sar e Maria de F\u00e1tima ficam juntos. Raquel rejeita a ideia de Maria F\u00e1tima de morar no Rio de Janeiro. Salvador, av\u00f4 de Maria de F\u00e1tima, morre, e Raquel fica desolada. Raquel descobre que Maria de F\u00e1tima vendeu a casa, e que ela tem tr\u00eas dias para deixar o im\u00f3vel. Marisa, amiga de Raquel, avisa a ela que Maria de F\u00e1tima foi para o Rio de Janeiro.<br \/>\n<figure id=\"attachment_74660\" aria-describedby=\"caption-attachment-74660\" style=\"width: 728px\" class=\"wp-caption alignnone\"><img data-recalc-dims=\"1\" decoding=\"async\" src=\"https:\/\/i0.wp.com\/www.tvnovelas.com.br\/tvnews\/wp-content\/uploads\/2025\/03\/10755b.jpg?resize=728%2C410&#038;ssl=1\" alt=\"Foto m Vale Tudo na semana de estreia\" title=\"(Foto: TV Globo\/Vale Tudo)\" width=\"728\" height=\"410\" class=\"size-full wp-image-74660\" srcset=\"https:\/\/i0.wp.com\/www.tvnovelas.com.br\/tvnews\/wp-content\/uploads\/2025\/03\/10755b.jpg?w=728&amp;ssl=1 728w, https:\/\/i0.wp.com\/www.tvnovelas.com.br\/tvnews\/wp-content\/uploads\/2025\/03\/10755b.jpg?resize=250%2C141&amp;ssl=1 250w\" sizes=\"(max-width: 728px) 100vw, 728px\" \/><figcaption id=\"caption-attachment-74660\" class=\"wp-caption-text\">Vale Tudo na semana de estreia<\/figcaption><\/figure><br \/>\n\u00a0<\/p>\n<h2 style=\"color: #0C0950;\">Resumo de ter\u00e7a-feira, 1\u00b0 de abril<\/h2>\n<p>Raquel acredita que Maria de F\u00e1tima foi induzida por algu\u00e9m a vender a casa e ir para o Rio de Janeiro. Ivan pede a Alde\u00edde para n\u00e3o contar ao pai a sua atual situa\u00e7\u00e3o no novo emprego. Raquel decide ir para o Rio \u00e0 procura da filha. Bartolomeu faz um jantar em comemora\u00e7\u00e3o \u00e0 conquista de Ivan. Renato repreende Marco Aur\u00e9lio por falar mal de Heleninha. Celina orienta os empregados nos preparativos para a chegada de Heleninha. Heleninha confessa \u00e0 terapeuta que est\u00e1 com medo de voltar para casa. Alde\u00edde indica Ivan para uma vaga de gerente de vendas. C\u00e9sar demonstra interesse em se encontrar com Maria de F\u00e1tima ao saber que ela est\u00e1 hospedada no Copacabana Palace. Marisa se emociona ao se despedir de Raquel.<br \/>\n\u00a0<\/p>\n<h2 style=\"color: #0C0950;\">Resumo de quarta-feira, 02 de abril<\/h2>\n<p>C\u00e9sar demonstra a Franklin seu interesse por Maria de F\u00e1tima por achar que a jovem \u00e9 rica. Ivan presencia Raquel sendo assaltada. Renato afirma a Heleninha que Marco Aur\u00e9lio pode repensar a decis\u00e3o do juiz sobre seus encontros com Tiago. Ivan consegue recuperar a bolsa de Raquel e a convida para almo\u00e7ar. Helena revela a Celina seu medo de encontrar Marco Aur\u00e9lio no evento da Tomorrow. Maria de F\u00e1tima aciona o alarme de inc\u00eandio do andar da Tomorrow para conseguir um convite para a festa da ag\u00eancia. Raquel espera por Rubinho.<br \/>\n<figure id=\"attachment_74661\" aria-describedby=\"caption-attachment-74661\" style=\"width: 728px\" class=\"wp-caption alignnone\"><img data-recalc-dims=\"1\" decoding=\"async\" src=\"https:\/\/i0.wp.com\/www.tvnovelas.com.br\/tvnews\/wp-content\/uploads\/2025\/03\/10755c.jpg?resize=728%2C410&#038;ssl=1\" alt=\"Foto em Vale Tudo na semana de estreia\" title=\"(Foto: TV Globo\/Vale Tudo)\" width=\"728\" height=\"410\" class=\"size-full wp-image-74661\" srcset=\"https:\/\/i0.wp.com\/www.tvnovelas.com.br\/tvnews\/wp-content\/uploads\/2025\/03\/10755c.jpg?w=728&amp;ssl=1 728w, https:\/\/i0.wp.com\/www.tvnovelas.com.br\/tvnews\/wp-content\/uploads\/2025\/03\/10755c.jpg?resize=250%2C141&amp;ssl=1 250w\" sizes=\"(max-width: 728px) 100vw, 728px\" \/><figcaption id=\"caption-attachment-74661\" class=\"wp-caption-text\">Vale Tudo na semana de estreia<\/figcaption><\/figure><br \/>\n\u00a0<\/p>\n<h2 style=\"color: #0C0950;\">Resumo de quinta-feira, 03 de abril<\/h2>\n<p>Alde\u00edde e Poliana acolhem Raquel. Solange elogia Afonso para Sardinha. Afonso d\u00e1 apoio a Heleninha e diz \u00e0 irm\u00e3 que ficar\u00e1 no Brasil. Marco Aur\u00e9lio critica Tiago por se emocionar assistindo a um filme. Consu\u00ealo desconfia da hist\u00f3ria de Raquel. Rubinho fica chocado ao saber que a filha vendeu o apartamento onde Raquel morava, e tenta fazer a ex-mulher enxergar que Maria de F\u00e1tima \u00e9 mau-car\u00e1ter. Raquel incentiva Ivan a contar para o pai que perdeu o emprego. Maria de F\u00e1tima esnoba C\u00e9sar e Franklin ao entrar na festa da Tomorrow. Solange e Afonso se encontram na festa. Consu\u00ealo e Alde\u00edde observam o clima que surge entre Ivan e Raquel. Maria de F\u00e1tima fica sabendo por Marisa que Raquel viajou para o Rio \u00e0 sua procura.<br \/>\n\u00a0<\/p>\n<h2 style=\"color: #0C0950;\">Resumo de sexta-feira, 04 de abril<\/h2>\n<p>Maria de F\u00e1tima procura o pai e os dois discutem. Marco Aur\u00e9lio deixa bem claro para sua irm\u00e3, Cec\u00edlia, que Heleninha deve ficar longe de Tiago. Rubinho entrega a Raquel o endere\u00e7o de Maria de F\u00e1tima. C\u00e9sar convida Maria de F\u00e1tima para ficar na casa de um amigo onde ele e Franklin est\u00e3o hospedados. Marco Aur\u00e9lio se nega a receber Heleninha na TCA. Tiago entra em crise quando Marco Aur\u00e9lio conta que Heleninha deixou a cl\u00ednica. Solange e Afonso ficam juntos. Ivan conta a Leila, sua ex-mulher, que n\u00e3o conseguiu o emprego. Tiago e Heleninha se encontram. F\u00e1tima se mostra simp\u00e1tica a Solange para conseguir uma vaga de modelo em uma campanha. F\u00e1tima \u00e9 surpreendida por Raquel e Ivan.<br \/>\n<figure id=\"attachment_74662\" aria-describedby=\"caption-attachment-74662\" style=\"width: 728px\" class=\"wp-caption alignnone\"><img data-recalc-dims=\"1\" decoding=\"async\" src=\"https:\/\/i0.wp.com\/www.tvnovelas.com.br\/tvnews\/wp-content\/uploads\/2025\/03\/10755d.jpg?resize=728%2C410&#038;ssl=1\" alt=\"Foto em Vale Tudo na semana de estreia\" title=\"(Foto: TV Globo\/Vale Tudo)\" width=\"728\" height=\"410\" class=\"size-full wp-image-74662\" srcset=\"https:\/\/i0.wp.com\/www.tvnovelas.com.br\/tvnews\/wp-content\/uploads\/2025\/03\/10755d.jpg?w=728&amp;ssl=1 728w, https:\/\/i0.wp.com\/www.tvnovelas.com.br\/tvnews\/wp-content\/uploads\/2025\/03\/10755d.jpg?resize=250%2C141&amp;ssl=1 250w\" sizes=\"(max-width: 728px) 100vw, 728px\" \/><figcaption id=\"caption-attachment-74662\" class=\"wp-caption-text\">Vale Tudo na semana de estreia<\/figcaption><\/figure><br \/>\n\u00a0<\/p>\n<h2 style=\"color: #0C0950;\">Resumo de s\u00e1bado, 05 de abril<\/h2>\n<p>Maria de F\u00e1tima destrata Raquel, e Ivan a ampara. C\u00e9sar vai para a festa de uma socialite levando o convite de Maria de F\u00e1tima. Heleninha decide ir \u00e0 mesma festa, incentivada por Tiago. Solange e Afonso ajudam Maria de F\u00e1tima a entrar na festa. Maria de F\u00e1tima se impressiona com Afonso. C\u00e9sar deixa claro a Maria de F\u00e1tima que est\u00e1 acompanhado na festa. Marco Aur\u00e9lio \u00e9 hostil com Heleninha. Rubinho sugere a Raquel que est\u00e1 na hora de voltar para Foz do Igua\u00e7u. Raquel se recusa a entrar na justi\u00e7a contra Maria de F\u00e1tima, apesar da insist\u00eancia de Rubinho. Afonso presenteia Solange. Ivan finge que n\u00e3o tem forma\u00e7\u00e3o para conseguir um emprego de assistente na TCA. Maria de F\u00e1tima se espanta quando C\u00e9sar faz uma proposta a ela. Maria de F\u00e1tima procura Raquel.<\/p>\n","protected":false},"excerpt":{"rendered":"<p>Vale Tudo na semana de estreia&#8230; Nos pr\u00f3ximos cap\u00edtulos de Vale Tudo, <\/strong>Raquel descobre que a filha, Maria de F\u00e1tima, vendeu a casa, e que ela tem tr\u00eas dias&#8230;<\/p>\n","protected":false},"author":1,"featured_media":74659,"comment_status":"closed","ping_status":"closed","sticky":false,"template":"","format":"standard","meta":{"_uf_show_specific_survey":0,"_uf_disable_surveys":false,"_jetpack_memberships_contains_paid_content":false,"footnotes":"","_wp_rev_ctl_limit":""},"categories":[871],"tags":[5,64,801],"class_list":["post-74658","post","type-post","status-publish","format-standard","has-post-thumbnail","hentry","category-vale-tudo","tag-globo","tag-novelas","tag-vale-tudo","wpcat-871-id"],"aioseo_notices":[],"jetpack_featured_media_url":"https:\/\/i0.wp.com\/www.tvnovelas.com.br\/tvnews\/wp-content\/uploads\/2025\/03\/10755a.jpg?fit=728%2C410&ssl=1","jetpack_shortlink":"https:\/\/wp.me\/pdP2BO-jqa","jetpack_sharing_enabled":true,"_links":{"self":[{"href":"https:\/\/www.tvnovelas.com.br\/tvnews\/wp-json\/wp\/v2\/posts\/74658","targetHints":{"allow":["GET"]}}],"collection":[{"href":"https:\/\/www.tvnovelas.com.br\/tvnews\/wp-json\/wp\/v2\/posts"}],"about":[{"href":"https:\/\/www.tvnovelas.com.br\/tvnews\/wp-json\/wp\/v2\/types\/post"}],"author":[{"embeddable":true,"href":"https:\/\/www.tvnovelas.com.br\/tvnews\/wp-json\/wp\/v2\/users\/1"}],"replies":[{"embeddable":true,"href":"https:\/\/www.tvnovelas.com.br\/tvnews\/wp-json\/wp\/v2\/comments?post=74658"}],"version-history":[{"count":1,"href":"https:\/\/www.tvnovelas.com.br\/tvnews\/wp-json\/wp\/v2\/posts\/74658\/revisions"}],"predecessor-version":[{"id":74663,"href":"https:\/\/www.tvnovelas.com.br\/tvnews\/wp-json\/wp\/v2\/posts\/74658\/revisions\/74663"}],"wp:featuredmedia":[{"embeddable":true,"href":"https:\/\/www.tvnovelas.com.br\/tvnews\/wp-json\/wp\/v2\/media\/74659"}],"wp:attachment":[{"href":"https:\/\/www.tvnovelas.com.br\/tvnews\/wp-json\/wp\/v2\/media?parent=74658"}],"wp:term":[{"taxonomy":"category","embeddable":true,"href":"https:\/\/www.tvnovelas.com.br\/tvnews\/wp-json\/wp\/v2\/categories?post=74658"},{"taxonomy":"post_tag","embeddable":true,"href":"https:\/\/www.tvnovelas.com.br\/tvnews\/wp-json\/wp\/v2\/tags?post=74658"}],"curies":[{"name":"wp","href":"https:\/\/api.w.org\/{rel}","templated":true}]}}