{"id":74671,"date":"2025-03-29T16:26:07","date_gmt":"2025-03-29T19:26:07","guid":{"rendered":"https:\/\/www.tvnovelas.com.br\/tvnews\/?p=74671"},"modified":"2025-03-29T16:26:52","modified_gmt":"2025-03-29T19:26:52","slug":"o-que-acontece-em-a-caverna-encantada-na-semana-31-3-a-4-4","status":"publish","type":"post","link":"https:\/\/www.tvnovelas.com.br\/tvnews\/o-que-acontece-em-a-caverna-encantada-na-semana-31-3-a-4-4\/","title":{"rendered":"O que acontece em A Caverna Encantada na semana 31\/3 a 4\/4"},"content":{"rendered":"<div style=\"background-color: #FBE4D6;\">\n.<br \/>\n<figure id=\"attachment_74672\" aria-describedby=\"caption-attachment-74672\" style=\"width: 728px\" class=\"wp-caption alignnone\"><img data-recalc-dims=\"1\" decoding=\"async\" src=\"https:\/\/i0.wp.com\/www.tvnovelas.com.br\/tvnews\/wp-content\/uploads\/2025\/03\/10757a.jpg?resize=728%2C409&#038;ssl=1\" alt=\"Foto em A Caverna Encantada na semana 31\/3 a 4\/4\" width=\"728\" title=\"(Foto: SBT\/A Caverna Encantada)\" height=\"409\" class=\"size-full wp-image-74672\" srcset=\"https:\/\/i0.wp.com\/www.tvnovelas.com.br\/tvnews\/wp-content\/uploads\/2025\/03\/10757a.jpg?w=728&amp;ssl=1 728w, https:\/\/i0.wp.com\/www.tvnovelas.com.br\/tvnews\/wp-content\/uploads\/2025\/03\/10757a.jpg?resize=250%2C140&amp;ssl=1 250w\" sizes=\"(max-width: 728px) 100vw, 728px\" \/><figcaption id=\"caption-attachment-74672\" class=\"wp-caption-text\">A Caverna Encantada na semana 31\/3 a 4\/4<\/figcaption><\/figure><\/p>\n<blockquote><p><strong style=\"color: #0C0950;\">Nos pr\u00f3ximos cap\u00edtulos de A Caverna Encantada, <\/strong>Isadora e Manu v\u00e3o atr\u00e1s de um cal\u00e7ado para Norma;  Betina e Cristina se apresentam na rua; Shirley e Wanda tentam convencer Norma sobre Isadora; Lav\u00ednia prop\u00f5e alian\u00e7a com Anna e Manu ; Goma finge ser um italiano rico e conta para Faf\u00e1 que \u00e9 seu admirador secreto&#8230;.<\/p><\/blockquote>\n<\/div>\n<h2 style=\"color: #0C0950;\">Resumo de segunda-feira, 31 de mar\u00e7o<\/h2>\n<p>Moleza provoca Elisa disfar\u00e7adamente, sem revelar sua verdadeira natureza. C\u00e9sar demite Betina e Cristina novamente. Anna comenta com Isadora e Manu que Norma tem joanete, e sugere que, se elas comprarem um sapato apropriado, poder\u00e3o agradar a diretora. Isadora e Manu v\u00e3o atr\u00e1s do cal\u00e7ado. Thomas e Goma ajudam C\u00e9sar no pet shop, enquanto Faf\u00e1 trabalha na Lollipopus. Betina e Cristina ganham dinheiro cantando na rua.<br \/>\n<figure id=\"attachment_74673\" aria-describedby=\"caption-attachment-74673\" style=\"width: 728px\" class=\"wp-caption alignnone\"><img data-recalc-dims=\"1\" decoding=\"async\" src=\"https:\/\/i0.wp.com\/www.tvnovelas.com.br\/tvnews\/wp-content\/uploads\/2025\/03\/10757b.jpg?resize=728%2C409&#038;ssl=1\" alt=\"Foto em A Caverna Encantada na semana 31\/3 a 4\/4\" title=\"(Foto: SBT\/A Caverna Encantada)\" width=\"728\" height=\"409\" class=\"size-full wp-image-74673\" srcset=\"https:\/\/i0.wp.com\/www.tvnovelas.com.br\/tvnews\/wp-content\/uploads\/2025\/03\/10757b.jpg?w=728&amp;ssl=1 728w, https:\/\/i0.wp.com\/www.tvnovelas.com.br\/tvnews\/wp-content\/uploads\/2025\/03\/10757b.jpg?resize=250%2C140&amp;ssl=1 250w\" sizes=\"(max-width: 728px) 100vw, 728px\" \/><figcaption id=\"caption-attachment-74673\" class=\"wp-caption-text\">A Caverna Encantada na semana 31\/3 a 4\/4<\/figcaption><\/figure><\/p>\n<h2 style=\"color: #0C0950;\">Resumo de ter\u00e7a-feira, 1\u00ba de abril<\/h2>\n<p>Os meninos se deparam com o quarto deles completamente bagun\u00e7ado. O sapato comprado para Norma n\u00e3o resolve a situa\u00e7\u00e3o de Isadora. Sem conseguir quitar as d\u00edvidas da matr\u00edcula, Isadora encerra sua jornada no Col\u00e9gio Interno Rosa dos Ventos. Shirley e Wanda conversam com Norma na tentativa de trazer Isadora de volta ao col\u00e9gio. A pedido de Goma, Thomas entrega dinheiro para Tonico comprar uma joia e encaminh\u00e1-la para Faf\u00e1. Shirley e Wanda comentam com Faf\u00e1 que o colar pertencia \u00e0 m\u00e3e delas e que foi vendido para Tonico. Faf\u00e1 fica encantada com Tonico, achando que ele \u00e9 rico, e comenta com Dalete.<\/p>\n<h2 style=\"color: #0C0950;\">Resumo de quarta-feira, 02 de abril<\/h2>\n<p>Tonico explica a todos que Thomas foi o comprador do colar, e Faf\u00e1 o convida para jantar. Cristina flagra Faf\u00e1 e Thomas juntos e fica surpresa. Elisa revela a Anna e Manu que Norma tinha uma regra sobre bolsa escolar, mas a removeu do livro de normas e a colocou em uma pasta separada. Thomas diz a Goma que n\u00e3o vai mais viver na farsa e n\u00e3o vai mais sair com Faf\u00e1. No primeiro dia da escola municipal de Milagres, Isadora se depara com Lav\u00ednia na rua, que provoca a ex-aluna do Rosa dos Ventos. Goma se passa por um italiano rico e diz a Faf\u00e1 que ele \u00e9 o admirador secreto respons\u00e1vel pela joia. Lav\u00ednia mostra para Anna e Manu que tem a pasta que elas procuram e diz que deseja se unir a elas.<br \/>\n<figure id=\"attachment_74674\" aria-describedby=\"caption-attachment-74674\" style=\"width: 728px\" class=\"wp-caption alignnone\"><img data-recalc-dims=\"1\" decoding=\"async\" src=\"https:\/\/i0.wp.com\/www.tvnovelas.com.br\/tvnews\/wp-content\/uploads\/2025\/03\/10757c.jpg?resize=728%2C409&#038;ssl=1\" alt=\"Foto em A Caverna Encantada na semana 31\/3 a 4\/4\" title=\"(Foto: SBT\/A Caverna Encantada)\" width=\"728\" height=\"409\" class=\"size-full wp-image-74674\" srcset=\"https:\/\/i0.wp.com\/www.tvnovelas.com.br\/tvnews\/wp-content\/uploads\/2025\/03\/10757c.jpg?w=728&amp;ssl=1 728w, https:\/\/i0.wp.com\/www.tvnovelas.com.br\/tvnews\/wp-content\/uploads\/2025\/03\/10757c.jpg?resize=250%2C140&amp;ssl=1 250w\" sizes=\"(max-width: 728px) 100vw, 728px\" \/><figcaption id=\"caption-attachment-74674\" class=\"wp-caption-text\">A Caverna Encantada na semana 31\/3 a 4\/4<\/figcaption><\/figure><\/p>\n<h2 style=\"color: #0C0950;\">Resumo de quinta-feira, 03 de abril<\/h2>\n<p>Lav\u00ednia prop\u00f5e entregar a pasta para Anna e Manu, desde que as meninas ajudem ela a voltar a ser a favorita da Norma; elas aceitam o combinado. Goma, disfar\u00e7ado de italiano, compra diversas roupas para Faf\u00e1. Thomas e Cristina se trombam e, acidentalmente, se beijam. Felipe cai em uma pegadinha feita com meleca pela crian\u00e7a misteriosa. Anna e Manu percebem que, na pasta de Norma, al\u00e9m da regra do vestibular para a bolsa de estudo, existe uma norma que impede professores de namorarem, mesmo fora do col\u00e9gio, por conflito de interesses.<\/p>\n<h2 style=\"color: #0C0950;\">Resumo de sexta-feira, 04 de abril<\/h2>\n<p>Goma como italiano, compra um cachorro da ra\u00e7a dogue alem\u00e3o para Faf\u00e1. Elisa conta para Norma que pegaram a pasta das &#8220;normas que um dia foram \u00fateis, mas n\u00e3o s\u00e3o mais&#8221;. Para n\u00e3o prejudicar Pilar e Gabriel com o namoro, Anna e Manu devolvem a pasta para a gaveta de Norma, mas a diretora flagra as duas. C\u00e9sar tenta se aproximar de Pilar de maneira precipitada, mas Gabriel percebe a situa\u00e7\u00e3o e, rapidamente, interv\u00e9m para proteger a namorada. Betina e Cristina d\u00e3o uma li\u00e7\u00e3o de moral em C\u00e9sar pela atitude com Pilar. Norma d\u00e1 um dem\u00e9rito para Anna e Manu, as pro\u00edbe de visitar Isadora e as castiga.<br \/>\n<!--FIM--><\/p>\n<div class=\"fb-comments\" data-width=\"100%\" data-order-by=\"reverse_time\" data-numposts=\"5\"><\/div>\n<p><strong style=\"font-size: 120%;\">\u00daltimas not\u00edcias deste canal:<\/strong>\r\n<div class=\"pt-cv-wrapper\"><div class=\"pt-cv-view pt-cv-grid pt-cv-colsys\" id=\"pt-cv-view-90991035b3\"><div data-id=\"pt-cv-page-1\" class=\"pt-cv-page\" data-cvc=\"1\"><div class=\"col-md-12 col-sm-12 col-xs-12 pt-cv-content-item pt-cv-1-col\" ><div class='pt-cv-ifield'><h4 class=\"pt-cv-title\"><a href=\"https:\/\/www.tvnovelas.com.br\/tvnews\/coracao-de-mae-irmak-inicia-jogo-arriscado-contra-adnan\/\" class=\"_self\" target=\"_self\" >Cora\u00e7\u00e3o de M\u00e3e: Irmak inicia jogo arriscado contra Adnan<\/a><\/h4><\/div><\/div>\n<div class=\"col-md-12 col-sm-12 col-xs-12 pt-cv-content-item pt-cv-1-col\" ><div class='pt-cv-ifield'><h4 class=\"pt-cv-title\"><a href=\"https:\/\/www.tvnovelas.com.br\/tvnews\/guerra-das-rosas-omer-chama-gulru-vestida-de-noiva-para-fugir\/\" class=\"_self\" target=\"_self\" >Guerra das Rosas: Omer chama Gulru vestida de noiva para fugir<\/a><\/h4><\/div><\/div>\n<div class=\"col-md-12 col-sm-12 col-xs-12 pt-cv-content-item pt-cv-1-col\" ><div class='pt-cv-ifield'><h4 class=\"pt-cv-title\"><a href=\"https:\/\/www.tvnovelas.com.br\/tvnews\/coracao-de-mae-reha-sai-para-jantar-com-selvi\/\" class=\"_self\" target=\"_self\" >Cora\u00e7\u00e3o de M\u00e3e: Reha sai para jantar com Selvi<\/a><\/h4><\/div><\/div>\n<div class=\"col-md-12 col-sm-12 col-xs-12 pt-cv-content-item pt-cv-1-col\" ><div class='pt-cv-ifield'><h4 class=\"pt-cv-title\"><a href=\"https:\/\/www.tvnovelas.com.br\/tvnews\/coracao-acelerado-zila-se-preocupa-com-sua-situacao-apos-separacao\/\" class=\"_self\" target=\"_self\" >Cora\u00e7\u00e3o Acelerado: Zil\u00e1 se preocupa com sua situa\u00e7\u00e3o ap\u00f3s separa\u00e7\u00e3o<\/a><\/h4><\/div><\/div>\n<div class=\"col-md-12 col-sm-12 col-xs-12 pt-cv-content-item pt-cv-1-col\" ><div class='pt-cv-ifield'><h4 class=\"pt-cv-title\"><a href=\"https:\/\/www.tvnovelas.com.br\/tvnews\/a-nobreza-do-amor-tonho-nao-se-curva-diante-de-mirinho\/\" class=\"_self\" target=\"_self\" >A Nobreza do Amor: Tonho n\u00e3o se curva diante de Mirinho<\/a><\/h4><\/div><\/div>\n<div class=\"col-md-12 col-sm-12 col-xs-12 pt-cv-content-item pt-cv-1-col\" ><div class='pt-cv-ifield'><h4 class=\"pt-cv-title\"><a href=\"https:\/\/www.tvnovelas.com.br\/tvnews\/tres-gracas-arminda-surta-ao-confirmar-que-ferette-e-pai-de-raul\/\" class=\"_self\" target=\"_self\" >Tr\u00eas Gra\u00e7as:  Arminda surta ao confirmar que Ferette \u00e9 pai de Raul<\/a><\/h4><\/div><\/div>\n<div class=\"col-md-12 col-sm-12 col-xs-12 pt-cv-content-item pt-cv-1-col\" ><div class='pt-cv-ifield'><h4 class=\"pt-cv-title\"><a href=\"https:\/\/www.tvnovelas.com.br\/tvnews\/coracao-de-mae-atilla-confronta-hasan-e-exige-o-divorcio-de-lale\/\" class=\"_self\" target=\"_self\" >Cora\u00e7\u00e3o de M\u00e3e: Atilla confronta Hasan e exige o div\u00f3rcio de Lale<\/a><\/h4><\/div><\/div>\n<div class=\"col-md-12 col-sm-12 col-xs-12 pt-cv-content-item pt-cv-1-col\" ><div class='pt-cv-ifield'><h4 class=\"pt-cv-title\"><a href=\"https:\/\/www.tvnovelas.com.br\/tvnews\/guerra-das-rosas-gulfem-coloca-gulru-contra-a-parede\/\" class=\"_self\" target=\"_self\" >Guerra das Rosas: Gulfem coloca Gulru contra a parede<\/a><\/h4><\/div><\/div>\n<div class=\"col-md-12 col-sm-12 col-xs-12 pt-cv-content-item pt-cv-1-col\" ><div class='pt-cv-ifield'><h4 class=\"pt-cv-title\"><a href=\"https:\/\/www.tvnovelas.com.br\/tvnews\/coracao-de-mae-atilla-diz-a-lale-que-quer-o-divorcio\/\" class=\"_self\" target=\"_self\" >Cora\u00e7\u00e3o de M\u00e3e: Atilla diz a Lale que quer o div\u00f3rcio<\/a><\/h4><\/div><\/div>\n<div class=\"col-md-12 col-sm-12 col-xs-12 pt-cv-content-item pt-cv-1-col\" ><div class='pt-cv-ifield'><h4 class=\"pt-cv-title\"><a href=\"https:\/\/www.tvnovelas.com.br\/tvnews\/a-nobreza-do-amor-mirinho-garante-noivado-com-virginia-para-atrair-sogro-a-negocio\/\" class=\"_self\" target=\"_self\" >A Nobreza do Amor: Mirinho garante noivado com Virg\u00ednia para atrair sogro a neg\u00f3cio<\/a><\/h4><\/div><\/div><\/div><\/div><\/div>\r\n<a href=\"https:\/\/www.tvnovelas.com.br\/novelas\/\"><strong>Confira os resumos da semana de todas novelas<\/strong><\/a><\/br>\r\n<h3>Confira tamb\u00e9m<\/h3>\r\n<a href=\"https:\/\/www.tvnovelas.com.br\/filmes\/\" target=\"_blank\" rel=\"noopener noreferrer\"><strong>Programa\u00e7\u00e3o de filmes na TV aberta<\/strong><\/a><\/br>\r\n<a href=\"https:\/\/caetenews.com.br\/semana\/filmes-da-globo-na-sessao-da-tarde-desta-semana\/\" target=\"_blank\" rel=\"noopener\"><strong>Confira os filmes da semana na Sess\u00e3o da Tarde<\/strong><\/a><\/br>\r\n<a href=\"https:\/\/www.tvnovelas.com.br\/novelas\/\" target=\"_blank\" rel=\"noopener noreferrer\"><strong>Resumos de novelas<\/strong><\/a><\/br>\r\n<a href=\"https:\/\/tvnovelas.com.br\/news\/mundo\/\" rel=\"noopener\" target=\"_blank\"><strong>News: Turismo, Cultura, Lazer e Entretenimento<\/strong><\/a><br \/>\n<a href=\"https:\/\/tvnovelas.com.br\/novelas\/resumos-de-a-caverna-encantada\/\">Confira os resumos da semana de &#8216;A Caverna Encantada&#8217;<\/a><br \/>\n<a href=\"https:\/\/pt.wikipedia.org\/wiki\/A_Caverna_Encantada\" target=\"_blank\" rel=\"noopener\">Sobre A Caverna Encantada na Wikipedia<\/a><br \/>\n<a href=\"https:\/\/www.facebook.com\/tevenovelas\/\">\u00daltimas not\u00edcias do TV Novelas no Facebook<\/a><br \/>\n<a href=\"https:\/\/www.tvnovelas.com.br\/tvnews\/\" rel=\"noopener\" target=\"_blank\">As \u00faltimas not\u00edcias das novelas<\/a><\/p>\n","protected":false},"excerpt":{"rendered":"<p>A Caverna Encantada na semana 31\/3 a 4\/4&#8230; Nos pr\u00f3ximos cap\u00edtulos de A Caverna Encantada, <\/strong>Isadora e Manu v\u00e3o atr\u00e1s de um cal\u00e7ado para Norma;  Betina e Cristina se apresentam&#8230;<\/p>\n","protected":false},"author":1,"featured_media":74672,"comment_status":"closed","ping_status":"closed","sticky":false,"template":"","format":"standard","meta":{"_uf_show_specific_survey":0,"_uf_disable_surveys":false,"_jetpack_memberships_contains_paid_content":false,"footnotes":"","_wp_rev_ctl_limit":""},"categories":[766],"tags":[5,64,13],"class_list":["post-74671","post","type-post","status-publish","format-standard","has-post-thumbnail","hentry","category-a-caverna-encantada","tag-globo","tag-novelas","tag-sbt","wpcat-766-id"],"aioseo_notices":[],"jetpack_featured_media_url":"https:\/\/i0.wp.com\/www.tvnovelas.com.br\/tvnews\/wp-content\/uploads\/2025\/03\/10757a.jpg?fit=728%2C409&ssl=1","jetpack_shortlink":"https:\/\/wp.me\/pdP2BO-jqn","jetpack_sharing_enabled":true,"_links":{"self":[{"href":"https:\/\/www.tvnovelas.com.br\/tvnews\/wp-json\/wp\/v2\/posts\/74671","targetHints":{"allow":["GET"]}}],"collection":[{"href":"https:\/\/www.tvnovelas.com.br\/tvnews\/wp-json\/wp\/v2\/posts"}],"about":[{"href":"https:\/\/www.tvnovelas.com.br\/tvnews\/wp-json\/wp\/v2\/types\/post"}],"author":[{"embeddable":true,"href":"https:\/\/www.tvnovelas.com.br\/tvnews\/wp-json\/wp\/v2\/users\/1"}],"replies":[{"embeddable":true,"href":"https:\/\/www.tvnovelas.com.br\/tvnews\/wp-json\/wp\/v2\/comments?post=74671"}],"version-history":[{"count":1,"href":"https:\/\/www.tvnovelas.com.br\/tvnews\/wp-json\/wp\/v2\/posts\/74671\/revisions"}],"predecessor-version":[{"id":74676,"href":"https:\/\/www.tvnovelas.com.br\/tvnews\/wp-json\/wp\/v2\/posts\/74671\/revisions\/74676"}],"wp:featuredmedia":[{"embeddable":true,"href":"https:\/\/www.tvnovelas.com.br\/tvnews\/wp-json\/wp\/v2\/media\/74672"}],"wp:attachment":[{"href":"https:\/\/www.tvnovelas.com.br\/tvnews\/wp-json\/wp\/v2\/media?parent=74671"}],"wp:term":[{"taxonomy":"category","embeddable":true,"href":"https:\/\/www.tvnovelas.com.br\/tvnews\/wp-json\/wp\/v2\/categories?post=74671"},{"taxonomy":"post_tag","embeddable":true,"href":"https:\/\/www.tvnovelas.com.br\/tvnews\/wp-json\/wp\/v2\/tags?post=74671"}],"curies":[{"name":"wp","href":"https:\/\/api.w.org\/{rel}","templated":true}]}}