{"id":74785,"date":"2025-04-02T09:09:03","date_gmt":"2025-04-02T12:09:03","guid":{"rendered":"https:\/\/www.tvnovelas.com.br\/tvnews\/?p=74785"},"modified":"2025-04-02T09:09:03","modified_gmt":"2025-04-02T12:09:03","slug":"garota-do-momento-clarice-tem-nova-memoria-na-frente-de-teresa","status":"publish","type":"post","link":"https:\/\/www.tvnovelas.com.br\/tvnews\/garota-do-momento-clarice-tem-nova-memoria-na-frente-de-teresa\/","title":{"rendered":"Garota do Momento: Clarice tem nova mem\u00f3ria na frente de Teresa"},"content":{"rendered":"<figure id=\"attachment_74786\" aria-describedby=\"caption-attachment-74786\" style=\"width: 728px\" class=\"wp-caption alignnone\"><img data-recalc-dims=\"1\" decoding=\"async\" class=\"wp-image-74786 size-full\" title=\"(Foto: Globo\/Garota do Momento)\" src=\"https:\/\/i0.wp.com\/www.tvnovelas.com.br\/tvnews\/wp-content\/uploads\/2025\/04\/10790.jpg?resize=728%2C410&#038;ssl=1\" alt=\"Foto em Garota do Momento: Clarice tem nova mem\u00f3ria\" width=\"728\" height=\"410\" srcset=\"https:\/\/i0.wp.com\/www.tvnovelas.com.br\/tvnews\/wp-content\/uploads\/2025\/04\/10790.jpg?w=728&amp;ssl=1 728w, https:\/\/i0.wp.com\/www.tvnovelas.com.br\/tvnews\/wp-content\/uploads\/2025\/04\/10790.jpg?resize=250%2C141&amp;ssl=1 250w\" sizes=\"(max-width: 728px) 100vw, 728px\" \/><figcaption id=\"caption-attachment-74786\" class=\"wp-caption-text\">Garota do Momento: Clarice tem nova mem\u00f3ria<\/figcaption><\/figure>\n<p>Em Garota do Momento, tem nova mem\u00f3ria desbloqueada com sucesso. Ao receber itens do enxoval de Bia (Maisa), Clarice (Carol Castro) ter\u00e1 uma nova lembran\u00e7a. E, desta vez, ser\u00e1 na frente de Teresa (Maria Eduarda de Carvalho) ao mostrar uma toalha vermelha. Surpresa, a ruiva estranha o comportamento da amiga: &#8220;Voc\u00ea est\u00e1 bem? Pareceu se ausentar por um instante&#8221;.<\/p>\n<p>&#8220;Veio uma imagem forte justamente com uma toalha de mesa parecida com essa! A diferen\u00e7a \u00e9 que tinha borboletas bordadas. (&#8230;) N\u00e3o lembro de mais nada, s\u00f3 da minha alegria estendendo a toalha. N\u00e3o era a mesa daqui de casa, disso tenho certeza&#8221;, conta a dona da Magnifique.<\/p>\n<p>As lembran\u00e7as v\u00eam sempre quando menos espero, a partir de algum gatilho que nunca sei identificar. Se soubesse seria f\u00e1cil!<\/p>\n<p>&#8220;Viu como sua intui\u00e7\u00e3o estava certa ao insistir na troca de rem\u00e9dio? A mem\u00f3ria est\u00e1 voltando! N\u00e3o esmore\u00e7a&#8221;, aconselha Teresa.<br \/>\n]<br \/>\nAtropelada por um bonde ap\u00f3s ver Juliano (Fabio Assun\u00e7\u00e3o) matar acidentalmente uma amante, a dona da Magnifique perdeu completamente a mem\u00f3ria e \u00e9 dopada h\u00e1 anos pelo marido e pela sogra, Maristela (Lilia Cabral). Desde que Juliano (Fabio Assun\u00e7\u00e3o) descobriu que a mulher come\u00e7ou a se lembrar do passado, e anotava tudo em um caderninho, ela decidiu n\u00e3o tomar a antiga medica\u00e7\u00e3o e \u00e9 ajudada por Teresa. Desde ent\u00e3o, at\u00e9 dores de cabe\u00e7a ela finge ter para que os Alencar n\u00e3o suspeitem de nada.<br \/>\n<!--END--><\/p>\n<div class=\"fb-comments\" data-width=\"100%\" data-order-by=\"reverse_time\" data-numposts=\"5\"><\/div>\n<h2>\u00daltimas publica\u00e7\u00f5es de Garota do Momento<\/h2>\n<div class=\"pt-cv-wrapper\"><div class=\"pt-cv-view pt-cv-grid pt-cv-colsys\" id=\"pt-cv-view-54854578lu\"><div data-id=\"pt-cv-page-1\" class=\"pt-cv-page\" data-cvc=\"1\"><div class=\"col-md-12 col-sm-12 col-xs-12 pt-cv-content-item pt-cv-1-col\" ><div class='pt-cv-ifield'><h4 class=\"pt-cv-title\"><a href=\"https:\/\/www.tvnovelas.com.br\/tvnews\/garota-do-momento-beatriz-e-beto-se-casam\/\" class=\"_self\" target=\"_self\" >Garota do Momento: Beatriz e Beto se casam<\/a><\/h4><\/div><\/div>\n<div class=\"col-md-12 col-sm-12 col-xs-12 pt-cv-content-item pt-cv-1-col\" ><div class='pt-cv-ifield'><h4 class=\"pt-cv-title\"><a href=\"https:\/\/www.tvnovelas.com.br\/tvnews\/garota-do-momento-clarice-sequestrada-por-juliano-desespera-beatriz\/\" class=\"_self\" target=\"_self\" >Garota do Momento: Clarice sequestrada por Juliano desespera Beatriz<\/a><\/h4><\/div><\/div>\n<div class=\"col-md-12 col-sm-12 col-xs-12 pt-cv-content-item pt-cv-1-col\" ><div class='pt-cv-ifield'><h4 class=\"pt-cv-title\"><a href=\"https:\/\/www.tvnovelas.com.br\/tvnews\/garota-do-momento-clarice-cospe-na-cara-de-maristela\/\" class=\"_self\" target=\"_self\" >Garota do Momento: Clarice cospe na cara de Maristela<\/a><\/h4><\/div><\/div>\n<div class=\"col-md-12 col-sm-12 col-xs-12 pt-cv-content-item pt-cv-1-col\" ><div class='pt-cv-ifield'><h4 class=\"pt-cv-title\"><a href=\"https:\/\/www.tvnovelas.com.br\/tvnews\/garota-do-momento-ligia-emociona-ao-dedicar-nova-musica-a-raimundo\/\" class=\"_self\" target=\"_self\" >Garota do Momento: Ligia emociona ao dedicar nova m\u00fasica a Raimundo<\/a><\/h4><\/div><\/div>\n<div class=\"col-md-12 col-sm-12 col-xs-12 pt-cv-content-item pt-cv-1-col\" ><div class='pt-cv-ifield'><h4 class=\"pt-cv-title\"><a href=\"https:\/\/www.tvnovelas.com.br\/tvnews\/garota-do-momento-zelia-beatriz-e-basilio-unidos-para-desmascarar-juliano\/\" class=\"_self\" target=\"_self\" >Garota do Momento: Z\u00e9lia, Beatriz e Bas\u00edlio unidos para desmascarar Juliano<\/a><\/h4><\/div><\/div>\n<div class=\"col-md-12 col-sm-12 col-xs-12 pt-cv-content-item pt-cv-1-col\" ><div class='pt-cv-ifield'><h4 class=\"pt-cv-title\"><a href=\"https:\/\/www.tvnovelas.com.br\/tvnews\/garota-do-momento-ligia-confessa-que-ama-raimundo-e-quer-voltar\/\" class=\"_self\" target=\"_self\" >Garota do Momento: Ligia confessa que ama Raimundo e quer voltar<\/a><\/h4><\/div><\/div><\/div><\/div><\/div>\n<h2>\u00daltimas not\u00edcias das novelas<\/h2>\n<p><div class=\"pt-cv-wrapper\"><div class=\"pt-cv-view pt-cv-grid pt-cv-colsys\" id=\"pt-cv-view-90991035b3\"><div data-id=\"pt-cv-page-1\" class=\"pt-cv-page\" data-cvc=\"1\"><div class=\"col-md-12 col-sm-12 col-xs-12 pt-cv-content-item pt-cv-1-col\" ><div class='pt-cv-ifield'><h4 class=\"pt-cv-title\"><a href=\"https:\/\/www.tvnovelas.com.br\/tvnews\/coracao-de-mae-atilla-confronta-hasan-e-exige-o-divorcio-de-lale\/\" class=\"_self\" target=\"_self\" >Cora\u00e7\u00e3o de M\u00e3e: Atilla confronta Hasan e exige o div\u00f3rcio de Lale<\/a><\/h4><\/div><\/div>\n<div class=\"col-md-12 col-sm-12 col-xs-12 pt-cv-content-item pt-cv-1-col\" ><div class='pt-cv-ifield'><h4 class=\"pt-cv-title\"><a href=\"https:\/\/www.tvnovelas.com.br\/tvnews\/guerra-das-rosas-gulfem-coloca-gulru-contra-a-parede\/\" class=\"_self\" target=\"_self\" >Guerra das Rosas: Gulfem coloca Gulru contra a parede<\/a><\/h4><\/div><\/div>\n<div class=\"col-md-12 col-sm-12 col-xs-12 pt-cv-content-item pt-cv-1-col\" ><div class='pt-cv-ifield'><h4 class=\"pt-cv-title\"><a href=\"https:\/\/www.tvnovelas.com.br\/tvnews\/coracao-de-mae-atilla-diz-a-lale-que-quer-o-divorcio\/\" class=\"_self\" target=\"_self\" >Cora\u00e7\u00e3o de M\u00e3e: Atilla diz a Lale que quer o div\u00f3rcio<\/a><\/h4><\/div><\/div>\n<div class=\"col-md-12 col-sm-12 col-xs-12 pt-cv-content-item pt-cv-1-col\" ><div class='pt-cv-ifield'><h4 class=\"pt-cv-title\"><a href=\"https:\/\/www.tvnovelas.com.br\/tvnews\/a-nobreza-do-amor-mirinho-garante-noivado-com-virginia-para-atrair-sogro-a-negocio\/\" class=\"_self\" target=\"_self\" >A Nobreza do Amor: Mirinho garante noivado com Virg\u00ednia para atrair sogro a neg\u00f3cio<\/a><\/h4><\/div><\/div>\n<div class=\"col-md-12 col-sm-12 col-xs-12 pt-cv-content-item pt-cv-1-col\" ><div class='pt-cv-ifield'><h4 class=\"pt-cv-title\"><a href=\"https:\/\/www.tvnovelas.com.br\/tvnews\/tres-gracas-joaquim-propoe-fuga-a-arminda-com-o-dinheiro-das-tres-gracas\/\" class=\"_self\" target=\"_self\" >Tr\u00eas Gra\u00e7as:  Joaquim prop\u00f5e fuga a Arminda com o dinheiro das Tr\u00eas Gra\u00e7as<\/a><\/h4><\/div><\/div>\n<div class=\"col-md-12 col-sm-12 col-xs-12 pt-cv-content-item pt-cv-1-col\" ><div class='pt-cv-ifield'><h4 class=\"pt-cv-title\"><a href=\"https:\/\/www.tvnovelas.com.br\/tvnews\/coracao-de-mae-atilla-decide-abrir-o-jogo-com-karsu\/\" class=\"_self\" target=\"_self\" >Cora\u00e7\u00e3o de M\u00e3e: Atilla decide abrir o jogo com Karsu<\/a><\/h4><\/div><\/div>\n<div class=\"col-md-12 col-sm-12 col-xs-12 pt-cv-content-item pt-cv-1-col\" ><div class='pt-cv-ifield'><h4 class=\"pt-cv-title\"><a href=\"https:\/\/www.tvnovelas.com.br\/tvnews\/coracao-de-mae-adnan-e-preso-apos-denuncia-de-irmak\/\" class=\"_self\" target=\"_self\" >Em Cora\u00e7\u00e3o de M\u00e3e: Adnan \u00e9 preso ap\u00f3s denuncia de Irmak<\/a><\/h4><\/div><\/div>\n<div class=\"col-md-12 col-sm-12 col-xs-12 pt-cv-content-item pt-cv-1-col\" ><div class='pt-cv-ifield'><h4 class=\"pt-cv-title\"><a href=\"https:\/\/www.tvnovelas.com.br\/tvnews\/coracao-de-mae-atilla-forca-karsu-a-ouvir-suas-explicacoes\/\" class=\"_self\" target=\"_self\" >Cora\u00e7\u00e3o de M\u00e3e: Atilla for\u00e7a Karsu a ouvir suas explica\u00e7\u00f5es<\/a><\/h4><\/div><\/div>\n<div class=\"col-md-12 col-sm-12 col-xs-12 pt-cv-content-item pt-cv-1-col\" ><div class='pt-cv-ifield'><h4 class=\"pt-cv-title\"><a href=\"https:\/\/www.tvnovelas.com.br\/tvnews\/coracao-acelerado-mulher-choca-janete-ao-se-apresentar-como-amante-do-palhares\/\" class=\"_self\" target=\"_self\" >Cora\u00e7\u00e3o Acelerado: Mulher choca Janete ao se apresentar como amante do Palhares<\/a><\/h4><\/div><\/div>\n<div class=\"col-md-12 col-sm-12 col-xs-12 pt-cv-content-item pt-cv-1-col\" ><div class='pt-cv-ifield'><h4 class=\"pt-cv-title\"><a href=\"https:\/\/www.tvnovelas.com.br\/tvnews\/a-nobreza-do-amor-jendal-dobra-a-recompensa-por-alika\/\" class=\"_self\" target=\"_self\" >A Nobreza do Amor: Jendal dobra a recompensa por Alika<\/a><\/h4><\/div><\/div><\/div><\/div><\/div><br \/>\n<a href=\"https:\/\/wp.me\/pfspD2-Ti\" target=\"_blank\" rel=\"noopener\"><strong>Garota do Momento: A saga dos Alencar<\/strong><\/a> (Sinopse)<br \/>\n<a href=\"https:\/\/tvnovelas.com.br\/filmes\/filmes-na-tv-segunda\/\" target=\"_blank\" rel=\"noopener\">Confira a programa\u00e7\u00e3o de filmes na TV aberta<\/a><br \/>\n<a href=\"https:\/\/www.tvnovelas.com.br\/tvnews\/\">\u00daltimas not\u00edcias de todas as novelas<\/a><\/p>\n","protected":false},"excerpt":{"rendered":"<p>Garota do Momento: Clarice tem nova mem\u00f3ria&#8230; Em Garota do Momento, tem nova mem\u00f3ria desbloqueada com sucesso. Ao receber itens do enxoval de Bia&#8230;<\/p>\n","protected":false},"author":1,"featured_media":74786,"comment_status":"closed","ping_status":"closed","sticky":false,"template":"","format":"standard","meta":{"_uf_show_specific_survey":0,"_uf_disable_surveys":false,"_jetpack_memberships_contains_paid_content":false,"footnotes":"","_wp_rev_ctl_limit":""},"categories":[812],"tags":[813,5,64],"class_list":["post-74785","post","type-post","status-publish","format-standard","has-post-thumbnail","hentry","category-garota-do-momento","tag-garota-do-momento","tag-globo","tag-novelas","wpcat-812-id"],"aioseo_notices":[],"jetpack_featured_media_url":"https:\/\/i0.wp.com\/www.tvnovelas.com.br\/tvnews\/wp-content\/uploads\/2025\/04\/10790.jpg?fit=728%2C410&ssl=1","jetpack_shortlink":"https:\/\/wp.me\/pdP2BO-jsd","jetpack_sharing_enabled":true,"_links":{"self":[{"href":"https:\/\/www.tvnovelas.com.br\/tvnews\/wp-json\/wp\/v2\/posts\/74785","targetHints":{"allow":["GET"]}}],"collection":[{"href":"https:\/\/www.tvnovelas.com.br\/tvnews\/wp-json\/wp\/v2\/posts"}],"about":[{"href":"https:\/\/www.tvnovelas.com.br\/tvnews\/wp-json\/wp\/v2\/types\/post"}],"author":[{"embeddable":true,"href":"https:\/\/www.tvnovelas.com.br\/tvnews\/wp-json\/wp\/v2\/users\/1"}],"replies":[{"embeddable":true,"href":"https:\/\/www.tvnovelas.com.br\/tvnews\/wp-json\/wp\/v2\/comments?post=74785"}],"version-history":[{"count":1,"href":"https:\/\/www.tvnovelas.com.br\/tvnews\/wp-json\/wp\/v2\/posts\/74785\/revisions"}],"predecessor-version":[{"id":74787,"href":"https:\/\/www.tvnovelas.com.br\/tvnews\/wp-json\/wp\/v2\/posts\/74785\/revisions\/74787"}],"wp:featuredmedia":[{"embeddable":true,"href":"https:\/\/www.tvnovelas.com.br\/tvnews\/wp-json\/wp\/v2\/media\/74786"}],"wp:attachment":[{"href":"https:\/\/www.tvnovelas.com.br\/tvnews\/wp-json\/wp\/v2\/media?parent=74785"}],"wp:term":[{"taxonomy":"category","embeddable":true,"href":"https:\/\/www.tvnovelas.com.br\/tvnews\/wp-json\/wp\/v2\/categories?post=74785"},{"taxonomy":"post_tag","embeddable":true,"href":"https:\/\/www.tvnovelas.com.br\/tvnews\/wp-json\/wp\/v2\/tags?post=74785"}],"curies":[{"name":"wp","href":"https:\/\/api.w.org\/{rel}","templated":true}]}}