{"id":75000,"date":"2025-04-07T12:05:13","date_gmt":"2025-04-07T15:05:13","guid":{"rendered":"https:\/\/www.tvnovelas.com.br\/tvnews\/?p=75000"},"modified":"2025-04-07T12:24:26","modified_gmt":"2025-04-07T15:24:26","slug":"minisserie-neemias-estreia-na-record-nesta-segunda-dia-7","status":"publish","type":"post","link":"https:\/\/www.tvnovelas.com.br\/tvnews\/minisserie-neemias-estreia-na-record-nesta-segunda-dia-7\/","title":{"rendered":"Miniss\u00e9rie Neemias estreia na Record nesta segunda, dia 7"},"content":{"rendered":"<figure id=\"attachment_75002\" aria-describedby=\"caption-attachment-75002\" style=\"width: 728px\" class=\"wp-caption alignnone\"><img data-recalc-dims=\"1\" decoding=\"async\" class=\"wp-image-75002 size-full\" title=\"(Foto: Record\/Neemias\/Seriella Productions)\" src=\"https:\/\/i0.wp.com\/www.tvnovelas.com.br\/tvnews\/wp-content\/uploads\/2025\/04\/10839a.jpg?resize=728%2C410&#038;ssl=1\" alt=\"Foto em Miniss\u00e9rie Neemias estreia na Record nesta segunda, dia 7\" width=\"728\" height=\"410\" srcset=\"https:\/\/i0.wp.com\/www.tvnovelas.com.br\/tvnews\/wp-content\/uploads\/2025\/04\/10839a.jpg?w=728&amp;ssl=1 728w, https:\/\/i0.wp.com\/www.tvnovelas.com.br\/tvnews\/wp-content\/uploads\/2025\/04\/10839a.jpg?resize=250%2C141&amp;ssl=1 250w\" sizes=\"(max-width: 728px) 100vw, 728px\" \/><figcaption id=\"caption-attachment-75002\" class=\"wp-caption-text\">Miniss\u00e9rie Neemias estreia na Record nesta segunda, dia 7<\/figcaption><\/figure>\n<p>Nesta segunda (7), \u00e0s 22h45, a Record estreia Neemias, miniss\u00e9rie in\u00e9dita em cinco epis\u00f3dios. Escrita por Raphaela Castro e dirigida por Felipe Cunha, a produ\u00e7\u00e3o narra a jornada de Neemias.<\/p>\n<p>A trama, em cinco epis\u00f3dios, conta a hist\u00f3ria do servo de confian\u00e7a da corte persa que liderou a reconstru\u00e7\u00e3o dos muros na cidade de Jerusal\u00e9m<\/p>\n<p>Durante o Imp\u00e9rio Persa, o jovem Neemias (Mario Bregieira) chegou ao pal\u00e1cio para servir a rainha Ester (Nathalia Florentino) e os dois estabeleceram uma forte amizade e dividiam um segredo: o mesmo amor pelo Deus de Israel. Enquanto a jovem teve a chance de conhecer a Terra Santa, ele apenas sonhava em visitar a cidade. Mas um acontecimento muda tudo!<\/p>\n<p>A paz de Neemias \u00e9 abruptamente quebrada quando ele recebe uma not\u00edcia devastadora. Jerusal\u00e9m \u00e9 destru\u00edda, suas muralhas derrubadas e as casas queimadas pelo fogo. O caos se instala, in\u00fameras vidas s\u00e3o perdidas, e o povo judeu vive agora sob o peso do terror e da incerteza. Diante desse cen\u00e1rio desolador, Neemias se v\u00ea tomado por uma mistura de dor, indigna\u00e7\u00e3o e um profundo senso de responsabilidade.<\/p>\n<p>Com determina\u00e7\u00e3o e estrat\u00e9gia, ele busca for\u00e7as e elabora um plano audacioso para restaurar Jerusal\u00e9m. Uma jornada onde enfrentar\u00e1 oposi\u00e7\u00e3o, trai\u00e7\u00f5es, sacrif\u00edcios e adversidades que testar\u00e3o sua resili\u00eancia a cada passo.<\/p>\n<p>A superprodu\u00e7\u00e3o \u00e9 um spin-off de A Rainha da P\u00e9rsia e vai ao ar a partir desta segunda, \u00e0s 22h45, na Record.<br \/>\n<a href=\"https:\/\/wp.me\/pdP2BO-jvK\" rel=\"noopener\" target=\"_blank\">Confira os resumos dos cinco epis\u00f3dios <\/a><br \/>\n<!--FIM--><\/p>\n<h3>Coment\u00e1rios<\/h3>\n<div class=\"fb-comments\" data-width=\"100%\" data-order-by=\"reverse_time\" data-numposts=\"5\"><\/div>\n<p><a href=\"https:\/\/www.facebook.com\/tevenovelas\/\">\u00daltimas not\u00edcias do TV Novelas no Facebook<\/a><br \/>\n<a href=\"https:\/\/tvnovelas.com.br\/novelas\/\">Resumos de todas as novelas<\/a><\/p>\n","protected":false},"excerpt":{"rendered":"<p>Neemias estreia na Record&#8230;<\/p>\n","protected":false},"author":1,"featured_media":75002,"comment_status":"closed","ping_status":"closed","sticky":false,"template":"","format":"standard","meta":{"_uf_show_specific_survey":0,"_uf_disable_surveys":false,"_jetpack_memberships_contains_paid_content":false,"footnotes":"","_wp_rev_ctl_limit":""},"categories":[309],"tags":[878,14,294],"class_list":["post-75000","post","type-post","status-publish","format-standard","has-post-thumbnail","hentry","category-record","tag-neemias","tag-record","tag-serie","wpcat-309-id"],"aioseo_notices":[],"jetpack_featured_media_url":"https:\/\/i0.wp.com\/www.tvnovelas.com.br\/tvnews\/wp-content\/uploads\/2025\/04\/10839a.jpg?fit=728%2C410&ssl=1","jetpack_shortlink":"https:\/\/wp.me\/pdP2BO-jvG","jetpack_sharing_enabled":true,"_links":{"self":[{"href":"https:\/\/www.tvnovelas.com.br\/tvnews\/wp-json\/wp\/v2\/posts\/75000","targetHints":{"allow":["GET"]}}],"collection":[{"href":"https:\/\/www.tvnovelas.com.br\/tvnews\/wp-json\/wp\/v2\/posts"}],"about":[{"href":"https:\/\/www.tvnovelas.com.br\/tvnews\/wp-json\/wp\/v2\/types\/post"}],"author":[{"embeddable":true,"href":"https:\/\/www.tvnovelas.com.br\/tvnews\/wp-json\/wp\/v2\/users\/1"}],"replies":[{"embeddable":true,"href":"https:\/\/www.tvnovelas.com.br\/tvnews\/wp-json\/wp\/v2\/comments?post=75000"}],"version-history":[{"count":3,"href":"https:\/\/www.tvnovelas.com.br\/tvnews\/wp-json\/wp\/v2\/posts\/75000\/revisions"}],"predecessor-version":[{"id":75010,"href":"https:\/\/www.tvnovelas.com.br\/tvnews\/wp-json\/wp\/v2\/posts\/75000\/revisions\/75010"}],"wp:featuredmedia":[{"embeddable":true,"href":"https:\/\/www.tvnovelas.com.br\/tvnews\/wp-json\/wp\/v2\/media\/75002"}],"wp:attachment":[{"href":"https:\/\/www.tvnovelas.com.br\/tvnews\/wp-json\/wp\/v2\/media?parent=75000"}],"wp:term":[{"taxonomy":"category","embeddable":true,"href":"https:\/\/www.tvnovelas.com.br\/tvnews\/wp-json\/wp\/v2\/categories?post=75000"},{"taxonomy":"post_tag","embeddable":true,"href":"https:\/\/www.tvnovelas.com.br\/tvnews\/wp-json\/wp\/v2\/tags?post=75000"}],"curies":[{"name":"wp","href":"https:\/\/api.w.org\/{rel}","templated":true}]}}