{"id":75249,"date":"2025-04-12T11:38:53","date_gmt":"2025-04-12T14:38:53","guid":{"rendered":"https:\/\/www.tvnovelas.com.br\/tvnews\/?p=75249"},"modified":"2025-04-12T11:39:58","modified_gmt":"2025-04-12T14:39:58","slug":"o-que-se-passa-em-volta-por-cima-na-semana-14-a-19-4","status":"publish","type":"post","link":"https:\/\/www.tvnovelas.com.br\/tvnews\/o-que-se-passa-em-volta-por-cima-na-semana-14-a-19-4\/","title":{"rendered":"O que se passa em Volta por Cima na semana 14 a 19\/4"},"content":{"rendered":"<div style=\"background-color: #E1EEBC;\">]<br \/>\n<figure id=\"attachment_75250\" aria-describedby=\"caption-attachment-75250\" style=\"width: 728px\" class=\"wp-caption alignnone\"><img data-recalc-dims=\"1\" decoding=\"async\" src=\"https:\/\/i0.wp.com\/www.tvnovelas.com.br\/tvnews\/wp-content\/uploads\/2025\/04\/10899c.jpg?resize=728%2C407&#038;ssl=1\" alt=\"Foto em Volta por Cima na semana 14 a 19\/4\" title=\"(Foto: TV Globo\/ Volta por Cima)\" width=\"728\" height=\"407\" class=\"size-full wp-image-75250\" srcset=\"https:\/\/i0.wp.com\/www.tvnovelas.com.br\/tvnews\/wp-content\/uploads\/2025\/04\/10899c.jpg?w=728&amp;ssl=1 728w, https:\/\/i0.wp.com\/www.tvnovelas.com.br\/tvnews\/wp-content\/uploads\/2025\/04\/10899c.jpg?resize=250%2C140&amp;ssl=1 250w\" sizes=\"(max-width: 728px) 100vw, 728px\" \/><figcaption id=\"caption-attachment-75250\" class=\"wp-caption-text\">Volta por Cima na semana 14 a 19\/4&#8230;.<\/figcaption><\/figure><\/p>\n<blockquote><p><strong style=\"color: #328E6E;\">Nos pr\u00f3ximos cap\u00edtulos de Volta por Cima, <\/strong>Osmar chora quando Violeta se afasta, e J\u00f4 o conforta; Roxelle agride Gerson; Marco exige que Violeta entregue o neto para Cac\u00e1; Neuza se emociona ao ver J\u00e3o arrumado para o casamento&#8230;.<\/p><\/blockquote>\n<\/div>\n<h2 style=\"color: #328E6E;\">Resumo de segunda-feira, 14 de abril<\/h2>\n<p>Osmar chora quando Violeta se afasta, e J\u00f4 o conforta. Gigi desconfia da mensagem que recebeu de Roxelle. Tati sofre com saudades de Jin. Marco finge surpresa ao ver Violeta em sua casa. Ana L\u00facia fica satisfeita com os coment\u00e1rios de Cac\u00e1. Chico decide ir para Curitiba e surpreende Moreira. Gerson manda seus capangas vigiarem Roxelle. Cac\u00e1 se desespera ao saber que Violeta foi embora com seu filho e pede a ajuda de J\u00f4. Ruth questiona Marco sobre a m\u00e3e do neto de Violeta. Rosana hostiliza J\u00e3o. Sebastian se preocupa com Roxelle. Gigi chama Belisa de m\u00e3e. Cac\u00e1 se entende com Chico. Roxelle surpreende um dos capangas de Gerson.<br \/>\n<figure id=\"attachment_75250\" aria-describedby=\"caption-attachment-75250\" style=\"width: 728px\" class=\"wp-caption alignnone\"><img data-recalc-dims=\"1\" decoding=\"async\" src=\"https:\/\/i0.wp.com\/www.tvnovelas.com.br\/tvnews\/wp-content\/uploads\/2025\/04\/10899b.jpg?resize=728%2C407&#038;ssl=1\" alt=\"Foto em Volta por Cima na semana 14 a 19\/4\" title=\"(Foto: TV Globo\/ Volta por Cima)\" width=\"728\" height=\"407\" class=\"size-full wp-image-75250\" \/><figcaption id=\"caption-attachment-75250\" class=\"wp-caption-text\">Volta por Cima na semana 14 a 19\/4&#8230;.<\/figcaption><\/figure><br \/>\n\u00a0<\/p>\n<h2 style=\"color: #328E6E;\">Resumo de ter\u00e7a-feira, 15 de abril<\/h2>\n<p>Roxelle tenta ligar para Gigi pelo celular do capanga. Cac\u00e1 pede a ajuda de Chico para encontrar seu filho. Gigi se reconcilia com Belisa. Roxelle \u00e9 rendida por outro capanga e se desespera. Joyce dispensa Sebastian.\u00a0 Edson discute com Rosana por causa de J\u00e3o. Gerson manda seus capangas prenderem Roxelle. Doralice sente-se mal, e Madalena se preocupa. Rique repreende Rosana por destratar J\u00e3o sem motivos. Osmar convoca uma reuni\u00e3o com os membros da c\u00fapula para falar sobre Marco. Roxelle agride Gerson. Cac\u00e1 e Chico chegam \u00e0 casa de Marco. Doralice discute com Tati.\u00a0<br \/>\n\u00a0<\/p>\n<h2 style=\"color: #328E6E;\">Resumo de quarta-feira, 16 de abril<\/h2>\n<p>Tati fica mexida com a discuss\u00e3o com Doralice. Gerson prende Roxelle novamente. Tati toma uma decis\u00e3o. Chico consola Cac\u00e1. Violeta mente sobre Cac\u00e1 para Ruth. Rodolfo questiona Gerson sobre Roxelle. Rosana conversa com Edson sobre J\u00e3o. Marco comenta com Violeta sobre a visita de Cac\u00e1, e Ruth provoca a ex de Osmar. Cac\u00e1 segue o conselho de Chico ao falar com Violeta. Alberto flagra Doralice chorando pelo desentendimento com Tati. Ruth procura Cac\u00e1. Osmar vai \u00e0 casa de Joyce. Madalena e J\u00e3o encontram Doralice desmaiada em casa.\u00a0<br \/>\n\u00a0<\/p>\n<h2 style=\"color: #328E6E;\">Resumo de quinta-feira, 17 de abril<\/h2>\n<p>Madalena e J\u00e3o levam Doralice para o hospital. Cac\u00e1 revela a Ruth que Violeta tirou seu filho \u00e0 for\u00e7a. Osmar e Joyce ficam juntos. Ruth conta sobre sua visita a Cac\u00e1 para Marco. O m\u00e9dico conversa com Madalena, Tati e Osmar sobre o estado de Doralice. Rodolfo convida Gigi para ir com ele at\u00e9 o haras. Roxelle muda seu comportamento diante de Gerson. Sebastian tenta tirar satisfa\u00e7\u00f5es com Joyce sobre Osmar e leva um fora. Alberto fica com Doralice no hospital. Cac\u00e1 avisa a Chico que Ruth marcou um encontro com ela. Rodolfo e Gigi seguem para o haras. Violeta se surpreende quando encontra Cac\u00e1 na casa de Marco.<br \/>\n<figure id=\"attachment_75250\" aria-describedby=\"caption-attachment-75250\" style=\"width: 728px\" class=\"wp-caption alignnone\"><img data-recalc-dims=\"1\" decoding=\"async\" src=\"https:\/\/i0.wp.com\/www.tvnovelas.com.br\/tvnews\/wp-content\/uploads\/2025\/04\/10899a.jpg?resize=728%2C407&#038;ssl=1\" alt=\"Foto em Volta por Cima na semana 14 a 19\/4\" title=\"(Foto: TV Globo\/ Volta por Cima)\" width=\"728\" height=\"407\" class=\"size-full wp-image-75250\" \/><figcaption id=\"caption-attachment-75250\" class=\"wp-caption-text\">Volta por Cima na semana 14 a 19\/4&#8230;.<\/figcaption><\/figure><br \/>\n\u00a0<\/p>\n<h2 style=\"color: #328E6E;\">Resumo de sexta-feira, 18 de abril<\/h2>\n<p>Marco exige que Violeta entregue o neto para Cac\u00e1. Rodolfo convida Gigi para viajar com ele e Belisa. Chico comemora o reencontro de Cac\u00e1 com o filho. Osmar conversa com Doralice no hospital. Violeta n\u00e3o aceita a investida de Marco. Gigi e Rodolfo contam para Belisa sobre Roxelle. Rafa v\u00ea Nando comprando anabolizantes de forma il\u00edcita no estacionamento da academia, e conta para Silvia. Madalena experimenta seu vestido de noiva. Violeta vai ao hospital falar com Doralice. Osmar faz um pedido inusitado para Madalena.\u00a0<br \/>\n\u00a0<\/p>\n<h2 style=\"color: #328E6E;\">Resumo de s\u00e1bado, 19 de abril<\/h2>\n<p>Madalena n\u00e3o aceita o pedido de Osmar. Roxelle teme n\u00e3o conseguir ajuda. J\u00e3o pede para conversar com Cac\u00e1. Doralice se preocupa com a conversa que Osmar quer ter com Madalena. Alberto dorme no quarto de Doralice no hospital. Tati sofre pela falta de Jin. Chega o dia do casamento de J\u00e3o e Madalena. Gigi e Sebastian contam para Rodolfo e Belisa sobre o que houve com Roxelle. Doralice, Tati e Cida ajudam Madalena a se arrumar para o casamento. Neuza se emociona ao ver J\u00e3o arrumado para o casamento. Osmar surpreende Gerson. Nando admira Tati. Cida e Sidney tentam acalmar J\u00e3o. Madalena chega \u00e0 igreja.<br \/>\n<!--FIM DO POST--><\/p>\n<div class=\"fb-comments\" data-width=\"100%\" data-order-by=\"reverse_time\" data-numposts=\"5\"><\/div>\n<p><h2>Mais:<\/h2>\r\n<p><a href=\"https:\/\/tvnovelas.com.br\/novelas\/resumos-de-volta-por-cima\/\" target=\"_blank\" rel=\"noopener\">Confira os resumos da semana de Volta por Cima'<\/a><\/p>\r\n<p><a href=\"https:\/\/wp.me\/pfspD2-T5\" target=\"_blank\" rel=\"noopener\">Volta por Cima: Entre os sonhos e a fam\u00edlia<\/a> (Sinopse)<\/p>\r\n<p><a href=\"https:\/\/pt.wikipedia.org\/wiki\/Volta_por_Cima_(telenovela)\" target=\"_blank\" rel=\"noopener\">Sobre Volta por Cima na Wikipedia<\/a><\/p>\r\n<p><a href=\"https:\/\/tvnovelas.com.br\/novelas\/\" target=\"_blank\" rel=\"noopener\">Resumos de todas as novelas<\/a><\/p>\r\n<p><strong style=\"font-size: 120%;\">\u00daltimas not\u00edcias de 'Volta por Cima':<\/strong><\/p>\r\n<div class=\"pt-cv-wrapper\"><div class=\"pt-cv-view pt-cv-grid pt-cv-colsys\" id=\"pt-cv-view-372c3953u7\"><div data-id=\"pt-cv-page-1\" class=\"pt-cv-page\" data-cvc=\"1\"><div class=\"col-md-12 col-sm-12 col-xs-12 pt-cv-content-item pt-cv-1-col\" ><div class='pt-cv-ifield'><h4 class=\"pt-cv-title\"><a href=\"https:\/\/www.tvnovelas.com.br\/tvnews\/volta-por-cima-onibus-de-lindomar-passa-por-outro-acidente-tragico\/\" class=\"_self\" target=\"_self\" >Volta por Cima: \u00d4nibus de Lindomar passa por outro acidente tr\u00e1gico<\/a><\/h4><\/div><\/div>\n<div class=\"col-md-12 col-sm-12 col-xs-12 pt-cv-content-item pt-cv-1-col\" ><div class='pt-cv-ifield'><h4 class=\"pt-cv-title\"><a href=\"https:\/\/www.tvnovelas.com.br\/tvnews\/volta-por-cima-osmar-descobre-que-vivinha-preservou-sua-vida\/\" class=\"_self\" target=\"_self\" >Volta por Cima: Osmar descobre que Vivinha preservou sua vida<\/a><\/h4><\/div><\/div>\n<div class=\"col-md-12 col-sm-12 col-xs-12 pt-cv-content-item pt-cv-1-col\" ><div class='pt-cv-ifield'><h4 class=\"pt-cv-title\"><a href=\"https:\/\/www.tvnovelas.com.br\/tvnews\/volta-por-cima-jao-salva-a-vida-de-nando\/\" class=\"_self\" target=\"_self\" >Volta por Cima: J\u00e3o salva a vida de Nando<\/a><\/h4><\/div><\/div>\n<div class=\"col-md-12 col-sm-12 col-xs-12 pt-cv-content-item pt-cv-1-col\" ><div class='pt-cv-ifield'><h4 class=\"pt-cv-title\"><a href=\"https:\/\/www.tvnovelas.com.br\/tvnews\/volta-por-cima-saia-justa-osmar-chama-joyce-de-vivinha\/\" class=\"_self\" target=\"_self\" >Volta por Cima: Saia justa: Osmar chama Joyce de Vivinha&#8230;<\/a><\/h4><\/div><\/div>\n<div class=\"col-md-12 col-sm-12 col-xs-12 pt-cv-content-item pt-cv-1-col\" ><div class='pt-cv-ifield'><h4 class=\"pt-cv-title\"><a href=\"https:\/\/www.tvnovelas.com.br\/tvnews\/volta-por-cima-doralice-consegue-doador-de-coracao-para-transplante\/\" class=\"_self\" target=\"_self\" >Volta por Cima: Doralice consegue doador de cora\u00e7\u00e3o para transplante<\/a><\/h4><\/div><\/div>\n<div class=\"col-md-12 col-sm-12 col-xs-12 pt-cv-content-item pt-cv-1-col\" ><div class='pt-cv-ifield'><h4 class=\"pt-cv-title\"><a href=\"https:\/\/www.tvnovelas.com.br\/tvnews\/volta-por-cima-violeta-beija-marco-e-aparece-com-ele-na-frente-de-osmar\/\" class=\"_self\" target=\"_self\" >Volta por Cima: Violeta beija Marco e aparece com ele na frente de Osmar<\/a><\/h4><\/div><\/div><\/div><\/div><\/div>\r\n<p><strong style=\"font-size: 120%;\">\u00daltimas not\u00edcias deste site:<\/strong><\/p>\r\n<div class=\"pt-cv-wrapper\"><div class=\"pt-cv-view pt-cv-grid pt-cv-colsys\" id=\"pt-cv-view-90991035b3\"><div data-id=\"pt-cv-page-1\" class=\"pt-cv-page\" data-cvc=\"1\"><div class=\"col-md-12 col-sm-12 col-xs-12 pt-cv-content-item pt-cv-1-col\" ><div class='pt-cv-ifield'><h4 class=\"pt-cv-title\"><a href=\"https:\/\/www.tvnovelas.com.br\/tvnews\/coracao-de-mae-irmak-inicia-jogo-arriscado-contra-adnan\/\" class=\"_self\" target=\"_self\" >Cora\u00e7\u00e3o de M\u00e3e: Irmak inicia jogo arriscado contra Adnan<\/a><\/h4><\/div><\/div>\n<div class=\"col-md-12 col-sm-12 col-xs-12 pt-cv-content-item pt-cv-1-col\" ><div class='pt-cv-ifield'><h4 class=\"pt-cv-title\"><a href=\"https:\/\/www.tvnovelas.com.br\/tvnews\/guerra-das-rosas-omer-chama-gulru-vestida-de-noiva-para-fugir\/\" class=\"_self\" target=\"_self\" >Guerra das Rosas: Omer chama Gulru vestida de noiva para fugir<\/a><\/h4><\/div><\/div>\n<div class=\"col-md-12 col-sm-12 col-xs-12 pt-cv-content-item pt-cv-1-col\" ><div class='pt-cv-ifield'><h4 class=\"pt-cv-title\"><a href=\"https:\/\/www.tvnovelas.com.br\/tvnews\/coracao-de-mae-reha-sai-para-jantar-com-selvi\/\" class=\"_self\" target=\"_self\" >Cora\u00e7\u00e3o de M\u00e3e: Reha sai para jantar com Selvi<\/a><\/h4><\/div><\/div>\n<div class=\"col-md-12 col-sm-12 col-xs-12 pt-cv-content-item pt-cv-1-col\" ><div class='pt-cv-ifield'><h4 class=\"pt-cv-title\"><a href=\"https:\/\/www.tvnovelas.com.br\/tvnews\/coracao-acelerado-zila-se-preocupa-com-sua-situacao-apos-separacao\/\" class=\"_self\" target=\"_self\" >Cora\u00e7\u00e3o Acelerado: Zil\u00e1 se preocupa com sua situa\u00e7\u00e3o ap\u00f3s separa\u00e7\u00e3o<\/a><\/h4><\/div><\/div>\n<div class=\"col-md-12 col-sm-12 col-xs-12 pt-cv-content-item pt-cv-1-col\" ><div class='pt-cv-ifield'><h4 class=\"pt-cv-title\"><a href=\"https:\/\/www.tvnovelas.com.br\/tvnews\/a-nobreza-do-amor-tonho-nao-se-curva-diante-de-mirinho\/\" class=\"_self\" target=\"_self\" >A Nobreza do Amor: Tonho n\u00e3o se curva diante de Mirinho<\/a><\/h4><\/div><\/div>\n<div class=\"col-md-12 col-sm-12 col-xs-12 pt-cv-content-item pt-cv-1-col\" ><div class='pt-cv-ifield'><h4 class=\"pt-cv-title\"><a href=\"https:\/\/www.tvnovelas.com.br\/tvnews\/tres-gracas-arminda-surta-ao-confirmar-que-ferette-e-pai-de-raul\/\" class=\"_self\" target=\"_self\" >Tr\u00eas Gra\u00e7as:  Arminda surta ao confirmar que Ferette \u00e9 pai de Raul<\/a><\/h4><\/div><\/div>\n<div class=\"col-md-12 col-sm-12 col-xs-12 pt-cv-content-item pt-cv-1-col\" ><div class='pt-cv-ifield'><h4 class=\"pt-cv-title\"><a href=\"https:\/\/www.tvnovelas.com.br\/tvnews\/coracao-de-mae-atilla-confronta-hasan-e-exige-o-divorcio-de-lale\/\" class=\"_self\" target=\"_self\" >Cora\u00e7\u00e3o de M\u00e3e: Atilla confronta Hasan e exige o div\u00f3rcio de Lale<\/a><\/h4><\/div><\/div>\n<div class=\"col-md-12 col-sm-12 col-xs-12 pt-cv-content-item pt-cv-1-col\" ><div class='pt-cv-ifield'><h4 class=\"pt-cv-title\"><a href=\"https:\/\/www.tvnovelas.com.br\/tvnews\/guerra-das-rosas-gulfem-coloca-gulru-contra-a-parede\/\" class=\"_self\" target=\"_self\" >Guerra das Rosas: Gulfem coloca Gulru contra a parede<\/a><\/h4><\/div><\/div>\n<div class=\"col-md-12 col-sm-12 col-xs-12 pt-cv-content-item pt-cv-1-col\" ><div class='pt-cv-ifield'><h4 class=\"pt-cv-title\"><a href=\"https:\/\/www.tvnovelas.com.br\/tvnews\/coracao-de-mae-atilla-diz-a-lale-que-quer-o-divorcio\/\" class=\"_self\" target=\"_self\" >Cora\u00e7\u00e3o de M\u00e3e: Atilla diz a Lale que quer o div\u00f3rcio<\/a><\/h4><\/div><\/div>\n<div class=\"col-md-12 col-sm-12 col-xs-12 pt-cv-content-item pt-cv-1-col\" ><div class='pt-cv-ifield'><h4 class=\"pt-cv-title\"><a href=\"https:\/\/www.tvnovelas.com.br\/tvnews\/a-nobreza-do-amor-mirinho-garante-noivado-com-virginia-para-atrair-sogro-a-negocio\/\" class=\"_self\" target=\"_self\" >A Nobreza do Amor: Mirinho garante noivado com Virg\u00ednia para atrair sogro a neg\u00f3cio<\/a><\/h4><\/div><\/div><\/div><\/div><\/div>\r\n<h3>Confira tamb\u00e9m<\/h3>\r\n<p><a href=\"https:\/\/www.tvnovelas.com.br\/filmes\/\" target=\"_blank\" rel=\"noopener noreferrer\"><strong>Programa\u00e7\u00e3o de filmes na TV aberta<\/strong><\/a><\/p>\r\n<p><a href=\"https:\/\/caetenews.com.br\/semana\/filmes-da-globo-na-sessao-da-tarde-desta-semana\/\" target=\"_blank\" rel=\"noopener\"><strong>Confira os filmes da semana na Sess\u00e3o da Tarde<\/strong><\/a><\/p>\r\n<p><a href=\"https:\/\/www.tvnovelas.com.br\/novelas\/\"><strong>Confira os resumos da semana de todas novelas<\/strong><\/a><\/p><br \/>\n<a href=\"https:\/\/tvnovelas.com.br\/filmes\/filmes-na-tv-segunda\/\" target=\"_blank\" rel=\"noopener\">Confira a Progrma\u00e7\u00e3o de Filmes na TV aberta<\/a><br \/>\n<a href=\"https:\/\/pt.wikipedia.org\/wiki\/Volta_por_Cima_(telenovela)\" target=\"_blank\" rel=\"noopener\">Sobre Volta por Cima na Wikipedia<\/a><br \/>\n<a href=\"https:\/\/www.tvnovelas.com.br\/tvnews\/\" target=\"_blank\" rel=\"noopener\">\u00daltimas not\u00edcias das novelas<\/a><\/p>\n","protected":false},"excerpt":{"rendered":"<p>Volta por Cima na semana 14 a 19\/4&#8230;  Nos pr\u00f3ximos cap\u00edtulos de Volta por Cima,Osmar chora quando Violeta se afasta, e J\u00f4 o conforta; Roxelle agride Gerson&#8230;<\/p>\n","protected":false},"author":1,"featured_media":75252,"comment_status":"closed","ping_status":"closed","sticky":false,"template":"","format":"standard","meta":{"_uf_show_specific_survey":0,"_uf_disable_surveys":false,"_jetpack_memberships_contains_paid_content":false,"footnotes":"","_wp_rev_ctl_limit":""},"categories":[807],"tags":[5,64,808],"class_list":["post-75249","post","type-post","status-publish","format-standard","has-post-thumbnail","hentry","category-volta-por-cima","tag-globo","tag-novelas","tag-volta-por-cima","wpcat-807-id"],"aioseo_notices":[],"jetpack_featured_media_url":"https:\/\/i0.wp.com\/www.tvnovelas.com.br\/tvnews\/wp-content\/uploads\/2025\/04\/10899a.jpg?fit=728%2C410&ssl=1","jetpack_shortlink":"https:\/\/wp.me\/pdP2BO-jzH","jetpack_sharing_enabled":true,"_links":{"self":[{"href":"https:\/\/www.tvnovelas.com.br\/tvnews\/wp-json\/wp\/v2\/posts\/75249","targetHints":{"allow":["GET"]}}],"collection":[{"href":"https:\/\/www.tvnovelas.com.br\/tvnews\/wp-json\/wp\/v2\/posts"}],"about":[{"href":"https:\/\/www.tvnovelas.com.br\/tvnews\/wp-json\/wp\/v2\/types\/post"}],"author":[{"embeddable":true,"href":"https:\/\/www.tvnovelas.com.br\/tvnews\/wp-json\/wp\/v2\/users\/1"}],"replies":[{"embeddable":true,"href":"https:\/\/www.tvnovelas.com.br\/tvnews\/wp-json\/wp\/v2\/comments?post=75249"}],"version-history":[{"count":4,"href":"https:\/\/www.tvnovelas.com.br\/tvnews\/wp-json\/wp\/v2\/posts\/75249\/revisions"}],"predecessor-version":[{"id":75256,"href":"https:\/\/www.tvnovelas.com.br\/tvnews\/wp-json\/wp\/v2\/posts\/75249\/revisions\/75256"}],"wp:featuredmedia":[{"embeddable":true,"href":"https:\/\/www.tvnovelas.com.br\/tvnews\/wp-json\/wp\/v2\/media\/75252"}],"wp:attachment":[{"href":"https:\/\/www.tvnovelas.com.br\/tvnews\/wp-json\/wp\/v2\/media?parent=75249"}],"wp:term":[{"taxonomy":"category","embeddable":true,"href":"https:\/\/www.tvnovelas.com.br\/tvnews\/wp-json\/wp\/v2\/categories?post=75249"},{"taxonomy":"post_tag","embeddable":true,"href":"https:\/\/www.tvnovelas.com.br\/tvnews\/wp-json\/wp\/v2\/tags?post=75249"}],"curies":[{"name":"wp","href":"https:\/\/api.w.org\/{rel}","templated":true}]}}