{"id":75501,"date":"2025-04-18T17:09:52","date_gmt":"2025-04-18T20:09:52","guid":{"rendered":"https:\/\/www.tvnovelas.com.br\/tvnews\/?p=75501"},"modified":"2025-04-18T17:10:43","modified_gmt":"2025-04-18T20:10:43","slug":"o-que-chega-em-garota-do-momento-na-semana-21-a-26-4","status":"publish","type":"post","link":"https:\/\/www.tvnovelas.com.br\/tvnews\/o-que-chega-em-garota-do-momento-na-semana-21-a-26-4\/","title":{"rendered":"O que chega em Garota do Momento na semana 21 a 26\/4"},"content":{"rendered":"<p>\u00a0<\/p>\n<div style=\"background-color: #F1EFEC;\">\n<figure id=\"attachment_75502\" aria-describedby=\"caption-attachment-75502\" style=\"width: 728px\" class=\"wp-caption alignnone\"><img data-recalc-dims=\"1\" decoding=\"async\" src=\"https:\/\/i0.wp.com\/www.tvnovelas.com.br\/tvnews\/wp-content\/uploads\/2025\/04\/10957a.jpg?resize=728%2C410&#038;ssl=1\" alt=\"Foto em Garota do Momento na semana 21 a 26\/4\" title=\"(Foto: Globo\/Garota do Momento)\" width=\"728\" height=\"410\" class=\"size-full wp-image-75502\" \/><figcaption id=\"caption-attachment-75502\" class=\"wp-caption-text\">Garota do Momento na semana 21 a 26\/4<\/figcaption><\/figure><\/p>\n<blockquote><p><strong style=\"color: #543A14;\">Nos pr\u00f3ximos cap\u00edtulos de Garota do Momento, <\/strong>Maristela descobre que Bas\u00edlio forjou o casamento com ela; Bas\u00edlio revela a Maristela que Juliano a est\u00e1 dopando; Juliano desconfia de Clarice; Clarice pede que Bia confesse a verdade sobre suas artimanhas contra Beatriz&#8230;.<\/p><\/blockquote>\n<\/div>\n<h2 style=\"color: #543A14;\">Resumo de segunda-feira, 21 de abril<\/h2>\n<p>Juliano expulsa Bas\u00edlio da empresa, e Z\u00e9lia o questiona sobre a autenticidade de sua certid\u00e3o de casamento com Maristela. Ulisses procura Glorinha. Maristela descobre que Bas\u00edlio forjou o casamento com ela. Bia tenta retomar sua amizade com Celeste e Eug\u00eania. Bas\u00edlio explica seu plano contra os Alencar para Clarice e Beatriz. Raimundo e Beto desconfiam do comportamento de Celeste. Celeste tem um sangramento. Clarice descobre que Val\u00e9ria est\u00e1 morta.<br \/>\n<figure id=\"attachment_75502\" aria-describedby=\"caption-attachment-75502\" style=\"width: 728px\" class=\"wp-caption alignnone\"><img data-recalc-dims=\"1\" decoding=\"async\" src=\"https:\/\/i0.wp.com\/www.tvnovelas.com.br\/tvnews\/wp-content\/uploads\/2025\/04\/10957d.jpg?resize=728%2C410&#038;ssl=1\" alt=\"Foto em Garota do Momento na semana 21 a 26\/4\" title=\"(Foto: Globo\/Garota do Momento)\" width=\"728\" height=\"410\" class=\"size-full wp-image-75502\" srcset=\"https:\/\/i0.wp.com\/www.tvnovelas.com.br\/tvnews\/wp-content\/uploads\/2025\/04\/10957d.jpg?w=728&amp;ssl=1 728w, https:\/\/i0.wp.com\/www.tvnovelas.com.br\/tvnews\/wp-content\/uploads\/2025\/04\/10957d.jpg?resize=250%2C141&amp;ssl=1 250w\" sizes=\"(max-width: 728px) 100vw, 728px\" \/><figcaption id=\"caption-attachment-75502\" class=\"wp-caption-text\">Garota do Momento na semana 21 a 26\/4<\/figcaption><\/figure>\u00a0<\/p>\n<h2 style=\"color: #543A14;\">Resumo de ter\u00e7a-feira, 22 de abril<\/h2>\n<p>Clarice sonda Maristela sobre a morte de Val\u00e9ria. Bas\u00edlio prova a autenticidade de seu casamento com Maristela. Celeste conta a L\u00edgia sobre a gravidez. Z\u00e9lia garante a Bas\u00edlio que ser\u00e1 sua inimiga. Clarice conta a Beatriz sobre Val\u00e9ria. Beatriz pede que Bas\u00edlio proteja Clarice dos Alencar. Anita confronta Edu sobre o estado de Celeste. L\u00edgia se emociona quando Celeste a chama de m\u00e3e. Bia sofre com a rejei\u00e7\u00e3o de suas amigas e pede ajuda a Ronaldo. Bas\u00edlio revela a Maristela que Juliano a est\u00e1 dopando.<br \/>\n\u00a0<\/p>\n<h2 style=\"color: #543A14;\">Resumo de quarta-feira, 23 de abril<\/h2>\n<p>Bas\u00edlio explica seu plano a Maristela. L\u00edgia conversa com Raimundo sobre a gravidez de Celeste. Beto e Ronaldo apoiam Celeste. Bas\u00edlio se muda para a mans\u00e3o dos Alencar. Celeste afirma que se casar\u00e1 com Edu. Maristela confronta Juliano sobre t\u00ea-la dopado. Raimundo conversa com Alfredo sobre a situa\u00e7\u00e3o de Celeste. Ronaldo orienta Bia sobre como pode se reaproximar de Celeste.\u00a0<br \/>\n<figure id=\"attachment_75502\" aria-describedby=\"caption-attachment-75502\" style=\"width: 728px\" class=\"wp-caption alignnone\"><img data-recalc-dims=\"1\" decoding=\"async\" src=\"https:\/\/i0.wp.com\/www.tvnovelas.com.br\/tvnews\/wp-content\/uploads\/2025\/04\/10957b.jpg?resize=728%2C410&#038;ssl=1\" alt=\"Foto em Garota do Momento na semana 21 a 26\/4\" title=\"(Foto: Globo\/Garota do Momento)\" width=\"728\" height=\"410\" class=\"size-full wp-image-75502\" \/><figcaption id=\"caption-attachment-75502\" class=\"wp-caption-text\">Garota do Momento na semana 21 a 26\/4<\/figcaption><\/figure>\u00a0<\/p>\n<h2 style=\"color: #543A14;\">Resumo de quinta-feira, 24 de abril<\/h2>\n<p>Juliano desconfia de Clarice. Clarice mostra a Teresa suas telas de arte. Vera conversa com Celeste. Beto lamenta por Clarice n\u00e3o acreditar em sua hist\u00f3ria sobre Bia. Raimundo autoriza o casamento de Edu com Celeste. Juliano percebe rastros de tinta no sapato de Clarice. S\u00e9rgio sofre pelo afastamento de Jacira. Juliano confronta Teresa. Maristela e Bas\u00edlio demitem Z\u00e9lia. Bia tenta se reaproximar de Celeste e Eug\u00eania. Maristela se apressa em marcar a data do casamento de Beto e Bia. Z\u00e9lia e Juliano deduzem que Clarice voltou a pintar.<br \/>\n\u00a0<\/p>\n<h2 style=\"color: #543A14;\">Resumo de sexta-feira, 25 de abril<\/h2>\n<p>Raimundo lamenta o sofrimento de Beto com seu futuro casamento com Bia. Maristela e Bia comentam sobre o colar de joias roubado. Jacira compra o colar de Coralina, sem que as duas saibam que se trata de uma joia valiosa. Beatriz afirma a Clarice que Bia mente sobre Beto. Topete pede Eug\u00eania em namoro. Clarice pede que Bia confesse a verdade sobre suas artimanhas contra Beatriz. Juliano confirma que Clarice mudou seus rem\u00e9dios. M\u00f4nica alerta Z\u00e9lia sobre a visita de duas mulheres misteriosas.<br \/>\n<figure id=\"attachment_75502\" aria-describedby=\"caption-attachment-75502\" style=\"width: 728px\" class=\"wp-caption alignnone\"><img data-recalc-dims=\"1\" decoding=\"async\" src=\"https:\/\/i0.wp.com\/www.tvnovelas.com.br\/tvnews\/wp-content\/uploads\/2025\/04\/10957c.jpg?resize=728%2C410&#038;ssl=1\" alt=\"Foto em Garota do Momento na semana 21 a 26\/4\" title=\"(Foto: Globo\/Garota do Momento)\" width=\"728\" height=\"410\" class=\"size-full wp-image-75502\" \/><figcaption id=\"caption-attachment-75502\" class=\"wp-caption-text\">Garota do Momento na semana 21 a 26\/4<\/figcaption><\/figure><br \/>\n\u00a0<\/p>\n<h2 style=\"color: #543A14;\">Resumo de s\u00e1bado, 26 de abril<\/h2>\n<p>Z\u00e9lia se revolta contra M\u00f4nica e teme que Clarice tenha descoberto sua real identidade. Bia nega que tenha armado contra Beatriz. Eug\u00eania rejeita o pedido de namoro de Topete. Eug\u00eania e Jacira se preocupam com a sa\u00fade de Teresa. Alfredo confronta Juliano sobre a brincadeira de mau gosto com Teresa. Alfredo, Teresa, Eug\u00eania e Jacira v\u00e3o \u00e0 praia. Clarice percebe que Juliano a est\u00e1 dopando novamente.<br \/>\n<!--END--><\/p>\n<div class=\"fb-comments\" data-width=\"100%\" data-order-by=\"reverse_time\" data-numposts=\"5\"><\/div>\n<h2>\u00daltimas publica\u00e7\u00f5es de Garota do Momento<\/h2>\n<div class=\"pt-cv-wrapper\"><div class=\"pt-cv-view pt-cv-grid pt-cv-colsys\" id=\"pt-cv-view-54854578lu\"><div data-id=\"pt-cv-page-1\" class=\"pt-cv-page\" data-cvc=\"1\"><div class=\"col-md-12 col-sm-12 col-xs-12 pt-cv-content-item pt-cv-1-col\" ><div class='pt-cv-ifield'><h4 class=\"pt-cv-title\"><a href=\"https:\/\/www.tvnovelas.com.br\/tvnews\/garota-do-momento-beatriz-e-beto-se-casam\/\" class=\"_self\" target=\"_self\" >Garota do Momento: Beatriz e Beto se casam<\/a><\/h4><\/div><\/div>\n<div class=\"col-md-12 col-sm-12 col-xs-12 pt-cv-content-item pt-cv-1-col\" ><div class='pt-cv-ifield'><h4 class=\"pt-cv-title\"><a href=\"https:\/\/www.tvnovelas.com.br\/tvnews\/garota-do-momento-clarice-sequestrada-por-juliano-desespera-beatriz\/\" class=\"_self\" target=\"_self\" >Garota do Momento: Clarice sequestrada por Juliano desespera Beatriz<\/a><\/h4><\/div><\/div>\n<div class=\"col-md-12 col-sm-12 col-xs-12 pt-cv-content-item pt-cv-1-col\" ><div class='pt-cv-ifield'><h4 class=\"pt-cv-title\"><a href=\"https:\/\/www.tvnovelas.com.br\/tvnews\/garota-do-momento-clarice-cospe-na-cara-de-maristela\/\" class=\"_self\" target=\"_self\" >Garota do Momento: Clarice cospe na cara de Maristela<\/a><\/h4><\/div><\/div>\n<div class=\"col-md-12 col-sm-12 col-xs-12 pt-cv-content-item pt-cv-1-col\" ><div class='pt-cv-ifield'><h4 class=\"pt-cv-title\"><a href=\"https:\/\/www.tvnovelas.com.br\/tvnews\/garota-do-momento-ligia-emociona-ao-dedicar-nova-musica-a-raimundo\/\" class=\"_self\" target=\"_self\" >Garota do Momento: Ligia emociona ao dedicar nova m\u00fasica a Raimundo<\/a><\/h4><\/div><\/div>\n<div class=\"col-md-12 col-sm-12 col-xs-12 pt-cv-content-item pt-cv-1-col\" ><div class='pt-cv-ifield'><h4 class=\"pt-cv-title\"><a href=\"https:\/\/www.tvnovelas.com.br\/tvnews\/garota-do-momento-zelia-beatriz-e-basilio-unidos-para-desmascarar-juliano\/\" class=\"_self\" target=\"_self\" >Garota do Momento: Z\u00e9lia, Beatriz e Bas\u00edlio unidos para desmascarar Juliano<\/a><\/h4><\/div><\/div>\n<div class=\"col-md-12 col-sm-12 col-xs-12 pt-cv-content-item pt-cv-1-col\" ><div class='pt-cv-ifield'><h4 class=\"pt-cv-title\"><a href=\"https:\/\/www.tvnovelas.com.br\/tvnews\/garota-do-momento-ligia-confessa-que-ama-raimundo-e-quer-voltar\/\" class=\"_self\" target=\"_self\" >Garota do Momento: Ligia confessa que ama Raimundo e quer voltar<\/a><\/h4><\/div><\/div><\/div><\/div><\/div>\n<h2>\u00daltimas not\u00edcias das novelas<\/h2>\n<p><div class=\"pt-cv-wrapper\"><div class=\"pt-cv-view pt-cv-grid pt-cv-colsys\" id=\"pt-cv-view-90991035b3\"><div data-id=\"pt-cv-page-1\" class=\"pt-cv-page\" data-cvc=\"1\"><div class=\"col-md-12 col-sm-12 col-xs-12 pt-cv-content-item pt-cv-1-col\" ><div class='pt-cv-ifield'><h4 class=\"pt-cv-title\"><a href=\"https:\/\/www.tvnovelas.com.br\/tvnews\/coracao-de-mae-irmak-inicia-jogo-arriscado-contra-adnan\/\" class=\"_self\" target=\"_self\" >Cora\u00e7\u00e3o de M\u00e3e: Irmak inicia jogo arriscado contra Adnan<\/a><\/h4><\/div><\/div>\n<div class=\"col-md-12 col-sm-12 col-xs-12 pt-cv-content-item pt-cv-1-col\" ><div class='pt-cv-ifield'><h4 class=\"pt-cv-title\"><a href=\"https:\/\/www.tvnovelas.com.br\/tvnews\/guerra-das-rosas-omer-chama-gulru-vestida-de-noiva-para-fugir\/\" class=\"_self\" target=\"_self\" >Guerra das Rosas: Omer chama Gulru vestida de noiva para fugir<\/a><\/h4><\/div><\/div>\n<div class=\"col-md-12 col-sm-12 col-xs-12 pt-cv-content-item pt-cv-1-col\" ><div class='pt-cv-ifield'><h4 class=\"pt-cv-title\"><a href=\"https:\/\/www.tvnovelas.com.br\/tvnews\/coracao-de-mae-reha-sai-para-jantar-com-selvi\/\" class=\"_self\" target=\"_self\" >Cora\u00e7\u00e3o de M\u00e3e: Reha sai para jantar com Selvi<\/a><\/h4><\/div><\/div>\n<div class=\"col-md-12 col-sm-12 col-xs-12 pt-cv-content-item pt-cv-1-col\" ><div class='pt-cv-ifield'><h4 class=\"pt-cv-title\"><a href=\"https:\/\/www.tvnovelas.com.br\/tvnews\/coracao-acelerado-zila-se-preocupa-com-sua-situacao-apos-separacao\/\" class=\"_self\" target=\"_self\" >Cora\u00e7\u00e3o Acelerado: Zil\u00e1 se preocupa com sua situa\u00e7\u00e3o ap\u00f3s separa\u00e7\u00e3o<\/a><\/h4><\/div><\/div>\n<div class=\"col-md-12 col-sm-12 col-xs-12 pt-cv-content-item pt-cv-1-col\" ><div class='pt-cv-ifield'><h4 class=\"pt-cv-title\"><a href=\"https:\/\/www.tvnovelas.com.br\/tvnews\/a-nobreza-do-amor-tonho-nao-se-curva-diante-de-mirinho\/\" class=\"_self\" target=\"_self\" >A Nobreza do Amor: Tonho n\u00e3o se curva diante de Mirinho<\/a><\/h4><\/div><\/div>\n<div class=\"col-md-12 col-sm-12 col-xs-12 pt-cv-content-item pt-cv-1-col\" ><div class='pt-cv-ifield'><h4 class=\"pt-cv-title\"><a href=\"https:\/\/www.tvnovelas.com.br\/tvnews\/tres-gracas-arminda-surta-ao-confirmar-que-ferette-e-pai-de-raul\/\" class=\"_self\" target=\"_self\" >Tr\u00eas Gra\u00e7as:  Arminda surta ao confirmar que Ferette \u00e9 pai de Raul<\/a><\/h4><\/div><\/div>\n<div class=\"col-md-12 col-sm-12 col-xs-12 pt-cv-content-item pt-cv-1-col\" ><div class='pt-cv-ifield'><h4 class=\"pt-cv-title\"><a href=\"https:\/\/www.tvnovelas.com.br\/tvnews\/coracao-de-mae-atilla-confronta-hasan-e-exige-o-divorcio-de-lale\/\" class=\"_self\" target=\"_self\" >Cora\u00e7\u00e3o de M\u00e3e: Atilla confronta Hasan e exige o div\u00f3rcio de Lale<\/a><\/h4><\/div><\/div>\n<div class=\"col-md-12 col-sm-12 col-xs-12 pt-cv-content-item pt-cv-1-col\" ><div class='pt-cv-ifield'><h4 class=\"pt-cv-title\"><a href=\"https:\/\/www.tvnovelas.com.br\/tvnews\/guerra-das-rosas-gulfem-coloca-gulru-contra-a-parede\/\" class=\"_self\" target=\"_self\" >Guerra das Rosas: Gulfem coloca Gulru contra a parede<\/a><\/h4><\/div><\/div>\n<div class=\"col-md-12 col-sm-12 col-xs-12 pt-cv-content-item pt-cv-1-col\" ><div class='pt-cv-ifield'><h4 class=\"pt-cv-title\"><a href=\"https:\/\/www.tvnovelas.com.br\/tvnews\/coracao-de-mae-atilla-diz-a-lale-que-quer-o-divorcio\/\" class=\"_self\" target=\"_self\" >Cora\u00e7\u00e3o de M\u00e3e: Atilla diz a Lale que quer o div\u00f3rcio<\/a><\/h4><\/div><\/div>\n<div class=\"col-md-12 col-sm-12 col-xs-12 pt-cv-content-item pt-cv-1-col\" ><div class='pt-cv-ifield'><h4 class=\"pt-cv-title\"><a href=\"https:\/\/www.tvnovelas.com.br\/tvnews\/a-nobreza-do-amor-mirinho-garante-noivado-com-virginia-para-atrair-sogro-a-negocio\/\" class=\"_self\" target=\"_self\" >A Nobreza do Amor: Mirinho garante noivado com Virg\u00ednia para atrair sogro a neg\u00f3cio<\/a><\/h4><\/div><\/div><\/div><\/div><\/div><br \/>\n<a href=\"https:\/\/wp.me\/pfspD2-Ti\" target=\"_blank\" rel=\"noopener\"><strong>Garota do Momento: A saga dos Alencar<\/strong><\/a> (Sinopse)<br \/>\n<a href=\"https:\/\/tvnovelas.com.br\/filmes\/filmes-na-tv-segunda\/\" target=\"_blank\" rel=\"noopener\">Confira a programa\u00e7\u00e3o de filmes na TV aberta<\/a><br \/>\n<a href=\"https:\/\/www.tvnovelas.com.br\/tvnews\/\">\u00daltimas not\u00edcias de todas as novelas<\/a><br \/>\n<!--END--><\/p>\n<div class=\"fb-comments\" data-width=\"100%\" data-order-by=\"reverse_time\" data-numposts=\"5\"><\/div>\n<h2>\u00daltimas publica\u00e7\u00f5es de Garota do Momento<\/h2>\n<div class=\"pt-cv-wrapper\"><div class=\"pt-cv-view pt-cv-grid pt-cv-colsys\" id=\"pt-cv-view-54854578lu\"><div data-id=\"pt-cv-page-1\" class=\"pt-cv-page\" data-cvc=\"1\"><div class=\"col-md-12 col-sm-12 col-xs-12 pt-cv-content-item pt-cv-1-col\" ><div class='pt-cv-ifield'><h4 class=\"pt-cv-title\"><a href=\"https:\/\/www.tvnovelas.com.br\/tvnews\/garota-do-momento-beatriz-e-beto-se-casam\/\" class=\"_self\" target=\"_self\" >Garota do Momento: Beatriz e Beto se casam<\/a><\/h4><\/div><\/div>\n<div class=\"col-md-12 col-sm-12 col-xs-12 pt-cv-content-item pt-cv-1-col\" ><div class='pt-cv-ifield'><h4 class=\"pt-cv-title\"><a href=\"https:\/\/www.tvnovelas.com.br\/tvnews\/garota-do-momento-clarice-sequestrada-por-juliano-desespera-beatriz\/\" class=\"_self\" target=\"_self\" >Garota do Momento: Clarice sequestrada por Juliano desespera Beatriz<\/a><\/h4><\/div><\/div>\n<div class=\"col-md-12 col-sm-12 col-xs-12 pt-cv-content-item pt-cv-1-col\" ><div class='pt-cv-ifield'><h4 class=\"pt-cv-title\"><a href=\"https:\/\/www.tvnovelas.com.br\/tvnews\/garota-do-momento-clarice-cospe-na-cara-de-maristela\/\" class=\"_self\" target=\"_self\" >Garota do Momento: Clarice cospe na cara de Maristela<\/a><\/h4><\/div><\/div>\n<div class=\"col-md-12 col-sm-12 col-xs-12 pt-cv-content-item pt-cv-1-col\" ><div class='pt-cv-ifield'><h4 class=\"pt-cv-title\"><a href=\"https:\/\/www.tvnovelas.com.br\/tvnews\/garota-do-momento-ligia-emociona-ao-dedicar-nova-musica-a-raimundo\/\" class=\"_self\" target=\"_self\" >Garota do Momento: Ligia emociona ao dedicar nova m\u00fasica a Raimundo<\/a><\/h4><\/div><\/div>\n<div class=\"col-md-12 col-sm-12 col-xs-12 pt-cv-content-item pt-cv-1-col\" ><div class='pt-cv-ifield'><h4 class=\"pt-cv-title\"><a href=\"https:\/\/www.tvnovelas.com.br\/tvnews\/garota-do-momento-zelia-beatriz-e-basilio-unidos-para-desmascarar-juliano\/\" class=\"_self\" target=\"_self\" >Garota do Momento: Z\u00e9lia, Beatriz e Bas\u00edlio unidos para desmascarar Juliano<\/a><\/h4><\/div><\/div>\n<div class=\"col-md-12 col-sm-12 col-xs-12 pt-cv-content-item pt-cv-1-col\" ><div class='pt-cv-ifield'><h4 class=\"pt-cv-title\"><a href=\"https:\/\/www.tvnovelas.com.br\/tvnews\/garota-do-momento-ligia-confessa-que-ama-raimundo-e-quer-voltar\/\" class=\"_self\" target=\"_self\" >Garota do Momento: Ligia confessa que ama Raimundo e quer voltar<\/a><\/h4><\/div><\/div><\/div><\/div><\/div>\n","protected":false},"excerpt":{"rendered":"<p>Garota do Momento na semana 21 a 26\/4&#8230;. Nos pr\u00f3ximos cap\u00edtulos de Garota do Momento, Maristela descobre que Bas\u00edlio forjou o casamento com ela&#8230;<\/p>\n","protected":false},"author":1,"featured_media":75505,"comment_status":"closed","ping_status":"closed","sticky":false,"template":"","format":"standard","meta":{"_uf_show_specific_survey":0,"_uf_disable_surveys":false,"_jetpack_memberships_contains_paid_content":false,"footnotes":"","_wp_rev_ctl_limit":""},"categories":[812],"tags":[813,5,64],"class_list":["post-75501","post","type-post","status-publish","format-standard","has-post-thumbnail","hentry","category-garota-do-momento","tag-garota-do-momento","tag-globo","tag-novelas","wpcat-812-id"],"aioseo_notices":[],"jetpack_featured_media_url":"https:\/\/i0.wp.com\/www.tvnovelas.com.br\/tvnews\/wp-content\/uploads\/2025\/04\/10957a.jpg?fit=728%2C410&ssl=1","jetpack_shortlink":"https:\/\/wp.me\/pdP2BO-jDL","jetpack_sharing_enabled":true,"_links":{"self":[{"href":"https:\/\/www.tvnovelas.com.br\/tvnews\/wp-json\/wp\/v2\/posts\/75501","targetHints":{"allow":["GET"]}}],"collection":[{"href":"https:\/\/www.tvnovelas.com.br\/tvnews\/wp-json\/wp\/v2\/posts"}],"about":[{"href":"https:\/\/www.tvnovelas.com.br\/tvnews\/wp-json\/wp\/v2\/types\/post"}],"author":[{"embeddable":true,"href":"https:\/\/www.tvnovelas.com.br\/tvnews\/wp-json\/wp\/v2\/users\/1"}],"replies":[{"embeddable":true,"href":"https:\/\/www.tvnovelas.com.br\/tvnews\/wp-json\/wp\/v2\/comments?post=75501"}],"version-history":[{"count":5,"href":"https:\/\/www.tvnovelas.com.br\/tvnews\/wp-json\/wp\/v2\/posts\/75501\/revisions"}],"predecessor-version":[{"id":75510,"href":"https:\/\/www.tvnovelas.com.br\/tvnews\/wp-json\/wp\/v2\/posts\/75501\/revisions\/75510"}],"wp:featuredmedia":[{"embeddable":true,"href":"https:\/\/www.tvnovelas.com.br\/tvnews\/wp-json\/wp\/v2\/media\/75505"}],"wp:attachment":[{"href":"https:\/\/www.tvnovelas.com.br\/tvnews\/wp-json\/wp\/v2\/media?parent=75501"}],"wp:term":[{"taxonomy":"category","embeddable":true,"href":"https:\/\/www.tvnovelas.com.br\/tvnews\/wp-json\/wp\/v2\/categories?post=75501"},{"taxonomy":"post_tag","embeddable":true,"href":"https:\/\/www.tvnovelas.com.br\/tvnews\/wp-json\/wp\/v2\/tags?post=75501"}],"curies":[{"name":"wp","href":"https:\/\/api.w.org\/{rel}","templated":true}]}}