{"id":75521,"date":"2025-04-19T10:41:17","date_gmt":"2025-04-19T13:41:17","guid":{"rendered":"https:\/\/www.tvnovelas.com.br\/tvnews\/?p=75521"},"modified":"2025-04-19T11:01:41","modified_gmt":"2025-04-19T14:01:41","slug":"o-que-se-passa-em-vale-tudo-na-semana-21-a-26-4","status":"publish","type":"post","link":"https:\/\/www.tvnovelas.com.br\/tvnews\/o-que-se-passa-em-vale-tudo-na-semana-21-a-26-4\/","title":{"rendered":"O que se passa em Vale Tudo na semana 21 a 26\/4"},"content":{"rendered":"<div style=\"background-color: #F1EFEC;\">\n<figure id=\"attachment_75541\" aria-describedby=\"caption-attachment-75541\" style=\"width: 728px\" class=\"wp-caption alignnone\"><img data-recalc-dims=\"1\" decoding=\"async\" src=\"https:\/\/i0.wp.com\/www.tvnovelas.com.br\/tvnews\/wp-content\/uploads\/2025\/04\/10962d.jpg?resize=728%2C409&#038;ssl=1\" alt=\"Foto em Vale Tudo na semana 21 a 26\/4\" title=\"(FotO: TV Globo\/Vale Tudo)\" width=\"728\" height=\"409\" class=\"size-full wp-image-75541\" srcset=\"https:\/\/i0.wp.com\/www.tvnovelas.com.br\/tvnews\/wp-content\/uploads\/2025\/04\/10962d.jpg?w=728&amp;ssl=1 728w, https:\/\/i0.wp.com\/www.tvnovelas.com.br\/tvnews\/wp-content\/uploads\/2025\/04\/10962d.jpg?resize=250%2C140&amp;ssl=1 250w\" sizes=\"(max-width: 728px) 100vw, 728px\" \/><figcaption id=\"caption-attachment-75541\" class=\"wp-caption-text\">Vale Tudo na semana 21 a 26\/4&#8230;<\/figcaption><\/figure><\/p>\n<blockquote><p><strong style=\"color: #543A14;\">Nos pr\u00f3ximos cap\u00edtulos de Vale Tudo, <\/strong>F\u00e1tima pede ajuda a C\u00e9sar para conquistar Afonso; Marco Aur\u00e9lio e Freitas descobrem que a mala com os d\u00f3lares desapareceu; C\u00e9sar e Maria de F\u00e1tima abrem a mala que a modelo roubou quando desembarcou do jatinho; Odete avisa a Celina que em breve chegar\u00e1 ao Brasil&#8230;<\/p><\/blockquote>\n<\/div>\n<p>\u00a0<\/p>\n<h2 style=\"color: #543A14;\">Resumo de segunda-feira, 21 de abril<\/h2>\n<p>Raquel tem uma dura conversa com Maria de F\u00e1tima. Tiago dispensa Vera ao descobrir que o pai a pagou para ficar com ele. Maria de F\u00e1tima pede desculpas a Rubinho. Ivan lamenta por n\u00e3o ter tido oportunidade de conhecer Marco Aur\u00e9lio. Maria de F\u00e1tima diz a C\u00e9sar que Afonso olhou para ela com interesse. C\u00e9sar e Maria de F\u00e1tima admitem que se gostam. Cec\u00edlia diz a Tiago que n\u00e3o pode escond\u00ea-lo na pousada. Cl\u00e1udia recebe orienta\u00e7\u00f5es de Marco Aur\u00e9lio para entregar uma mala a um contato em Porto Rico. Rubinho coloca sua etiqueta em outra mala. Raquel se despede de Rubinho. Rubinho passa mal durante o voo, e Claudia manda o piloto Marcondes retornar. Raquel e Cl\u00e1udia levam Rubinho para o hospital.<br \/>\n<figure id=\"attachment_75541\" aria-describedby=\"caption-attachment-75541\" style=\"width: 728px\" class=\"wp-caption alignnone\"><img data-recalc-dims=\"1\" decoding=\"async\" src=\"https:\/\/i0.wp.com\/www.tvnovelas.com.br\/tvnews\/wp-content\/uploads\/2025\/04\/10962.jpg?resize=728%2C409&#038;ssl=1\" alt=\"Foto em Vale Tudo na semana 21 a 26\/4\" title=\"(FotO: TV Globo\/Vale Tudo)\" width=\"728\" height=\"409\" class=\"size-full wp-image-75541\" \/><figcaption id=\"caption-attachment-75541\" class=\"wp-caption-text\">Vale Tudo na semana 21 a 26\/4&#8230;<\/figcaption><\/figure><br \/>\n\u00a0<\/p>\n<h2 style=\"color: #543A14;\">Resumo de ter\u00e7a-feira, 22 de abril<\/h2>\n<p>C\u00e9sar pede uma carona a Marcondes para o Rio. Heleninha fica aliviada ao saber que Tiago est\u00e1 com Cec\u00edlia e La\u00eds. Alde\u00edde conta a Ivan sobre Rubinho. Renato fica arrasado ao saber de Rubinho. Tiago se nega a contar para Heleninha o que o fez fugir. F\u00e1tima pede ajuda a C\u00e9sar para conquistar Afonso, a fim de que ambos possam usufruir do dinheiro da fam\u00edlia Roitman. Marco Aur\u00e9lio e Freitas descobrem que a mala com os d\u00f3lares desapareceu.<br \/>\n\u00a0<\/p>\n<h2 style=\"color: #543A14;\">Resumo de quarta-feira, 23 de abril<\/h2>\n<p>C\u00e9sar e Maria de F\u00e1tima tentam abrir a mala que o modelo roubou quando desembarcou do jatinho. Marco Aur\u00e9lio desconfia de Marcondes. Consuelo avisa a Ivan que Marco Aur\u00e9lio n\u00e3o olhou seu projeto para a compra de aeronaves chinesas. Helena diz a Ana que se sente incapaz de ajudar Tiago. Raquel desconfia de Gilda. Daniela conta a Consu\u00ealo que desconfia de que Gilda esteja roubando Raquel. Renato procura Raquel para oferecer ajuda. Marcondes conta a Marco Aur\u00e9lio que deu carona a C\u00e9sar e que talvez ele tenha trocado a mala por engano. Maria de F\u00e1tima e C\u00e9sar se surpreendem com o conte\u00fado da mala roubada.<br \/>\n<figure id=\"attachment_75541\" aria-describedby=\"caption-attachment-75541\" style=\"width: 728px\" class=\"wp-caption alignnone\"><img data-recalc-dims=\"1\" decoding=\"async\" src=\"https:\/\/i0.wp.com\/www.tvnovelas.com.br\/tvnews\/wp-content\/uploads\/2025\/04\/10962a.jpg?resize=728%2C409&#038;ssl=1\" alt=\"Foto em Vale Tudo na semana 21 a 26\/4\" title=\"(FotO: TV Globo\/Vale Tudo)\" width=\"728\" height=\"409\" class=\"size-full wp-image-75541\" \/><figcaption id=\"caption-attachment-75541\" class=\"wp-caption-text\">Vale Tudo na semana 21 a 26\/4&#8230;<\/figcaption><\/figure><br \/>\n\u00a0<\/p>\n<h2 style=\"color: #543A14;\">Resumo de quinta-feira, 24 de abril<\/h2>\n<p>Maria de F\u00e1tima e C\u00e9sar acreditam que a mala era de Rubinho. Daniela ajuda Raquel a arrumar os pertences de Rubinho e encontram sua mala. Marco Aur\u00e9lio demite Marcondes e manda Freitas procurar C\u00e9sar. Maria de F\u00e1tima se aproxima de Afonso. Renato sugere que Leila concorra ao cargo de secret\u00e1ria em sua ag\u00eancia. Marco Aur\u00e9lio contrata o detetive Gerv\u00e1sio para encontrar C\u00e9sar. Maria de F\u00e1tima e C\u00e9sar fazem planos para separar Afonso e Solange. Raquel e Ivan conversam sobre Gilda. Tiago aceita o pedido de desculpas de Marco Aur\u00e9lio e avisa ao pai que ficar\u00e1 na casa de Celina. Luciano avisa a Ivan que seu projeto foi aprovado. Daniela avisa a Raquel que Maria de F\u00e1tima est\u00e1 na casa de Rubinho. Raquel vai ao encontro de Maria de F\u00e1tima.<br \/>\n\u00a0<\/p>\n<h2 style=\"color: #543A14;\">Resumo de sexta-feira, 25 de abril<\/h2>\n<p>Maria de F\u00e1tima rejeita o dinheiro do seguro de vida e a mala de Rubinho. Gilda confessa que roubou Raquel e agradece pela segunda chance. Marco Aur\u00e9lio se apossa da ideia de Ivan sobre a compra das aeronaves chinesas. Gerv\u00e1sio invade a casa de C\u00e9sar e o amea\u00e7a. Solange faz as pazes com Afonso e promete viajar com ele. Gerv\u00e1sio avisa a Marco Aur\u00e9lio que tem certeza de que C\u00e9sar n\u00e3o sabe nada sobre os d\u00f3lares. Maria de F\u00e1tima, com a ajuda de C\u00e9sar, Olavo e um hacker, acessa o computador de Solange. Solange fica desesperada quando percebe que o arquivo do projeto que fez sumiu. Raquel promete a Ivan que resolver\u00e1 o despacho da mala de Rubinho.<br \/>\n<figure id=\"attachment_75541\" aria-describedby=\"caption-attachment-75541\" style=\"width: 728px\" class=\"wp-caption alignnone\"><img data-recalc-dims=\"1\" decoding=\"async\" src=\"https:\/\/i0.wp.com\/www.tvnovelas.com.br\/tvnews\/wp-content\/uploads\/2025\/04\/10962c.jpg?resize=728%2C409&#038;ssl=1\" alt=\"Foto em Vale Tudo na semana 21 a 26\/4\" title=\"(FotO: TV Globo\/Vale Tudo)\" width=\"728\" height=\"409\" class=\"size-full wp-image-75541\" \/><figcaption id=\"caption-attachment-75541\" class=\"wp-caption-text\">Vale Tudo na semana 21 a 26\/4&#8230;<\/figcaption><\/figure><br \/>\n\u00a0<\/p>\n<h2 style=\"color: #543A14;\">Resumo de s\u00e1bado,26 de abril<\/h2>\n<p>Afonso briga com Solange depois que ela o avisa que n\u00e3o poder\u00e1 viajar. Marco Aur\u00e9lio promete a Tiago que regularizar\u00e1 sua guarda com Heleninha. Maria de F\u00e1tima sabota Solange. Poliana faz uma proposta a Raquel, e Ivan a incentiva. Poliana avisa a Raquel que eles ganharam a concorr\u00eancia do restaurante. Raquel alerta Ivan sobre um acidente com uma aeronave da TCA. Marco Aur\u00e9lio teme a repercuss\u00e3o da not\u00edcia do acidente. Heleninha fica apavorada ao ver as malas de sua m\u00e3e na casa de Celina. Odete avisa a Celina que em breve chegar\u00e1 ao Brasil.<br \/>\n<!--FIM DO POST--><\/p>\n<div class=\"fb-comments\" data-width=\"100%\" data-order-by=\"reverse_time\" data-numposts=\"5\"><\/div>\n<p><h2>Mais:<\/h2>\r\n<p><a href=\"https:\/\/tvnovelas.com.br\/novelas\/resumos-de-vale-tudo\/\" target=\"_blank\" rel=\"noopener\">Confira os resumos da semana de Vale Tudo'<\/a><\/p>\r\n<p><a href=\"https:\/\/wp.me\/pfspD2-U7\" target=\"_blank\" rel=\"noopener\">Vale Tudo: Conflitos de princ\u00edpios e valores (Sinopse)<\/a>\r\n<p><a href=\"https:\/\/wp.me\/pfspD2-oI\" target=\"_blank\" rel=\"noopener\">Vale Tudo: Invers\u00e3o de valores no final dos anos 1980<\/a> (Sinopse)<\/p>\r\n<p><a href=\"https:\/\/pt.wikipedia.org\/wiki\/Vale_Tudo_(2025)\" target=\"_blank\" rel=\"noopener\">Sobre Vale Tudo (2025) na Wikipedia<\/a><\/p>\r\n<p><a href=\"https:\/\/tvnovelas.com.br\/novelas\/\" target=\"_blank\" rel=\"noopener\">Resumos de todas as novelas<\/a><\/p>\r\n<p><strong style=\"font-size: 120%;\">\u00daltimas not\u00edcias de 'Vale Tudo':<\/strong><\/p>\r\n<div class=\"pt-cv-wrapper\"><h2 class='pt-cv-heading-container heading2' data-blockid='d7366c1g0j'><span class='pt-cv-heading'> \u00daltimas da novela <\/span><\/h2><div class=\"pt-cv-view pt-cv-grid pt-cv-colsys\" id=\"pt-cv-view-d7366c1g0j\"><div data-id=\"pt-cv-page-1\" class=\"pt-cv-page\" data-cvc=\"1\"><div class=\"col-md-12 col-sm-12 col-xs-12 pt-cv-content-item pt-cv-1-col\" ><div class='pt-cv-ifield'><h4 class=\"pt-cv-title\"><a href=\"https:\/\/www.tvnovelas.com.br\/tvnews\/vale-tudo-casamento-de-raquel-e-ivan-entre-os-finais\/\" class=\"_self\" target=\"_self\" >Vale Tudo: Casamento de Raquel e Ivan entre os finais<\/a><\/h4><\/div><\/div>\n<div class=\"col-md-12 col-sm-12 col-xs-12 pt-cv-content-item pt-cv-1-col\" ><div class='pt-cv-ifield'><h4 class=\"pt-cv-title\"><a href=\"https:\/\/www.tvnovelas.com.br\/tvnews\/vale-tudo-fatima-decide-entregar-o-filho-para-a-adocao\/\" class=\"_self\" target=\"_self\" >Vale Tudo: F\u00e1tima decide entregar o filho para a ado\u00e7\u00e3o<\/a><\/h4><\/div><\/div>\n<div class=\"col-md-12 col-sm-12 col-xs-12 pt-cv-content-item pt-cv-1-col\" ><div class='pt-cv-ifield'><h4 class=\"pt-cv-title\"><a href=\"https:\/\/www.tvnovelas.com.br\/tvnews\/vale-tudo-cesar-e-fatima-se-reencontram\/\" class=\"_self\" target=\"_self\" >Vale Tudo: C\u00e9sar e F\u00e1tima se reencontram<\/a><\/h4><\/div><\/div><\/div><\/div><\/div>\r\n<p><strong style=\"font-size: 120%;\">\u00daltimas not\u00edcias deste site:<\/strong><\/p>\r\n<div class=\"pt-cv-wrapper\"><div class=\"pt-cv-view pt-cv-grid pt-cv-colsys\" id=\"pt-cv-view-90991035b3\"><div data-id=\"pt-cv-page-1\" class=\"pt-cv-page\" data-cvc=\"1\"><div class=\"col-md-12 col-sm-12 col-xs-12 pt-cv-content-item pt-cv-1-col\" ><div class='pt-cv-ifield'><h4 class=\"pt-cv-title\"><a href=\"https:\/\/www.tvnovelas.com.br\/tvnews\/coracao-de-mae-irmak-inicia-jogo-arriscado-contra-adnan\/\" class=\"_self\" target=\"_self\" >Cora\u00e7\u00e3o de M\u00e3e: Irmak inicia jogo arriscado contra Adnan<\/a><\/h4><\/div><\/div>\n<div class=\"col-md-12 col-sm-12 col-xs-12 pt-cv-content-item pt-cv-1-col\" ><div class='pt-cv-ifield'><h4 class=\"pt-cv-title\"><a href=\"https:\/\/www.tvnovelas.com.br\/tvnews\/guerra-das-rosas-omer-chama-gulru-vestida-de-noiva-para-fugir\/\" class=\"_self\" target=\"_self\" >Guerra das Rosas: Omer chama Gulru vestida de noiva para fugir<\/a><\/h4><\/div><\/div>\n<div class=\"col-md-12 col-sm-12 col-xs-12 pt-cv-content-item pt-cv-1-col\" ><div class='pt-cv-ifield'><h4 class=\"pt-cv-title\"><a href=\"https:\/\/www.tvnovelas.com.br\/tvnews\/coracao-de-mae-reha-sai-para-jantar-com-selvi\/\" class=\"_self\" target=\"_self\" >Cora\u00e7\u00e3o de M\u00e3e: Reha sai para jantar com Selvi<\/a><\/h4><\/div><\/div>\n<div class=\"col-md-12 col-sm-12 col-xs-12 pt-cv-content-item pt-cv-1-col\" ><div class='pt-cv-ifield'><h4 class=\"pt-cv-title\"><a href=\"https:\/\/www.tvnovelas.com.br\/tvnews\/coracao-acelerado-zila-se-preocupa-com-sua-situacao-apos-separacao\/\" class=\"_self\" target=\"_self\" >Cora\u00e7\u00e3o Acelerado: Zil\u00e1 se preocupa com sua situa\u00e7\u00e3o ap\u00f3s separa\u00e7\u00e3o<\/a><\/h4><\/div><\/div>\n<div class=\"col-md-12 col-sm-12 col-xs-12 pt-cv-content-item pt-cv-1-col\" ><div class='pt-cv-ifield'><h4 class=\"pt-cv-title\"><a href=\"https:\/\/www.tvnovelas.com.br\/tvnews\/a-nobreza-do-amor-tonho-nao-se-curva-diante-de-mirinho\/\" class=\"_self\" target=\"_self\" >A Nobreza do Amor: Tonho n\u00e3o se curva diante de Mirinho<\/a><\/h4><\/div><\/div>\n<div class=\"col-md-12 col-sm-12 col-xs-12 pt-cv-content-item pt-cv-1-col\" ><div class='pt-cv-ifield'><h4 class=\"pt-cv-title\"><a href=\"https:\/\/www.tvnovelas.com.br\/tvnews\/tres-gracas-arminda-surta-ao-confirmar-que-ferette-e-pai-de-raul\/\" class=\"_self\" target=\"_self\" >Tr\u00eas Gra\u00e7as:  Arminda surta ao confirmar que Ferette \u00e9 pai de Raul<\/a><\/h4><\/div><\/div>\n<div class=\"col-md-12 col-sm-12 col-xs-12 pt-cv-content-item pt-cv-1-col\" ><div class='pt-cv-ifield'><h4 class=\"pt-cv-title\"><a href=\"https:\/\/www.tvnovelas.com.br\/tvnews\/coracao-de-mae-atilla-confronta-hasan-e-exige-o-divorcio-de-lale\/\" class=\"_self\" target=\"_self\" >Cora\u00e7\u00e3o de M\u00e3e: Atilla confronta Hasan e exige o div\u00f3rcio de Lale<\/a><\/h4><\/div><\/div>\n<div class=\"col-md-12 col-sm-12 col-xs-12 pt-cv-content-item pt-cv-1-col\" ><div class='pt-cv-ifield'><h4 class=\"pt-cv-title\"><a href=\"https:\/\/www.tvnovelas.com.br\/tvnews\/guerra-das-rosas-gulfem-coloca-gulru-contra-a-parede\/\" class=\"_self\" target=\"_self\" >Guerra das Rosas: Gulfem coloca Gulru contra a parede<\/a><\/h4><\/div><\/div>\n<div class=\"col-md-12 col-sm-12 col-xs-12 pt-cv-content-item pt-cv-1-col\" ><div class='pt-cv-ifield'><h4 class=\"pt-cv-title\"><a href=\"https:\/\/www.tvnovelas.com.br\/tvnews\/coracao-de-mae-atilla-diz-a-lale-que-quer-o-divorcio\/\" class=\"_self\" target=\"_self\" >Cora\u00e7\u00e3o de M\u00e3e: Atilla diz a Lale que quer o div\u00f3rcio<\/a><\/h4><\/div><\/div>\n<div class=\"col-md-12 col-sm-12 col-xs-12 pt-cv-content-item pt-cv-1-col\" ><div class='pt-cv-ifield'><h4 class=\"pt-cv-title\"><a href=\"https:\/\/www.tvnovelas.com.br\/tvnews\/a-nobreza-do-amor-mirinho-garante-noivado-com-virginia-para-atrair-sogro-a-negocio\/\" class=\"_self\" target=\"_self\" >A Nobreza do Amor: Mirinho garante noivado com Virg\u00ednia para atrair sogro a neg\u00f3cio<\/a><\/h4><\/div><\/div><\/div><\/div><\/div>\r\n<h3>Confira tamb\u00e9m<\/h3>\r\n<p><a href=\"https:\/\/www.tvnovelas.com.br\/filmes\/\" target=\"_blank\" rel=\"noopener noreferrer\"><strong>Programa\u00e7\u00e3o de filmes na TV aberta<\/strong><\/a><\/p>\r\n<p><a href=\"https:\/\/caetenews.com.br\/semana\/filmes-da-globo-na-sessao-da-tarde-desta-semana\/\" target=\"_blank\" rel=\"noopener\"><strong>Confira os filmes da semana na Sess\u00e3o da Tarde<\/strong><\/a><\/p>\r\n<p><a href=\"https:\/\/www.tvnovelas.com.br\/novelas\/\"><strong>Confira os resumos da semana de todas novelas<\/strong><\/a><\/p><br \/>\n<a href=\"https:\/\/tvnovelas.com.br\/filmes\/filmes-na-tv-segunda\/\" target=\"_blank\" rel=\"noopener\">Confira a Progrma\u00e7\u00e3o de Filmes na TV aberta<\/a><br \/>\n<a href=\"https:\/\/www.tvnovelas.com.br\/tvnews\/\" target=\"_blank\" rel=\"noopener\">\u00daltimas not\u00edcias das novelas<\/a><\/p>\n","protected":false},"excerpt":{"rendered":"<p>Vale Tudo na semana 21 a 26\/4&#8230; Nos pr\u00f3ximos cap\u00edtulos de Vale Tudo, F\u00e1tima pede ajuda a C\u00e9sar para conquistar Afonso; Marco Aur\u00e9lio e Freitas&#8230;<\/p>\n","protected":false},"author":1,"featured_media":75541,"comment_status":"closed","ping_status":"closed","sticky":false,"template":"","format":"standard","meta":{"_uf_show_specific_survey":0,"_uf_disable_surveys":false,"_jetpack_memberships_contains_paid_content":false,"footnotes":"","_wp_rev_ctl_limit":""},"categories":[871],"tags":[5,64,801],"class_list":["post-75521","post","type-post","status-publish","format-standard","has-post-thumbnail","hentry","category-vale-tudo","tag-globo","tag-novelas","tag-vale-tudo","wpcat-871-id"],"aioseo_notices":[],"jetpack_featured_media_url":"https:\/\/i0.wp.com\/www.tvnovelas.com.br\/tvnews\/wp-content\/uploads\/2025\/04\/10962d.jpg?fit=728%2C409&ssl=1","jetpack_shortlink":"https:\/\/wp.me\/pdP2BO-jE5","jetpack_sharing_enabled":true,"_links":{"self":[{"href":"https:\/\/www.tvnovelas.com.br\/tvnews\/wp-json\/wp\/v2\/posts\/75521","targetHints":{"allow":["GET"]}}],"collection":[{"href":"https:\/\/www.tvnovelas.com.br\/tvnews\/wp-json\/wp\/v2\/posts"}],"about":[{"href":"https:\/\/www.tvnovelas.com.br\/tvnews\/wp-json\/wp\/v2\/types\/post"}],"author":[{"embeddable":true,"href":"https:\/\/www.tvnovelas.com.br\/tvnews\/wp-json\/wp\/v2\/users\/1"}],"replies":[{"embeddable":true,"href":"https:\/\/www.tvnovelas.com.br\/tvnews\/wp-json\/wp\/v2\/comments?post=75521"}],"version-history":[{"count":5,"href":"https:\/\/www.tvnovelas.com.br\/tvnews\/wp-json\/wp\/v2\/posts\/75521\/revisions"}],"predecessor-version":[{"id":75547,"href":"https:\/\/www.tvnovelas.com.br\/tvnews\/wp-json\/wp\/v2\/posts\/75521\/revisions\/75547"}],"wp:featuredmedia":[{"embeddable":true,"href":"https:\/\/www.tvnovelas.com.br\/tvnews\/wp-json\/wp\/v2\/media\/75541"}],"wp:attachment":[{"href":"https:\/\/www.tvnovelas.com.br\/tvnews\/wp-json\/wp\/v2\/media?parent=75521"}],"wp:term":[{"taxonomy":"category","embeddable":true,"href":"https:\/\/www.tvnovelas.com.br\/tvnews\/wp-json\/wp\/v2\/categories?post=75521"},{"taxonomy":"post_tag","embeddable":true,"href":"https:\/\/www.tvnovelas.com.br\/tvnews\/wp-json\/wp\/v2\/tags?post=75521"}],"curies":[{"name":"wp","href":"https:\/\/api.w.org\/{rel}","templated":true}]}}