{"id":75550,"date":"2025-04-19T14:37:58","date_gmt":"2025-04-19T17:37:58","guid":{"rendered":"https:\/\/www.tvnovelas.com.br\/tvnews\/?p=75550"},"modified":"2025-04-19T14:37:58","modified_gmt":"2025-04-19T17:37:58","slug":"sangue-oculto-vanda-acorda-mas-nao-se-lembra-de-benedita","status":"publish","type":"post","link":"https:\/\/www.tvnovelas.com.br\/tvnews\/sangue-oculto-vanda-acorda-mas-nao-se-lembra-de-benedita\/","title":{"rendered":"Sangue Oculto: Vanda acorda, mas n\u00e3o se lembra de Benedita"},"content":{"rendered":"<figure id=\"attachment_75551\" aria-describedby=\"caption-attachment-75551\" style=\"width: 728px\" class=\"wp-caption alignnone\"><img data-recalc-dims=\"1\" decoding=\"async\" class=\"wp-image-75551 size-full\" title=\"(Foto: TV Brasil\/Sangue Oculto)\" src=\"https:\/\/i0.wp.com\/www.tvnovelas.com.br\/tvnews\/wp-content\/uploads\/2025\/04\/10964.jpg?resize=728%2C410&#038;ssl=1\" alt=\"Foto em Sangue Oculto: Vanda acorda...\" width=\"728\" height=\"410\" srcset=\"https:\/\/i0.wp.com\/www.tvnovelas.com.br\/tvnews\/wp-content\/uploads\/2025\/04\/10964.jpg?w=728&amp;ssl=1 728w, https:\/\/i0.wp.com\/www.tvnovelas.com.br\/tvnews\/wp-content\/uploads\/2025\/04\/10964.jpg?resize=250%2C141&amp;ssl=1 250w\" sizes=\"(max-width: 728px) 100vw, 728px\" \/><figcaption id=\"caption-attachment-75551\" class=\"wp-caption-text\">Sangue Oculto: Vanda acorda&#8230;<\/figcaption><\/figure>\n<p>No cap\u00edtulo de Sangue Oculto deste s\u00e1bado, dia 19, Vanda acorda e n\u00e3o consegue se lembrar de Benedita. Teresa acredita que a perda de mem\u00f3ria de Vanda n\u00e3o seja verdadeira.<\/p>\n<h2>Amn\u00e9sia<\/h2>\n<p>No hospital, C\u00e9sar conta a Benedita que a opera\u00e7\u00e3o de Vanda correu bem e ela parece estar a recuperar. Apesar de tudo, teve sorte. Benedita sente que Vanda lhe aperta a m\u00e3o e come\u00e7a a cham\u00e1-la. Vanda abre os olhos e n\u00e3o reconhece a filha.<\/p>\n<p>Benedita conta a Vanda que o neurologista avisou que a mem\u00f3ria pode demorar a voltar. Vanda est\u00e1 muito confusa e diz-lhe que quer falar com o marido, conta-lhe que sempre tentaram ter filhos, mas nunca conseguiram. Benedita diz-lhe que ela foi adotada, mas Vanda fica cada vez mais nervosa e chora, desesperada.<\/p>\n<p>Confira o resumo do cap\u00edtulo de hoje:<\/p>\n<h2 style=\"color: #328e6e;\">Resumo de s\u00e1bado, 19 de abril<\/h2>\n<p>N\u00e9lson \u00e9 autorizado a voltar ao trabalho. Benedita lamenta o estado de sa\u00fade de Vanda. Tiago acredita que J\u00falia possa ter mentido sobre o que ocorreu entre eles. Patr\u00edcia oferece ajuda ao pai. N\u00e9lson conversa com Olavo e Teresa sobre J\u00falia. Vanda acorda e n\u00e3o consegue se lembrar de Benedita. Teresa acredita que a perda de mem\u00f3ria de Vanda n\u00e3o seja verdadeira.<br \/>\n<!--end--><br \/>\n<i>Os resumos de &#8216;Sangue Oculto&#8217; est\u00e3o sujeitos a mudan\u00e7as em fun\u00e7\u00e3o da edi\u00e7\u00e3o das novelas.<\/i><br \/>\n<strong>Coment\u00e1rios em Resumos de Sangue Oculto<\/strong><\/p>\n<div class=\"fb-comments\" data-href=\"https:\/\/tvnovelas.com.br\/novelas\/resumos-de-sangue-oculto\/\" data-width=\"100%\" data-order_by=\"reverse_time\" data-numposts=\"3\"><\/div>\n<h2>Saiba mais<\/h2>\n<p><a href=\"https:\/\/wp.me\/pfspD2-TZ\" target=\"_blank\" rel=\"noopener\">Sangue Oculto: G\u00eameas que nunca se viram<\/a><br \/>\n<a href=\"https:\/\/pt.wikipedia.org\/wiki\/Sangue_Oculto\" target=\"_blank\" rel=\"noopener\">Sobre Sangue Oculto na Wikipedia<\/a><br \/>\n<a href=\"https:\/\/www.facebook.com\/tevenovelas\/\">\u00daltimas not\u00edcias do TV Novelas no Facebook<\/a><br \/>\n<a href=\"https:\/\/tvnovelas.com.br\/novelas\/\">Resumos de todas as novelas<\/a><\/p>\n<h2>\u00daltimas not\u00edcias das novelas<\/h2>\n<p>[wp-rss-aggregator feeds=&#8221;todas&#8221;]<\/p>\n","protected":false},"excerpt":{"rendered":"<p>Sangue Oculto: Vanda acorda&#8230;  No cap\u00edtulo de Sangue Oculto deste s\u00e1bado, dia 19, Vanda acorda e n\u00e3o consegue se lembrar de Benedita. Teresa acredita&#8230;<\/p>\n","protected":false},"author":1,"featured_media":75551,"comment_status":"closed","ping_status":"closed","sticky":false,"template":"","format":"standard","meta":{"_uf_show_specific_survey":0,"_uf_disable_surveys":false,"_jetpack_memberships_contains_paid_content":false,"footnotes":"","_wp_rev_ctl_limit":""},"categories":[351],"tags":[64,870,255],"class_list":["post-75550","post","type-post","status-publish","format-standard","has-post-thumbnail","hentry","category-tv-brasil","tag-novelas","tag-sangue-oculto","tag-tv-brasil","wpcat-351-id"],"aioseo_notices":[],"jetpack_featured_media_url":"https:\/\/i0.wp.com\/www.tvnovelas.com.br\/tvnews\/wp-content\/uploads\/2025\/04\/10964.jpg?fit=728%2C410&ssl=1","jetpack_shortlink":"https:\/\/wp.me\/pdP2BO-jEy","jetpack_sharing_enabled":true,"_links":{"self":[{"href":"https:\/\/www.tvnovelas.com.br\/tvnews\/wp-json\/wp\/v2\/posts\/75550","targetHints":{"allow":["GET"]}}],"collection":[{"href":"https:\/\/www.tvnovelas.com.br\/tvnews\/wp-json\/wp\/v2\/posts"}],"about":[{"href":"https:\/\/www.tvnovelas.com.br\/tvnews\/wp-json\/wp\/v2\/types\/post"}],"author":[{"embeddable":true,"href":"https:\/\/www.tvnovelas.com.br\/tvnews\/wp-json\/wp\/v2\/users\/1"}],"replies":[{"embeddable":true,"href":"https:\/\/www.tvnovelas.com.br\/tvnews\/wp-json\/wp\/v2\/comments?post=75550"}],"version-history":[{"count":2,"href":"https:\/\/www.tvnovelas.com.br\/tvnews\/wp-json\/wp\/v2\/posts\/75550\/revisions"}],"predecessor-version":[{"id":75553,"href":"https:\/\/www.tvnovelas.com.br\/tvnews\/wp-json\/wp\/v2\/posts\/75550\/revisions\/75553"}],"wp:featuredmedia":[{"embeddable":true,"href":"https:\/\/www.tvnovelas.com.br\/tvnews\/wp-json\/wp\/v2\/media\/75551"}],"wp:attachment":[{"href":"https:\/\/www.tvnovelas.com.br\/tvnews\/wp-json\/wp\/v2\/media?parent=75550"}],"wp:term":[{"taxonomy":"category","embeddable":true,"href":"https:\/\/www.tvnovelas.com.br\/tvnews\/wp-json\/wp\/v2\/categories?post=75550"},{"taxonomy":"post_tag","embeddable":true,"href":"https:\/\/www.tvnovelas.com.br\/tvnews\/wp-json\/wp\/v2\/tags?post=75550"}],"curies":[{"name":"wp","href":"https:\/\/api.w.org\/{rel}","templated":true}]}}