{"id":75655,"date":"2025-04-23T11:35:54","date_gmt":"2025-04-23T14:35:54","guid":{"rendered":"https:\/\/www.tvnovelas.com.br\/tvnews\/?p=75655"},"modified":"2025-04-23T11:35:54","modified_gmt":"2025-04-23T14:35:54","slug":"forca-de-mulher-piril-fica-abalada-com-a-morte-de-suat","status":"publish","type":"post","link":"https:\/\/www.tvnovelas.com.br\/tvnews\/forca-de-mulher-piril-fica-abalada-com-a-morte-de-suat\/","title":{"rendered":"For\u00e7a de Mulher: Piril fica abalada com a morte de Suat"},"content":{"rendered":"<figure id=\"attachment_75656\" aria-describedby=\"caption-attachment-75656\" style=\"width: 756px\" class=\"wp-caption alignnone\"><img data-recalc-dims=\"1\" decoding=\"async\" class=\"wp-image-75656 size-full\" title=\"(Foto: Record TV\/For\u00e7a de Mulher)\" src=\"https:\/\/i0.wp.com\/www.tvnovelas.com.br\/tvnews\/wp-content\/uploads\/2025\/04\/10988.jpg?resize=756%2C410&#038;ssl=1\" alt=\"Foto em For\u00e7a de Mulher: Piril fica abalada\" width=\"756\" height=\"410\" srcset=\"https:\/\/i0.wp.com\/www.tvnovelas.com.br\/tvnews\/wp-content\/uploads\/2025\/04\/10988.jpg?w=756&amp;ssl=1 756w, https:\/\/i0.wp.com\/www.tvnovelas.com.br\/tvnews\/wp-content\/uploads\/2025\/04\/10988.jpg?resize=250%2C136&amp;ssl=1 250w\" sizes=\"(max-width: 756px) 100vw, 756px\" \/><figcaption id=\"caption-attachment-75656\" class=\"wp-caption-text\">For\u00e7a de Mulher: Piril fica abalada&#8230;<\/figcaption><\/figure>\n<p>Na novela For\u00e7a de Mulher, nesta quarta-feira, 23 de abril, as emo\u00e7\u00f5es continuam intensas e os personagens enfrentam momentos dram\u00e1ticos. Ap\u00f3s o grave acidente, Arif fica devastado ao ver Bahar t\u00e3o ferida. Enquanto isso, Piril recebe a not\u00edcia chocante da morte de Suat, deixando-a abalada.<\/p>\n<p>O desespero toma conta de Ceyda ao perceber o desaparecimento de Arda, e ela sai pelas ruas na tentativa de encontrar o menino. Enver, ao saber do acidente de sua esposa, sofre um mal s\u00fabito e precisa ser levado ao hospital, onde Jale tenta acalm\u00e1-lo. Em meio a isso, Sirin e Piril protagonizam uma nova briga, desta vez por conta das fotos com Sarp.<\/p>\n<p>Enver passa mal ao receber uma liga\u00e7\u00e3o do hospital informando sobre o acidente com esposa. No hospital, a m\u00e9dica Jale faz contato com Ceyda e Sirin para atualizar sobre a situa\u00e7\u00e3o.<\/p>\n<p>Enquanto todos procuram por Arda, o garoto, assustado, se esconde na carroceria de um caminh\u00e3o, aumentando ainda mais a tens\u00e3o do cap\u00edtulo.<\/p>\n<h2 style=\"color: #543a14;\">Resumo de quarta-feira, 23 de abril<\/h2>\n<p>Ap\u00f3s o acidente, Arif fica em choque ao ver que Bahar est\u00e1 muito ferida. Piril \u00e9 avisada pela pol\u00edcia que Suat est\u00e1 morto. Ceyda entra em desespero ao saber do sumi\u00e7o de Arda e sai para correndo para encontrar o pequeno. Enver passa mal ao receber uma liga\u00e7\u00e3o do hospital informando sobre o acidente com esposa. Ap\u00f3s ser questionada por Emre sobre as fotos com Sarp, Sirin vai at\u00e9 a casa de Piril e as duas discutem. Jale v\u00ea Enver chegando na emerg\u00eancia com ataque card\u00edaco e tenta acalm\u00e1-lo. Na sequ\u00eancia a m\u00e9dica liga para Ceyda e Sirin para falar sobre o acidente. Perdido, o pequeno Arda entra na carreta de um caminh\u00e3o e se esconde no meio da carga.<\/p>\n<p><!--FIM DO POST--><\/p>\n<div class=\"fb-comments\" data-width=\"100%\" data-order-by=\"reverse_time\" data-numposts=\"5\"><\/div>\n<h2>Saiba mais:<\/h2>\n<p><a href=\"https:\/\/tvnovelas.com.br\/novelas\/resumos-de-forca-de-mulher\/\" target=\"_blank\" rel=\"noopener\">Resumos da semana de For\u00e7a de Mulher<\/a><br \/>\n<a href=\"https:\/\/tvnovelas.com.br\/page2\/arquivo\/forca-de-mulher-as-lutas-de-bahar\/\" target=\"_blank\" rel=\"noopener\">For\u00e7a de Mulher: As lutas de Bahar (Sinopse)<\/a><br \/>\n<a href=\"https:\/\/pt.wikipedia.org\/wiki\/Kad%C4%B1n\" target=\"_blank\" rel=\"noopener\">Sobre For\u00e7a de Mulher na Wikipedia<\/a><br \/>\n<a href=\"https:\/\/www.facebook.com\/tevenovelas\/\">\u00daltimas not\u00edcias do TV Novelas no Facebook<\/a><br \/>\n<a href=\"https:\/\/tvnovelas.com.br\/novelas\/\">Resumos de todas as novelas<\/a><\/p>\n<h2>\u00daltimas not\u00edcias das novelas<\/h2>\n<p>[wp-rss-aggregator feeds=&#8221;todas&#8221;]<\/p>\n","protected":false},"excerpt":{"rendered":"<p>For\u00e7a de Mulher: Piril fica abalada&#8230; Na novela For\u00e7a de Mulher, nesta quarta-feira, 23 de abril, as emo\u00e7\u00f5es continuam intensas e os personagens enfrentam momentos dram\u00e1ticos&#8230;<\/p>\n","protected":false},"author":1,"featured_media":75656,"comment_status":"closed","ping_status":"closed","sticky":false,"template":"","format":"standard","meta":{"_uf_show_specific_survey":0,"_uf_disable_surveys":false,"_jetpack_memberships_contains_paid_content":false,"footnotes":"","_wp_rev_ctl_limit":""},"categories":[803],"tags":[805,64,14],"class_list":["post-75655","post","type-post","status-publish","format-standard","has-post-thumbnail","hentry","category-forca-de-mulher","tag-forca-de-mulher","tag-novelas","tag-record","wpcat-803-id"],"aioseo_notices":[],"jetpack_featured_media_url":"https:\/\/i0.wp.com\/www.tvnovelas.com.br\/tvnews\/wp-content\/uploads\/2025\/04\/10988.jpg?fit=756%2C410&ssl=1","jetpack_shortlink":"https:\/\/wp.me\/pdP2BO-jGf","jetpack_sharing_enabled":true,"_links":{"self":[{"href":"https:\/\/www.tvnovelas.com.br\/tvnews\/wp-json\/wp\/v2\/posts\/75655","targetHints":{"allow":["GET"]}}],"collection":[{"href":"https:\/\/www.tvnovelas.com.br\/tvnews\/wp-json\/wp\/v2\/posts"}],"about":[{"href":"https:\/\/www.tvnovelas.com.br\/tvnews\/wp-json\/wp\/v2\/types\/post"}],"author":[{"embeddable":true,"href":"https:\/\/www.tvnovelas.com.br\/tvnews\/wp-json\/wp\/v2\/users\/1"}],"replies":[{"embeddable":true,"href":"https:\/\/www.tvnovelas.com.br\/tvnews\/wp-json\/wp\/v2\/comments?post=75655"}],"version-history":[{"count":1,"href":"https:\/\/www.tvnovelas.com.br\/tvnews\/wp-json\/wp\/v2\/posts\/75655\/revisions"}],"predecessor-version":[{"id":75657,"href":"https:\/\/www.tvnovelas.com.br\/tvnews\/wp-json\/wp\/v2\/posts\/75655\/revisions\/75657"}],"wp:featuredmedia":[{"embeddable":true,"href":"https:\/\/www.tvnovelas.com.br\/tvnews\/wp-json\/wp\/v2\/media\/75656"}],"wp:attachment":[{"href":"https:\/\/www.tvnovelas.com.br\/tvnews\/wp-json\/wp\/v2\/media?parent=75655"}],"wp:term":[{"taxonomy":"category","embeddable":true,"href":"https:\/\/www.tvnovelas.com.br\/tvnews\/wp-json\/wp\/v2\/categories?post=75655"},{"taxonomy":"post_tag","embeddable":true,"href":"https:\/\/www.tvnovelas.com.br\/tvnews\/wp-json\/wp\/v2\/tags?post=75655"}],"curies":[{"name":"wp","href":"https:\/\/api.w.org\/{rel}","templated":true}]}}