{"id":75768,"date":"2025-04-26T10:55:44","date_gmt":"2025-04-26T13:55:44","guid":{"rendered":"https:\/\/www.tvnovelas.com.br\/tvnews\/?p=75768"},"modified":"2025-04-26T16:40:33","modified_gmt":"2025-04-26T19:40:33","slug":"o-que-se-passa-em-garota-do-momento-na-semana-28-4-a-03-5","status":"publish","type":"post","link":"https:\/\/www.tvnovelas.com.br\/tvnews\/o-que-se-passa-em-garota-do-momento-na-semana-28-4-a-03-5\/","title":{"rendered":"O que se passa em Garota do Momento na semana 28\/4 a 03\/5"},"content":{"rendered":"<div style=\"background-color: #F5EEDC;\">\n.<br \/>\n<figure id=\"attachment_75769\" aria-describedby=\"caption-attachment-75769\" style=\"width: 728px\" class=\"wp-caption alignnone\"><img data-recalc-dims=\"1\" decoding=\"async\" src=\"https:\/\/i0.wp.com\/www.tvnovelas.com.br\/tvnews\/wp-content\/uploads\/2025\/04\/11017e.jpg?resize=728%2C409&#038;ssl=1\" alt=\"Foto em Garota do Momento na semana 28\/4 a 03\/5\" title=\"(Foto: Globo\/Garota do Momento)\" width=\"728\" height=\"409\" class=\"size-full wp-image-75769\" srcset=\"https:\/\/i0.wp.com\/www.tvnovelas.com.br\/tvnews\/wp-content\/uploads\/2025\/04\/11017e.jpg?w=728&amp;ssl=1 728w, https:\/\/i0.wp.com\/www.tvnovelas.com.br\/tvnews\/wp-content\/uploads\/2025\/04\/11017e.jpg?resize=250%2C140&amp;ssl=1 250w\" sizes=\"(max-width: 728px) 100vw, 728px\" \/><figcaption id=\"caption-attachment-75769\" class=\"wp-caption-text\">Garota do Momento na semana 28\/4 a 03\/5..<\/figcaption><\/figure><\/p>\n<blockquote><p><strong style=\"color: #205781;\">Nos pr\u00f3ximos cap\u00edtulos de Garota do Momento, <\/strong>Juliano inventa para Clarice que foi ela quem tirou a vida de Val\u00e9ria; Bia confronta Beatriz; Bas\u00edlio chantageia Maristela; Clarice constata que Juliano e Maristela podem afast\u00e1-la de Bia, a menos que a menina se case&#8230;\n<\/div>\n<h2 style=\"color: #205781;\">Resumo de segunda-feira, 28 de abril<\/h2>\n<p>Clarice revela a Juliano que descobriu toda a verdade. Beatriz recomenda que Clarice resgate seu verdadeiro documento de identidade com a ajuda de Bas\u00edlio. Maristela pressiona Juliano para resolver a situa\u00e7\u00e3o de Clarice. Anita ajuda Alfredo em sua crise de meia-idade. Raimundo comemora um novo cliente, mas teme que Beatriz n\u00e3o possa ser sua garota-propaganda.\u00a0 Topete recupera a carta e a lambreta de Guto das m\u00e3os de Rodolfo. Juliano inventa para Clarice que foi ela quem tirou a vida de Val\u00e9ria.<br \/>\n<figure id=\"attachment_75769\" aria-describedby=\"caption-attachment-75769\" style=\"width: 728px\" class=\"wp-caption alignnone\"><img data-recalc-dims=\"1\" decoding=\"async\" src=\"https:\/\/i0.wp.com\/www.tvnovelas.com.br\/tvnews\/wp-content\/uploads\/2025\/04\/11017a.jpg?resize=728%2C409&#038;ssl=1\" alt=\"Foto em Garota do Momento na semana 28\/4 a 03\/5\" title=\"(Foto: Globo\/Garota do Momento)\" width=\"728\" height=\"409\" class=\"size-full wp-image-75769\" \/><figcaption id=\"caption-attachment-75769\" class=\"wp-caption-text\">Garota do Momento na semana 28\/4 a 03\/5..<\/figcaption><\/figure>\u00a0<\/p>\n<h2 style=\"color: #205781;\">Resumo de ter\u00e7a-feira, 29 de abril<\/h2>\n<p>Juliano afirma que Clarice \u00e9 criminosa. Bia confronta Beatriz. Eug\u00eania alerta Guto sobre a descoberta de Topete. Clarice desabafa com Teresa e pede que a amiga guarde seu documento. Maristela convoca uma nova sess\u00e3o de avalia\u00e7\u00e3o de sua sa\u00fade mental. Juliano se preocupa com o afastamento de Clarice. Bas\u00edlio consegue as provas de que a Perfumaria Carioca sabotou o novo produto. Z\u00e9lia revela sua hist\u00f3ria a Clarice. Bia interrompe a reuni\u00e3o de Raimundo.<br \/>\n\u00a0<\/p>\n<h2 style=\"color: #205781;\">Resumo de quarta-feira, 30 de abril<\/h2>\n<p>Beatriz \u00e9 sincera com Fred. Z\u00e9lia e Clarice se unem contra os Alencar. Fred revela que j\u00e1 sabia da acusa\u00e7\u00e3o a Beatriz pelo roubo do colar. Beatriz leva Fred at\u00e9 o Gente Fina. Clarice conta a Beatriz e Glorinha sobre a possibilidade de ter tirado a vida de Val\u00e9ria. Clarice questiona Juliano sobre o corpo de Val\u00e9ria. S\u00e9rgio e Jacira reatam o namoro. L\u00edgia descobre uma infesta\u00e7\u00e3o de insetos na boate, e Celeste afirma que a m\u00e3e ficar\u00e1 em sua casa. Z\u00e9lia desconfia da morte de Geraldo e confronta Alcina. Clarice afirma a Juliano que queimou seu documento original. Bas\u00edlio chantageia Maristela. Z\u00e9lia confirma que Geraldo n\u00e3o morreu.<br \/>\n<figure id=\"attachment_75769\" aria-describedby=\"caption-attachment-75769\" style=\"width: 728px\" class=\"wp-caption alignnone\"><img data-recalc-dims=\"1\" decoding=\"async\" src=\"https:\/\/i0.wp.com\/www.tvnovelas.com.br\/tvnews\/wp-content\/uploads\/2025\/04\/11017b.jpg?resize=728%2C409&#038;ssl=1\" alt=\"Foto em Garota do Momento na semana 28\/4 a 03\/5\" title=\"(Foto: Globo\/Garota do Momento)\" width=\"728\" height=\"409\" class=\"size-full wp-image-75769\" \/><figcaption id=\"caption-attachment-75769\" class=\"wp-caption-text\">Garota do Momento na semana 28\/4 a 03\/5..<\/figcaption><\/figure>\u00a0<\/p>\n<h2 style=\"color: #205781;\">Resumo de quinta-feira, 1\u00ba de maio<\/h2>\n<p>Bas\u00edlio afirma que aceita que Maristela retome a presid\u00eancia da empresa, desde que n\u00e3o desfa\u00e7a o casamento entre os dois. Maristela deduz que Bas\u00edlio e Z\u00e9lia s\u00e3o comparsas. Z\u00e9lia garante a Clarice que descobrir\u00e1 o paradeiro de Geraldo. Fred sugere que as fotos da campanha de sua marca sejam feitas no Gente Fina. Raimundo e L\u00edgia discutem durante o almo\u00e7o. Z\u00e9lia confronta Pereira sobre o suposto corpo de Geraldo. Maristela revela a Juliano o motivo de manter seu casamento com Bas\u00edlio. L\u00edgia e Raimundo se beijam.\u00a0<br \/>\n\u00a0<\/p>\n<h2 style=\"color: #205781;\">Resumo de sexta-feira, 02 de maio<\/h2>\n<p>Beto insiste para se casar com Beatriz. Beto desabafa com Ulisses. Maristela confronta Z\u00e9lia. Teresa leva Clarice a uma sess\u00e3o de hipnose. Z\u00e9lia se revolta contra Bas\u00edlio. Fred aprova as fotos de Beto para sua campanha. Beto toma uma decis\u00e3o e pede o apoio de Raimundo. Anita e Jacira estreiam seu novo programa. Maristela amea\u00e7a Clarice, ap\u00f3s descobrir que foi Arlete quem costurou o vestido de noiva de Bia. Beto desfaz seu noivado com Bia. Z\u00e9lia encontra Geraldo.<br \/>\n<figure id=\"attachment_75769\" aria-describedby=\"caption-attachment-75769\" style=\"width: 728px\" class=\"wp-caption alignnone\"><img data-recalc-dims=\"1\" decoding=\"async\" src=\"https:\/\/i0.wp.com\/www.tvnovelas.com.br\/tvnews\/wp-content\/uploads\/2025\/04\/11017d.jpg?resize=728%2C409&#038;ssl=1\" alt=\"Foto em Garota do Momento na semana 28\/4 a 03\/5\" title=\"(Foto: Globo\/Garota do Momento)\" width=\"728\" height=\"409\" class=\"size-full wp-image-75769\" \/><figcaption id=\"caption-attachment-75769\" class=\"wp-caption-text\">Garota do Momento na semana 28\/4 a 03\/5..<\/figcaption><\/figure><br \/>\n\u00a0<\/p>\n<h2 style=\"color: #205781;\">Resumo de s\u00e1bado, 03 de maio<\/h2>\n<p>Z\u00e9lia exige que Geraldo revele onde est\u00e1 o corpo de Val\u00e9ria. Clarice tem uma nova lembran\u00e7a sobre o dia da morte de Val\u00e9ria, e pede ajuda a Teresa. Ronaldo e Celeste flagram L\u00edgia e Raimundo juntos. Alfredo aprova os chocolates feitos por Alfonso. Fred leva turistas para conhecer o clube Gente Fina. Clarice constata que Juliano e Maristela podem afast\u00e1-la de Bia, a menos que a menina se case. Alfredo sente ci\u00fames do sucesso de Alfonso. Beto aceita se casar com Bia.<br \/>\n<!--END--><\/p>\n<div class=\"fb-comments\" data-width=\"100%\" data-order-by=\"reverse_time\" data-numposts=\"5\"><\/div>\n<h2>\u00daltimas publica\u00e7\u00f5es de Garota do Momento<\/h2>\n<div class=\"pt-cv-wrapper\"><div class=\"pt-cv-view pt-cv-grid pt-cv-colsys\" id=\"pt-cv-view-54854578lu\"><div data-id=\"pt-cv-page-1\" class=\"pt-cv-page\" data-cvc=\"1\"><div class=\"col-md-12 col-sm-12 col-xs-12 pt-cv-content-item pt-cv-1-col\" ><div class='pt-cv-ifield'><h4 class=\"pt-cv-title\"><a href=\"https:\/\/www.tvnovelas.com.br\/tvnews\/garota-do-momento-beatriz-e-beto-se-casam\/\" class=\"_self\" target=\"_self\" >Garota do Momento: Beatriz e Beto se casam<\/a><\/h4><\/div><\/div>\n<div class=\"col-md-12 col-sm-12 col-xs-12 pt-cv-content-item pt-cv-1-col\" ><div class='pt-cv-ifield'><h4 class=\"pt-cv-title\"><a href=\"https:\/\/www.tvnovelas.com.br\/tvnews\/garota-do-momento-clarice-sequestrada-por-juliano-desespera-beatriz\/\" class=\"_self\" target=\"_self\" >Garota do Momento: Clarice sequestrada por Juliano desespera Beatriz<\/a><\/h4><\/div><\/div>\n<div class=\"col-md-12 col-sm-12 col-xs-12 pt-cv-content-item pt-cv-1-col\" ><div class='pt-cv-ifield'><h4 class=\"pt-cv-title\"><a href=\"https:\/\/www.tvnovelas.com.br\/tvnews\/garota-do-momento-clarice-cospe-na-cara-de-maristela\/\" class=\"_self\" target=\"_self\" >Garota do Momento: Clarice cospe na cara de Maristela<\/a><\/h4><\/div><\/div>\n<div class=\"col-md-12 col-sm-12 col-xs-12 pt-cv-content-item pt-cv-1-col\" ><div class='pt-cv-ifield'><h4 class=\"pt-cv-title\"><a href=\"https:\/\/www.tvnovelas.com.br\/tvnews\/garota-do-momento-ligia-emociona-ao-dedicar-nova-musica-a-raimundo\/\" class=\"_self\" target=\"_self\" >Garota do Momento: Ligia emociona ao dedicar nova m\u00fasica a Raimundo<\/a><\/h4><\/div><\/div>\n<div class=\"col-md-12 col-sm-12 col-xs-12 pt-cv-content-item pt-cv-1-col\" ><div class='pt-cv-ifield'><h4 class=\"pt-cv-title\"><a href=\"https:\/\/www.tvnovelas.com.br\/tvnews\/garota-do-momento-zelia-beatriz-e-basilio-unidos-para-desmascarar-juliano\/\" class=\"_self\" target=\"_self\" >Garota do Momento: Z\u00e9lia, Beatriz e Bas\u00edlio unidos para desmascarar Juliano<\/a><\/h4><\/div><\/div>\n<div class=\"col-md-12 col-sm-12 col-xs-12 pt-cv-content-item pt-cv-1-col\" ><div class='pt-cv-ifield'><h4 class=\"pt-cv-title\"><a href=\"https:\/\/www.tvnovelas.com.br\/tvnews\/garota-do-momento-ligia-confessa-que-ama-raimundo-e-quer-voltar\/\" class=\"_self\" target=\"_self\" >Garota do Momento: Ligia confessa que ama Raimundo e quer voltar<\/a><\/h4><\/div><\/div><\/div><\/div><\/div>\n<h2>\u00daltimas not\u00edcias das novelas<\/h2>\n<p><div class=\"pt-cv-wrapper\"><div class=\"pt-cv-view pt-cv-grid pt-cv-colsys\" id=\"pt-cv-view-90991035b3\"><div data-id=\"pt-cv-page-1\" class=\"pt-cv-page\" data-cvc=\"1\"><div class=\"col-md-12 col-sm-12 col-xs-12 pt-cv-content-item pt-cv-1-col\" ><div class='pt-cv-ifield'><h4 class=\"pt-cv-title\"><a href=\"https:\/\/www.tvnovelas.com.br\/tvnews\/coracao-acelerado-zila-se-preocupa-com-sua-situacao-apos-separacao\/\" class=\"_self\" target=\"_self\" >Cora\u00e7\u00e3o Acelerado: Zil\u00e1 se preocupa com sua situa\u00e7\u00e3o ap\u00f3s separa\u00e7\u00e3o<\/a><\/h4><\/div><\/div>\n<div class=\"col-md-12 col-sm-12 col-xs-12 pt-cv-content-item pt-cv-1-col\" ><div class='pt-cv-ifield'><h4 class=\"pt-cv-title\"><a href=\"https:\/\/www.tvnovelas.com.br\/tvnews\/a-nobreza-do-amor-tonho-nao-se-curva-diante-de-mirinho\/\" class=\"_self\" target=\"_self\" >A Nobreza do Amor: Tonho n\u00e3o se curva diante de Mirinho<\/a><\/h4><\/div><\/div>\n<div class=\"col-md-12 col-sm-12 col-xs-12 pt-cv-content-item pt-cv-1-col\" ><div class='pt-cv-ifield'><h4 class=\"pt-cv-title\"><a href=\"https:\/\/www.tvnovelas.com.br\/tvnews\/tres-gracas-arminda-surta-ao-confirmar-que-ferette-e-pai-de-raul\/\" class=\"_self\" target=\"_self\" >Tr\u00eas Gra\u00e7as:  Arminda surta ao confirmar que Ferette \u00e9 pai de Raul<\/a><\/h4><\/div><\/div>\n<div class=\"col-md-12 col-sm-12 col-xs-12 pt-cv-content-item pt-cv-1-col\" ><div class='pt-cv-ifield'><h4 class=\"pt-cv-title\"><a href=\"https:\/\/www.tvnovelas.com.br\/tvnews\/coracao-de-mae-atilla-confronta-hasan-e-exige-o-divorcio-de-lale\/\" class=\"_self\" target=\"_self\" >Cora\u00e7\u00e3o de M\u00e3e: Atilla confronta Hasan e exige o div\u00f3rcio de Lale<\/a><\/h4><\/div><\/div>\n<div class=\"col-md-12 col-sm-12 col-xs-12 pt-cv-content-item pt-cv-1-col\" ><div class='pt-cv-ifield'><h4 class=\"pt-cv-title\"><a href=\"https:\/\/www.tvnovelas.com.br\/tvnews\/guerra-das-rosas-gulfem-coloca-gulru-contra-a-parede\/\" class=\"_self\" target=\"_self\" >Guerra das Rosas: Gulfem coloca Gulru contra a parede<\/a><\/h4><\/div><\/div>\n<div class=\"col-md-12 col-sm-12 col-xs-12 pt-cv-content-item pt-cv-1-col\" ><div class='pt-cv-ifield'><h4 class=\"pt-cv-title\"><a href=\"https:\/\/www.tvnovelas.com.br\/tvnews\/coracao-de-mae-atilla-diz-a-lale-que-quer-o-divorcio\/\" class=\"_self\" target=\"_self\" >Cora\u00e7\u00e3o de M\u00e3e: Atilla diz a Lale que quer o div\u00f3rcio<\/a><\/h4><\/div><\/div>\n<div class=\"col-md-12 col-sm-12 col-xs-12 pt-cv-content-item pt-cv-1-col\" ><div class='pt-cv-ifield'><h4 class=\"pt-cv-title\"><a href=\"https:\/\/www.tvnovelas.com.br\/tvnews\/a-nobreza-do-amor-mirinho-garante-noivado-com-virginia-para-atrair-sogro-a-negocio\/\" class=\"_self\" target=\"_self\" >A Nobreza do Amor: Mirinho garante noivado com Virg\u00ednia para atrair sogro a neg\u00f3cio<\/a><\/h4><\/div><\/div>\n<div class=\"col-md-12 col-sm-12 col-xs-12 pt-cv-content-item pt-cv-1-col\" ><div class='pt-cv-ifield'><h4 class=\"pt-cv-title\"><a href=\"https:\/\/www.tvnovelas.com.br\/tvnews\/tres-gracas-joaquim-propoe-fuga-a-arminda-com-o-dinheiro-das-tres-gracas\/\" class=\"_self\" target=\"_self\" >Tr\u00eas Gra\u00e7as:  Joaquim prop\u00f5e fuga a Arminda com o dinheiro das Tr\u00eas Gra\u00e7as<\/a><\/h4><\/div><\/div>\n<div class=\"col-md-12 col-sm-12 col-xs-12 pt-cv-content-item pt-cv-1-col\" ><div class='pt-cv-ifield'><h4 class=\"pt-cv-title\"><a href=\"https:\/\/www.tvnovelas.com.br\/tvnews\/coracao-de-mae-atilla-decide-abrir-o-jogo-com-karsu\/\" class=\"_self\" target=\"_self\" >Cora\u00e7\u00e3o de M\u00e3e: Atilla decide abrir o jogo com Karsu<\/a><\/h4><\/div><\/div>\n<div class=\"col-md-12 col-sm-12 col-xs-12 pt-cv-content-item pt-cv-1-col\" ><div class='pt-cv-ifield'><h4 class=\"pt-cv-title\"><a href=\"https:\/\/www.tvnovelas.com.br\/tvnews\/coracao-de-mae-adnan-e-preso-apos-denuncia-de-irmak\/\" class=\"_self\" target=\"_self\" >Em Cora\u00e7\u00e3o de M\u00e3e: Adnan \u00e9 preso ap\u00f3s denuncia de Irmak<\/a><\/h4><\/div><\/div><\/div><\/div><\/div><br \/>\n<a href=\"https:\/\/wp.me\/pfspD2-Ti\" target=\"_blank\" rel=\"noopener\"><strong>Garota do Momento: A saga dos Alencar<\/strong><\/a> (Sinopse)<br \/>\n<a href=\"https:\/\/tvnovelas.com.br\/filmes\/filmes-na-tv-segunda\/\" target=\"_blank\" rel=\"noopener\">Confira a programa\u00e7\u00e3o de filmes na TV aberta<\/a><br \/>\n<a href=\"https:\/\/www.tvnovelas.com.br\/tvnews\/\">\u00daltimas not\u00edcias de todas as novelas<\/a><br \/>\n<!--END--><\/p>\n<div class=\"fb-comments\" data-width=\"100%\" data-order-by=\"reverse_time\" data-numposts=\"5\"><\/div>\n<h2>\u00daltimas publica\u00e7\u00f5es de Garota do Momento<\/h2>\n<div class=\"pt-cv-wrapper\"><div class=\"pt-cv-view pt-cv-grid pt-cv-colsys\" id=\"pt-cv-view-54854578lu\"><div data-id=\"pt-cv-page-1\" class=\"pt-cv-page\" data-cvc=\"1\"><div class=\"col-md-12 col-sm-12 col-xs-12 pt-cv-content-item pt-cv-1-col\" ><div class='pt-cv-ifield'><h4 class=\"pt-cv-title\"><a href=\"https:\/\/www.tvnovelas.com.br\/tvnews\/garota-do-momento-beatriz-e-beto-se-casam\/\" class=\"_self\" target=\"_self\" >Garota do Momento: Beatriz e Beto se casam<\/a><\/h4><\/div><\/div>\n<div class=\"col-md-12 col-sm-12 col-xs-12 pt-cv-content-item pt-cv-1-col\" ><div class='pt-cv-ifield'><h4 class=\"pt-cv-title\"><a href=\"https:\/\/www.tvnovelas.com.br\/tvnews\/garota-do-momento-clarice-sequestrada-por-juliano-desespera-beatriz\/\" class=\"_self\" target=\"_self\" >Garota do Momento: Clarice sequestrada por Juliano desespera Beatriz<\/a><\/h4><\/div><\/div>\n<div class=\"col-md-12 col-sm-12 col-xs-12 pt-cv-content-item pt-cv-1-col\" ><div class='pt-cv-ifield'><h4 class=\"pt-cv-title\"><a href=\"https:\/\/www.tvnovelas.com.br\/tvnews\/garota-do-momento-clarice-cospe-na-cara-de-maristela\/\" class=\"_self\" target=\"_self\" >Garota do Momento: Clarice cospe na cara de Maristela<\/a><\/h4><\/div><\/div>\n<div class=\"col-md-12 col-sm-12 col-xs-12 pt-cv-content-item pt-cv-1-col\" ><div class='pt-cv-ifield'><h4 class=\"pt-cv-title\"><a href=\"https:\/\/www.tvnovelas.com.br\/tvnews\/garota-do-momento-ligia-emociona-ao-dedicar-nova-musica-a-raimundo\/\" class=\"_self\" target=\"_self\" >Garota do Momento: Ligia emociona ao dedicar nova m\u00fasica a Raimundo<\/a><\/h4><\/div><\/div>\n<div class=\"col-md-12 col-sm-12 col-xs-12 pt-cv-content-item pt-cv-1-col\" ><div class='pt-cv-ifield'><h4 class=\"pt-cv-title\"><a href=\"https:\/\/www.tvnovelas.com.br\/tvnews\/garota-do-momento-zelia-beatriz-e-basilio-unidos-para-desmascarar-juliano\/\" class=\"_self\" target=\"_self\" >Garota do Momento: Z\u00e9lia, Beatriz e Bas\u00edlio unidos para desmascarar Juliano<\/a><\/h4><\/div><\/div>\n<div class=\"col-md-12 col-sm-12 col-xs-12 pt-cv-content-item pt-cv-1-col\" ><div class='pt-cv-ifield'><h4 class=\"pt-cv-title\"><a href=\"https:\/\/www.tvnovelas.com.br\/tvnews\/garota-do-momento-ligia-confessa-que-ama-raimundo-e-quer-voltar\/\" class=\"_self\" target=\"_self\" >Garota do Momento: Ligia confessa que ama Raimundo e quer voltar<\/a><\/h4><\/div><\/div><\/div><\/div><\/div>\n","protected":false},"excerpt":{"rendered":"<p>Garota do Momento na semana 28\/4 a 03\/5&#8230; Nos pr\u00f3ximos cap\u00edtulos de Garota do Momento, <\/strong>Juliano inventa para Clarice que foi ela quem tirou a vida de Val\u00e9ria; Bia confronta Beatriz&#8230;<\/p>\n","protected":false},"author":1,"featured_media":75770,"comment_status":"closed","ping_status":"closed","sticky":false,"template":"","format":"standard","meta":{"_uf_show_specific_survey":0,"_uf_disable_surveys":false,"_jetpack_memberships_contains_paid_content":false,"footnotes":"","_wp_rev_ctl_limit":""},"categories":[812],"tags":[813,5,64],"class_list":["post-75768","post","type-post","status-publish","format-standard","has-post-thumbnail","hentry","category-garota-do-momento","tag-garota-do-momento","tag-globo","tag-novelas","wpcat-812-id"],"aioseo_notices":[],"jetpack_featured_media_url":"https:\/\/i0.wp.com\/www.tvnovelas.com.br\/tvnews\/wp-content\/uploads\/2025\/04\/11017d.jpg?fit=728%2C409&ssl=1","jetpack_shortlink":"https:\/\/wp.me\/pdP2BO-jI4","jetpack_sharing_enabled":true,"_links":{"self":[{"href":"https:\/\/www.tvnovelas.com.br\/tvnews\/wp-json\/wp\/v2\/posts\/75768","targetHints":{"allow":["GET"]}}],"collection":[{"href":"https:\/\/www.tvnovelas.com.br\/tvnews\/wp-json\/wp\/v2\/posts"}],"about":[{"href":"https:\/\/www.tvnovelas.com.br\/tvnews\/wp-json\/wp\/v2\/types\/post"}],"author":[{"embeddable":true,"href":"https:\/\/www.tvnovelas.com.br\/tvnews\/wp-json\/wp\/v2\/users\/1"}],"replies":[{"embeddable":true,"href":"https:\/\/www.tvnovelas.com.br\/tvnews\/wp-json\/wp\/v2\/comments?post=75768"}],"version-history":[{"count":3,"href":"https:\/\/www.tvnovelas.com.br\/tvnews\/wp-json\/wp\/v2\/posts\/75768\/revisions"}],"predecessor-version":[{"id":75775,"href":"https:\/\/www.tvnovelas.com.br\/tvnews\/wp-json\/wp\/v2\/posts\/75768\/revisions\/75775"}],"wp:featuredmedia":[{"embeddable":true,"href":"https:\/\/www.tvnovelas.com.br\/tvnews\/wp-json\/wp\/v2\/media\/75770"}],"wp:attachment":[{"href":"https:\/\/www.tvnovelas.com.br\/tvnews\/wp-json\/wp\/v2\/media?parent=75768"}],"wp:term":[{"taxonomy":"category","embeddable":true,"href":"https:\/\/www.tvnovelas.com.br\/tvnews\/wp-json\/wp\/v2\/categories?post=75768"},{"taxonomy":"post_tag","embeddable":true,"href":"https:\/\/www.tvnovelas.com.br\/tvnews\/wp-json\/wp\/v2\/tags?post=75768"}],"curies":[{"name":"wp","href":"https:\/\/api.w.org\/{rel}","templated":true}]}}