{"id":75777,"date":"2025-04-26T14:32:25","date_gmt":"2025-04-26T17:32:25","guid":{"rendered":"https:\/\/www.tvnovelas.com.br\/tvnews\/?p=75777"},"modified":"2025-04-26T14:41:26","modified_gmt":"2025-04-26T17:41:26","slug":"o-que-acontece-em-vale-tudo-na-semana-28-4-a-03-5","status":"publish","type":"post","link":"https:\/\/www.tvnovelas.com.br\/tvnews\/o-que-acontece-em-vale-tudo-na-semana-28-4-a-03-5\/","title":{"rendered":"O que acontece em Vale Tudo na semana 28\/4 a 03\/5"},"content":{"rendered":"<p>\u00a0<\/p>\n<div style=\"background-color: #F5EEDC;\">\n.<br \/>\n<figure id=\"attachment_75778\" aria-describedby=\"caption-attachment-75778\" style=\"width: 728px\" class=\"wp-caption alignnone\"><img data-recalc-dims=\"1\" decoding=\"async\" src=\"https:\/\/i0.wp.com\/www.tvnovelas.com.br\/tvnews\/wp-content\/uploads\/2025\/04\/11018c.jpg?resize=728%2C410&#038;ssl=1\" alt=\"Foto em Vale Tudo na semana 28\/4 a 03\/5\" title=\"(Foto: TV Globo\/Vale Tudo)\" width=\"728\" height=\"410\" class=\"size-full wp-image-75778\" \/><figcaption id=\"caption-attachment-75778\" class=\"wp-caption-text\">Vale Tudo na semana 28\/4 a 03\/5<\/figcaption><\/figure><\/p>\n<blockquote><p><strong style=\"color: #205781;\">Nos pr\u00f3ximos cap\u00edtulos de Vale Tudo, <\/strong>Maria de F\u00e1tima diz a C\u00e9sar que se tornar\u00e1 triatleta para se aproximar de Afonso; Odete demite Ivan da TCA \u00e9 depois o readmite, reconhecendo a efici\u00eancia do funcion\u00e1rio; Tiago pede ajuda a Odete para ajudar Heleninha a parar de beber; Maria de F\u00e1tima arma plano contra Solange; Raquel e Ivan se surpreendem com o conte\u00fado da mala&#8230;.\n<\/p><\/blockquote>\n<\/div>\n<h2 style=\"color: #205781;\">Resumo de segunda-feira, 28 de abril<\/h2>\n<p>Celina tenta tranquilizar Heleninha, que se abala ao saber da chegada de Odete ao Brasil. Eunice comenta com Bartolomeu que achou errada a forma como Ivan conduziu a ideia da compra das aeronaves chinesas. Maria de F\u00e1tima diz a C\u00e9sar que se tornar\u00e1 triatleta para se aproximar de Afonso. Renato e Leila sentem atra\u00e7\u00e3o m\u00fatua. Fernanda n\u00e3o aceita o convite de Andr\u00e9 para jantar. Sardinha questiona Renato sobre Leila. Lucimar amea\u00e7a colocar Vasco na Justi\u00e7a para pagar a pens\u00e3o de Jorginho. Odete chega \u00e0 casa de Celina.<br \/>\n<figure id=\"attachment_75778\" aria-describedby=\"caption-attachment-75778\" style=\"width: 728px\" class=\"wp-caption alignnone\"><img data-recalc-dims=\"1\" decoding=\"async\" src=\"https:\/\/i0.wp.com\/www.tvnovelas.com.br\/tvnews\/wp-content\/uploads\/2025\/04\/11018b.jpg?resize=728%2C410&#038;ssl=1\" alt=\"Foto em Vale Tudo na semana 28\/4 a 03\/5\" title=\"(Foto: TV Globo\/Vale Tudo)\" width=\"728\" height=\"410\" class=\"size-full wp-image-75778\" \/><figcaption id=\"caption-attachment-75778\" class=\"wp-caption-text\">Vale Tudo na semana 28\/4 a 03\/5<\/figcaption><\/figure><br \/>\n\u00a0<\/p>\n<h2 style=\"color: #205781;\">Resumo de ter\u00e7a-feira, 29 de abril<\/h2>\n<p>Celina repreende um coment\u00e1rio de Odete sobre Heleninha. Eunice diz a Leila que ela n\u00e3o deveria trabalhar na Tomorrow se estiver interessada em Renato. Odete demonstra n\u00e3o gostar da visita surpresa de Tiago. C\u00e9sar se apavora ao ser surpreendido por Gerv\u00e1sio em sua casa, cobrando os d\u00f3lares. Tiago pede a Odete para n\u00e3o internar Heleninha. Gerv\u00e1sio diz a Marco Aur\u00e9lio que C\u00e9sar n\u00e3o est\u00e1 com os d\u00f3lares do executivo. Raquel teme o dia da assinatura do contrato de empr\u00e9stimo junto ao banco. Leila consegue o emprego na Tomorrow. Odete questiona a presen\u00e7a de Ivan em uma reuni\u00e3o de diretores da TCA.\u00a0<br \/>\n\u00a0<\/p>\n<h2 style=\"color: #205781;\">Resumo de quarta-feira, 30 de abril<\/h2>\n<p>Ivan \u00e9 demitido por Odete. C\u00e9sar tem a impress\u00e3o de estar sendo seguido. Raquel decide arriscar e abrir o restaurante com Poliana. Odete readmite Ivan, reconhecendo a efici\u00eancia do funcion\u00e1rio. Ivan comemora sua promo\u00e7\u00e3o junto de sua fam\u00edlia e Raquel. Daniela se oferece para ajudar Lucimar. Raquel e Poliana assinam o contrato de empr\u00e9stimo com o banco. Odete n\u00e3o gosta de Solange. Olavo cobra de C\u00e9sar o fato de ter sido abordado em sua casa por um homem desconhecido. Ivan convida Luciano para ser seu assistente. Afonso discute com Odete. F\u00e1tima v\u00ea C\u00e9sar com uma mulher no restaurante.<br \/>\n<figure id=\"attachment_75778\" aria-describedby=\"caption-attachment-75778\" style=\"width: 728px\" class=\"wp-caption alignnone\"><img data-recalc-dims=\"1\" decoding=\"async\" src=\"https:\/\/i0.wp.com\/www.tvnovelas.com.br\/tvnews\/wp-content\/uploads\/2025\/04\/11018a.jpg?resize=728%2C410&#038;ssl=1\" alt=\"Foto em Vale Tudo na semana 28\/4 a 03\/5\" title=\"(Foto: TV Globo\/Vale Tudo)\" width=\"728\" height=\"410\" class=\"size-full wp-image-75778\" \/><figcaption id=\"caption-attachment-75778\" class=\"wp-caption-text\">Vale Tudo na semana 28\/4 a 03\/5<\/figcaption><\/figure><br \/>\n\u00a0<\/p>\n<h2 style=\"color: #205781;\">Resumo de quinta-feira, 1\u00ba de maio<\/h2>\n<p>Tiago pede para Heleninha n\u00e3o ir para a cl\u00ednica. Odete fala mal de Solange para Martin, seu namorado. Raquel chama Gilda para trabalhar no restaurante. Odete tenta se acertar com Heleninha. Afonso avisa a Odete e Celina que levar\u00e1 Solange para jantar em casa. Ivan acalma Tiago, que tem uma crise de p\u00e2nico ao ficar preso no elevador. Daniela explica a Lucimar sobre os direitos de Jorginho \u00e0 pens\u00e3o de Vasco. Tiago pede ajuda a Odete para ajudar Heleninha a parar de beber. Odete convida Ivan para jantar na casa de Celina. Sardinha percebe o interesse de Leila por Renato. Maria de F\u00e1tima arma plano contra Solange. Heleninha escuta Odete conversando com Celina sobre sua ideia de tornar Ivan seu pretendente.<br \/>\n\u00a0<\/p>\n<h2 style=\"color: #205781;\">Resumo de sexta-feira, 02 de maio<\/h2>\n<p>Heleninha avisa a Afonso que Celina a convenceu de participar do jantar. Ivan elogia os quadros de Heleninha. F\u00e1tima manda para Odete uma mat\u00e9ria com foto de Solange. Raquel comenta com Alde\u00edde sobre sua desconfian\u00e7a do interesse de Odete em Ivan. Gerv\u00e1sio segue F\u00e1tima. Heleninha transparece a Celina que gostou de Ivan. Solange conta a F\u00e1tima e a Sardinha como foi o jantar com Odete. Solange e Sardinha estranham quando Gerv\u00e1sio aparece procurando por F\u00e1tima. Raquel pergunta a Ivan por que ele mentiu para ela. Raquel e Ivan decidem abrir a suposta mala de Rubinho.<br \/>\n<figure id=\"attachment_75778\" aria-describedby=\"caption-attachment-75778\" style=\"width: 728px\" class=\"wp-caption alignnone\"><img data-recalc-dims=\"1\" decoding=\"async\" src=\"https:\/\/i0.wp.com\/www.tvnovelas.com.br\/tvnews\/wp-content\/uploads\/2025\/04\/11018d.jpg?resize=728%2C410&#038;ssl=1\" alt=\"Foto em Vale Tudo na semana 28\/4 a 03\/5\" title=\"(Foto: TV Globo\/Vale Tudo)\" width=\"728\" height=\"410\" class=\"size-full wp-image-75778\" \/><figcaption id=\"caption-attachment-75778\" class=\"wp-caption-text\">Vale Tudo na semana 28\/4 a 03\/5<\/figcaption><\/figure><br \/>\n\u00a0<\/p>\n<h2 style=\"color: #205781;\">Resumo de s\u00e1bado, 03 de maio<\/h2>\n<p>F\u00e1tima pensa em seguir Gerv\u00e1sio para achar a mala com os d\u00f3lares, e observa Marco Aur\u00e9lio conversando com o detetive. Renato deixa claro a Leila que ela foi escolhida por Sardinha, diante da preocupa\u00e7\u00e3o da funcion\u00e1ria de n\u00e3o perder o emprego. Odete e Martin se desentendem. Odete comunica a Marco Aur\u00e9lio que colocar\u00e1 Ivan como encarregado dos projetos culturais que Heleninha escolher\u00e1 para a TCA financiar. Luciano alerta Ivan sobre as inten\u00e7\u00f5es de Odete. Ivan fica constrangido ao entrar no restaurante com Heleninha e se deparar com Leila e Renato. Raquel e Ivan se surpreendem com o conte\u00fado da mala.<br \/>\n<!--FIM DO POST--><\/p>\n<div class=\"fb-comments\" data-width=\"100%\" data-order-by=\"reverse_time\" data-numposts=\"5\"><\/div>\n<p><h2>Mais:<\/h2>\r\n<p><a href=\"https:\/\/tvnovelas.com.br\/novelas\/resumos-de-vale-tudo\/\" target=\"_blank\" rel=\"noopener\">Confira os resumos da semana de Vale Tudo'<\/a><\/p>\r\n<p><a href=\"https:\/\/wp.me\/pfspD2-U7\" target=\"_blank\" rel=\"noopener\">Vale Tudo: Conflitos de princ\u00edpios e valores (Sinopse)<\/a>\r\n<p><a href=\"https:\/\/wp.me\/pfspD2-oI\" target=\"_blank\" rel=\"noopener\">Vale Tudo: Invers\u00e3o de valores no final dos anos 1980<\/a> (Sinopse)<\/p>\r\n<p><a href=\"https:\/\/pt.wikipedia.org\/wiki\/Vale_Tudo_(2025)\" target=\"_blank\" rel=\"noopener\">Sobre Vale Tudo (2025) na Wikipedia<\/a><\/p>\r\n<p><a href=\"https:\/\/tvnovelas.com.br\/novelas\/\" target=\"_blank\" rel=\"noopener\">Resumos de todas as novelas<\/a><\/p>\r\n<p><strong style=\"font-size: 120%;\">\u00daltimas not\u00edcias de 'Vale Tudo':<\/strong><\/p>\r\n<div class=\"pt-cv-wrapper\"><h2 class='pt-cv-heading-container heading2' data-blockid='d7366c1g0j'><span class='pt-cv-heading'> \u00daltimas da novela <\/span><\/h2><div class=\"pt-cv-view pt-cv-grid pt-cv-colsys\" id=\"pt-cv-view-d7366c1g0j\"><div data-id=\"pt-cv-page-1\" class=\"pt-cv-page\" data-cvc=\"1\"><div class=\"col-md-12 col-sm-12 col-xs-12 pt-cv-content-item pt-cv-1-col\" ><div class='pt-cv-ifield'><h4 class=\"pt-cv-title\"><a href=\"https:\/\/www.tvnovelas.com.br\/tvnews\/vale-tudo-casamento-de-raquel-e-ivan-entre-os-finais\/\" class=\"_self\" target=\"_self\" >Vale Tudo: Casamento de Raquel e Ivan entre os finais<\/a><\/h4><\/div><\/div>\n<div class=\"col-md-12 col-sm-12 col-xs-12 pt-cv-content-item pt-cv-1-col\" ><div class='pt-cv-ifield'><h4 class=\"pt-cv-title\"><a href=\"https:\/\/www.tvnovelas.com.br\/tvnews\/vale-tudo-fatima-decide-entregar-o-filho-para-a-adocao\/\" class=\"_self\" target=\"_self\" >Vale Tudo: F\u00e1tima decide entregar o filho para a ado\u00e7\u00e3o<\/a><\/h4><\/div><\/div>\n<div class=\"col-md-12 col-sm-12 col-xs-12 pt-cv-content-item pt-cv-1-col\" ><div class='pt-cv-ifield'><h4 class=\"pt-cv-title\"><a href=\"https:\/\/www.tvnovelas.com.br\/tvnews\/vale-tudo-cesar-e-fatima-se-reencontram\/\" class=\"_self\" target=\"_self\" >Vale Tudo: C\u00e9sar e F\u00e1tima se reencontram<\/a><\/h4><\/div><\/div><\/div><\/div><\/div>\r\n<p><strong style=\"font-size: 120%;\">\u00daltimas not\u00edcias deste site:<\/strong><\/p>\r\n<div class=\"pt-cv-wrapper\"><div class=\"pt-cv-view pt-cv-grid pt-cv-colsys\" id=\"pt-cv-view-90991035b3\"><div data-id=\"pt-cv-page-1\" class=\"pt-cv-page\" data-cvc=\"1\"><div class=\"col-md-12 col-sm-12 col-xs-12 pt-cv-content-item pt-cv-1-col\" ><div class='pt-cv-ifield'><h4 class=\"pt-cv-title\"><a href=\"https:\/\/www.tvnovelas.com.br\/tvnews\/coracao-de-mae-atilla-confronta-hasan-e-exige-o-divorcio-de-lale\/\" class=\"_self\" target=\"_self\" >Cora\u00e7\u00e3o de M\u00e3e: Atilla confronta Hasan e exige o div\u00f3rcio de Lale<\/a><\/h4><\/div><\/div>\n<div class=\"col-md-12 col-sm-12 col-xs-12 pt-cv-content-item pt-cv-1-col\" ><div class='pt-cv-ifield'><h4 class=\"pt-cv-title\"><a href=\"https:\/\/www.tvnovelas.com.br\/tvnews\/guerra-das-rosas-gulfem-coloca-gulru-contra-a-parede\/\" class=\"_self\" target=\"_self\" >Guerra das Rosas: Gulfem coloca Gulru contra a parede<\/a><\/h4><\/div><\/div>\n<div class=\"col-md-12 col-sm-12 col-xs-12 pt-cv-content-item pt-cv-1-col\" ><div class='pt-cv-ifield'><h4 class=\"pt-cv-title\"><a href=\"https:\/\/www.tvnovelas.com.br\/tvnews\/coracao-de-mae-atilla-diz-a-lale-que-quer-o-divorcio\/\" class=\"_self\" target=\"_self\" >Cora\u00e7\u00e3o de M\u00e3e: Atilla diz a Lale que quer o div\u00f3rcio<\/a><\/h4><\/div><\/div>\n<div class=\"col-md-12 col-sm-12 col-xs-12 pt-cv-content-item pt-cv-1-col\" ><div class='pt-cv-ifield'><h4 class=\"pt-cv-title\"><a href=\"https:\/\/www.tvnovelas.com.br\/tvnews\/a-nobreza-do-amor-mirinho-garante-noivado-com-virginia-para-atrair-sogro-a-negocio\/\" class=\"_self\" target=\"_self\" >A Nobreza do Amor: Mirinho garante noivado com Virg\u00ednia para atrair sogro a neg\u00f3cio<\/a><\/h4><\/div><\/div>\n<div class=\"col-md-12 col-sm-12 col-xs-12 pt-cv-content-item pt-cv-1-col\" ><div class='pt-cv-ifield'><h4 class=\"pt-cv-title\"><a href=\"https:\/\/www.tvnovelas.com.br\/tvnews\/tres-gracas-joaquim-propoe-fuga-a-arminda-com-o-dinheiro-das-tres-gracas\/\" class=\"_self\" target=\"_self\" >Tr\u00eas Gra\u00e7as:  Joaquim prop\u00f5e fuga a Arminda com o dinheiro das Tr\u00eas Gra\u00e7as<\/a><\/h4><\/div><\/div>\n<div class=\"col-md-12 col-sm-12 col-xs-12 pt-cv-content-item pt-cv-1-col\" ><div class='pt-cv-ifield'><h4 class=\"pt-cv-title\"><a href=\"https:\/\/www.tvnovelas.com.br\/tvnews\/coracao-de-mae-atilla-decide-abrir-o-jogo-com-karsu\/\" class=\"_self\" target=\"_self\" >Cora\u00e7\u00e3o de M\u00e3e: Atilla decide abrir o jogo com Karsu<\/a><\/h4><\/div><\/div>\n<div class=\"col-md-12 col-sm-12 col-xs-12 pt-cv-content-item pt-cv-1-col\" ><div class='pt-cv-ifield'><h4 class=\"pt-cv-title\"><a href=\"https:\/\/www.tvnovelas.com.br\/tvnews\/coracao-de-mae-adnan-e-preso-apos-denuncia-de-irmak\/\" class=\"_self\" target=\"_self\" >Em Cora\u00e7\u00e3o de M\u00e3e: Adnan \u00e9 preso ap\u00f3s denuncia de Irmak<\/a><\/h4><\/div><\/div>\n<div class=\"col-md-12 col-sm-12 col-xs-12 pt-cv-content-item pt-cv-1-col\" ><div class='pt-cv-ifield'><h4 class=\"pt-cv-title\"><a href=\"https:\/\/www.tvnovelas.com.br\/tvnews\/coracao-de-mae-atilla-forca-karsu-a-ouvir-suas-explicacoes\/\" class=\"_self\" target=\"_self\" >Cora\u00e7\u00e3o de M\u00e3e: Atilla for\u00e7a Karsu a ouvir suas explica\u00e7\u00f5es<\/a><\/h4><\/div><\/div>\n<div class=\"col-md-12 col-sm-12 col-xs-12 pt-cv-content-item pt-cv-1-col\" ><div class='pt-cv-ifield'><h4 class=\"pt-cv-title\"><a href=\"https:\/\/www.tvnovelas.com.br\/tvnews\/coracao-acelerado-mulher-choca-janete-ao-se-apresentar-como-amante-do-palhares\/\" class=\"_self\" target=\"_self\" >Cora\u00e7\u00e3o Acelerado: Mulher choca Janete ao se apresentar como amante do Palhares<\/a><\/h4><\/div><\/div>\n<div class=\"col-md-12 col-sm-12 col-xs-12 pt-cv-content-item pt-cv-1-col\" ><div class='pt-cv-ifield'><h4 class=\"pt-cv-title\"><a href=\"https:\/\/www.tvnovelas.com.br\/tvnews\/a-nobreza-do-amor-jendal-dobra-a-recompensa-por-alika\/\" class=\"_self\" target=\"_self\" >A Nobreza do Amor: Jendal dobra a recompensa por Alika<\/a><\/h4><\/div><\/div><\/div><\/div><\/div>\r\n<h3>Confira tamb\u00e9m<\/h3>\r\n<p><a href=\"https:\/\/www.tvnovelas.com.br\/filmes\/\" target=\"_blank\" rel=\"noopener noreferrer\"><strong>Programa\u00e7\u00e3o de filmes na TV aberta<\/strong><\/a><\/p>\r\n<p><a href=\"https:\/\/caetenews.com.br\/semana\/filmes-da-globo-na-sessao-da-tarde-desta-semana\/\" target=\"_blank\" rel=\"noopener\"><strong>Confira os filmes da semana na Sess\u00e3o da Tarde<\/strong><\/a><\/p>\r\n<p><a href=\"https:\/\/www.tvnovelas.com.br\/novelas\/\"><strong>Confira os resumos da semana de todas novelas<\/strong><\/a><\/p><br \/>\n<a href=\"https:\/\/tvnovelas.com.br\/filmes\/filmes-na-tv-segunda\/\" target=\"_blank\" rel=\"noopener\">Confira a Progrma\u00e7\u00e3o de Filmes na TV aberta<\/a><br \/>\n<a href=\"https:\/\/www.tvnovelas.com.br\/tvnews\/\" target=\"_blank\" rel=\"noopener\">\u00daltimas not\u00edcias das novelas<\/a><\/p>\n","protected":false},"excerpt":{"rendered":"<p>\u00a0 . Nos pr\u00f3ximos cap\u00edtulos de Vale Tudo, Maria de F\u00e1tima diz a C\u00e9sar que se tornar\u00e1 triatleta para se&#8230;<\/p>\n","protected":false},"author":1,"featured_media":75780,"comment_status":"closed","ping_status":"closed","sticky":false,"template":"","format":"standard","meta":{"_uf_show_specific_survey":0,"_uf_disable_surveys":false,"_jetpack_memberships_contains_paid_content":false,"footnotes":"","_wp_rev_ctl_limit":""},"categories":[353],"tags":[5,64,801],"class_list":["post-75777","post","type-post","status-publish","format-standard","has-post-thumbnail","hentry","category-resumos-de-novelas","tag-globo","tag-novelas","tag-vale-tudo","wpcat-353-id"],"aioseo_notices":[],"jetpack_featured_media_url":"https:\/\/i0.wp.com\/www.tvnovelas.com.br\/tvnews\/wp-content\/uploads\/2025\/04\/11018c.jpg?fit=728%2C410&ssl=1","jetpack_shortlink":"https:\/\/wp.me\/pdP2BO-jId","jetpack_sharing_enabled":true,"_links":{"self":[{"href":"https:\/\/www.tvnovelas.com.br\/tvnews\/wp-json\/wp\/v2\/posts\/75777","targetHints":{"allow":["GET"]}}],"collection":[{"href":"https:\/\/www.tvnovelas.com.br\/tvnews\/wp-json\/wp\/v2\/posts"}],"about":[{"href":"https:\/\/www.tvnovelas.com.br\/tvnews\/wp-json\/wp\/v2\/types\/post"}],"author":[{"embeddable":true,"href":"https:\/\/www.tvnovelas.com.br\/tvnews\/wp-json\/wp\/v2\/users\/1"}],"replies":[{"embeddable":true,"href":"https:\/\/www.tvnovelas.com.br\/tvnews\/wp-json\/wp\/v2\/comments?post=75777"}],"version-history":[{"count":4,"href":"https:\/\/www.tvnovelas.com.br\/tvnews\/wp-json\/wp\/v2\/posts\/75777\/revisions"}],"predecessor-version":[{"id":75786,"href":"https:\/\/www.tvnovelas.com.br\/tvnews\/wp-json\/wp\/v2\/posts\/75777\/revisions\/75786"}],"wp:featuredmedia":[{"embeddable":true,"href":"https:\/\/www.tvnovelas.com.br\/tvnews\/wp-json\/wp\/v2\/media\/75780"}],"wp:attachment":[{"href":"https:\/\/www.tvnovelas.com.br\/tvnews\/wp-json\/wp\/v2\/media?parent=75777"}],"wp:term":[{"taxonomy":"category","embeddable":true,"href":"https:\/\/www.tvnovelas.com.br\/tvnews\/wp-json\/wp\/v2\/categories?post=75777"},{"taxonomy":"post_tag","embeddable":true,"href":"https:\/\/www.tvnovelas.com.br\/tvnews\/wp-json\/wp\/v2\/tags?post=75777"}],"curies":[{"name":"wp","href":"https:\/\/api.w.org\/{rel}","templated":true}]}}