{"id":75861,"date":"2025-04-29T10:00:27","date_gmt":"2025-04-29T13:00:27","guid":{"rendered":"https:\/\/www.tvnovelas.com.br\/tvnews\/?p=75861"},"modified":"2025-04-29T10:00:27","modified_gmt":"2025-04-29T13:00:27","slug":"forca-de-mulher-nissan-se-preocupa-com-o-pai","status":"publish","type":"post","link":"https:\/\/www.tvnovelas.com.br\/tvnews\/forca-de-mulher-nissan-se-preocupa-com-o-pai\/","title":{"rendered":"For\u00e7a de Mulher: Nissan se preocupa com o pai"},"content":{"rendered":"<figure id=\"attachment_75862\" aria-describedby=\"caption-attachment-75862\" style=\"width: 728px\" class=\"wp-caption alignnone\"><img data-recalc-dims=\"1\" decoding=\"async\" class=\"wp-image-75862 size-full\" title=\"(Foto: Record TV\/For\u00e7a de Mulher)\" src=\"https:\/\/i0.wp.com\/www.tvnovelas.com.br\/tvnews\/wp-content\/uploads\/2025\/04\/11032.jpg?resize=728%2C409&#038;ssl=1\" alt=\"Foto em For\u00e7a de Mulher: Nissan se preocupa com o pai\" width=\"728\" height=\"409\" srcset=\"https:\/\/i0.wp.com\/www.tvnovelas.com.br\/tvnews\/wp-content\/uploads\/2025\/04\/11032.jpg?w=728&amp;ssl=1 728w, https:\/\/i0.wp.com\/www.tvnovelas.com.br\/tvnews\/wp-content\/uploads\/2025\/04\/11032.jpg?resize=250%2C140&amp;ssl=1 250w\" sizes=\"(max-width: 728px) 100vw, 728px\" \/><figcaption id=\"caption-attachment-75862\" class=\"wp-caption-text\">For\u00e7a de Mulher: Nissan se preocupa com o pai&#8230;<\/figcaption><\/figure>\n<p>No cap\u00edtulo de For\u00e7a de Mulher desta segunda, dia 28, Nisan se preocupa com o pai e tem medo que ele morra, mas Bahar promete que logo os dois poder\u00e3o ver Sarp&#8230; Confira o resumo de hoje:<\/p>\n<h2 style=\"color: #205781;\">Resumo de ter\u00e7a-feira, 29 de abril<\/h2>\n<p>Piril sofre no funeral de Suat. Arif chora a morte de Hatice e se sente culpado, dizendo que ele \u00e9 quem devia ter morrido. Kesmet tenta consolar o irm\u00e3o, dizendo que foi um acidente. Bahar diz que n\u00e3o brigar\u00e1 mais com Sirin, e que Hatice gostaria de v\u00ea-las bem. Enver volta a se lembrar da \u00faltima conversa com Hatice. Jale explica a triste situa\u00e7\u00e3o para Nisan e Doruk e consola os pequenos. Fazilet a outra v\u00edtima do acidente, pergunta a Jale se ela n\u00e3o conhece algu\u00e9m que pode ajud\u00e1-la nos cuidados com o filho cadeirante. Raif liga para a m\u00e3e e de forma rude cobra da m\u00e3e algu\u00e9m para ajud\u00e1-lo em casa. Ainda inconformada com a morte da m\u00e3e, Sirin pergunta para Enver o que aconteceu e o deixa nervoso. Mesmo arrasada, Bahar tenta explicar a morte para os filhos. Nisan se preocupa com o pai e tem medo que ele morra, mas Bahar promete que logo os dois poder\u00e3o ver Sarp. Fazilet v\u00ea Enver e lamenta a perda dele. Sarp fica agitado e Jale tenta acalm\u00e1-lo. A empregada indicada por Jale vai at\u00e9 a casa de Raif e ele a recebe de forma grosseira e a manda embora. Emre fala com Ceyda sobre Arda e diz que pretende pedir a guarda do filho para que ele more na cidade e tenha um atendimento e tratamento melhor.<\/p>\n<p><!--FIM DO POST--><\/p>\n<div class=\"fb-comments\" data-width=\"100%\" data-order-by=\"reverse_time\" data-numposts=\"5\"><\/div>\n<h2>Saiba mais:<\/h2>\n<p><a href=\"https:\/\/tvnovelas.com.br\/novelas\/resumos-de-forca-de-mulher\/\" target=\"_blank\" rel=\"noopener\">Resumos da semana de For\u00e7a de Mulher<\/a><br \/>\n<a href=\"https:\/\/tvnovelas.com.br\/page2\/arquivo\/forca-de-mulher-as-lutas-de-bahar\/\" target=\"_blank\" rel=\"noopener\">For\u00e7a de Mulher: As lutas de Bahar (Sinopse)<\/a><br \/>\n<a href=\"https:\/\/pt.wikipedia.org\/wiki\/Kad%C4%B1n\" target=\"_blank\" rel=\"noopener\">Sobre For\u00e7a de Mulher na Wikipedia<\/a><br \/>\n<a href=\"https:\/\/www.facebook.com\/tevenovelas\/\">\u00daltimas not\u00edcias do TV Novelas no Facebook<\/a><br \/>\n<a href=\"https:\/\/tvnovelas.com.br\/novelas\/\">Resumos de todas as novelas<\/a><\/p>\n<h2>\u00daltimas not\u00edcias das novelas<\/h2>\n<p>[wp-rss-aggregator feeds=&#8221;todas&#8221;]<\/p>\n","protected":false},"excerpt":{"rendered":"<p>For\u00e7a de Mulher: Nissan se preocupa com o pai&#8230; No cap\u00edtulo de For\u00e7a de Mulher desta segunda, dia 28, Nisan se preocupa com o pai e tem medo que ele morra&#8230;.<\/p>\n","protected":false},"author":1,"featured_media":75862,"comment_status":"closed","ping_status":"closed","sticky":false,"template":"","format":"standard","meta":{"_uf_show_specific_survey":0,"_uf_disable_surveys":false,"_jetpack_memberships_contains_paid_content":false,"footnotes":"","_wp_rev_ctl_limit":""},"categories":[803],"tags":[805,64,14],"class_list":["post-75861","post","type-post","status-publish","format-standard","has-post-thumbnail","hentry","category-forca-de-mulher","tag-forca-de-mulher","tag-novelas","tag-record","wpcat-803-id"],"aioseo_notices":[],"jetpack_featured_media_url":"https:\/\/i0.wp.com\/www.tvnovelas.com.br\/tvnews\/wp-content\/uploads\/2025\/04\/11032.jpg?fit=728%2C409&ssl=1","jetpack_shortlink":"https:\/\/wp.me\/pdP2BO-jJz","jetpack_sharing_enabled":true,"_links":{"self":[{"href":"https:\/\/www.tvnovelas.com.br\/tvnews\/wp-json\/wp\/v2\/posts\/75861","targetHints":{"allow":["GET"]}}],"collection":[{"href":"https:\/\/www.tvnovelas.com.br\/tvnews\/wp-json\/wp\/v2\/posts"}],"about":[{"href":"https:\/\/www.tvnovelas.com.br\/tvnews\/wp-json\/wp\/v2\/types\/post"}],"author":[{"embeddable":true,"href":"https:\/\/www.tvnovelas.com.br\/tvnews\/wp-json\/wp\/v2\/users\/1"}],"replies":[{"embeddable":true,"href":"https:\/\/www.tvnovelas.com.br\/tvnews\/wp-json\/wp\/v2\/comments?post=75861"}],"version-history":[{"count":1,"href":"https:\/\/www.tvnovelas.com.br\/tvnews\/wp-json\/wp\/v2\/posts\/75861\/revisions"}],"predecessor-version":[{"id":75863,"href":"https:\/\/www.tvnovelas.com.br\/tvnews\/wp-json\/wp\/v2\/posts\/75861\/revisions\/75863"}],"wp:featuredmedia":[{"embeddable":true,"href":"https:\/\/www.tvnovelas.com.br\/tvnews\/wp-json\/wp\/v2\/media\/75862"}],"wp:attachment":[{"href":"https:\/\/www.tvnovelas.com.br\/tvnews\/wp-json\/wp\/v2\/media?parent=75861"}],"wp:term":[{"taxonomy":"category","embeddable":true,"href":"https:\/\/www.tvnovelas.com.br\/tvnews\/wp-json\/wp\/v2\/categories?post=75861"},{"taxonomy":"post_tag","embeddable":true,"href":"https:\/\/www.tvnovelas.com.br\/tvnews\/wp-json\/wp\/v2\/tags?post=75861"}],"curies":[{"name":"wp","href":"https:\/\/api.w.org\/{rel}","templated":true}]}}