{"id":75876,"date":"2025-04-29T14:24:14","date_gmt":"2025-04-29T17:24:14","guid":{"rendered":"https:\/\/www.tvnovelas.com.br\/tvnews\/?p=75876"},"modified":"2025-04-29T14:24:14","modified_gmt":"2025-04-29T17:24:14","slug":"sangue-oculto-patricia-descobre-o-diagnostico-de-joao-e-a-clinica","status":"publish","type":"post","link":"https:\/\/www.tvnovelas.com.br\/tvnews\/sangue-oculto-patricia-descobre-o-diagnostico-de-joao-e-a-clinica\/","title":{"rendered":"Sangue Oculto: Patr\u00edcia descobre o diagn\u00f3stico de Jo\u00e3o e a cl\u00ednica"},"content":{"rendered":"<figure id=\"attachment_75877\" aria-describedby=\"caption-attachment-75877\" style=\"width: 718px\" class=\"wp-caption alignnone\"><img data-recalc-dims=\"1\" decoding=\"async\" class=\"wp-image-75877 size-full\" title=\"(Foto: TV Brasil\/Sangue Oculto)\" src=\"https:\/\/i0.wp.com\/www.tvnovelas.com.br\/tvnews\/wp-content\/uploads\/2025\/04\/11036.jpg?resize=718%2C410&#038;ssl=1\" alt=\"Foto em Sangue Oculto: Patr\u00edcia descobre o diagn\u00f3stico\" width=\"718\" height=\"410\" srcset=\"https:\/\/i0.wp.com\/www.tvnovelas.com.br\/tvnews\/wp-content\/uploads\/2025\/04\/11036.jpg?w=718&amp;ssl=1 718w, https:\/\/i0.wp.com\/www.tvnovelas.com.br\/tvnews\/wp-content\/uploads\/2025\/04\/11036.jpg?resize=250%2C143&amp;ssl=1 250w\" sizes=\"(max-width: 718px) 100vw, 718px\" \/><figcaption id=\"caption-attachment-75877\" class=\"wp-caption-text\">Sangue Oculto: Patr\u00edcia descobre o diagn\u00f3stico&#8230;.<\/figcaption><\/figure>\n<p>No cap\u00edtulo de Sangue Oculto desta ter\u00e7a, dia 29, Patr\u00edcia consegue descobrir o diagn\u00f3stico de Jo\u00e3o e a cl\u00ednica na qual ele foi internado. Lei o resumo de hoje na \u00edntegra.<\/p>\n<h2 style=\"color: #543a14;\">Resumo de ter\u00e7a-feira, 29 de abril<\/h2>\n<p>M\u00e1rio consegue furtar o receitu\u00e1rio de C\u00e9sar. J\u00falia, N\u00e9lson e Patr\u00edcia discutem sobre a interna\u00e7\u00e3o de Jo\u00e3o. Elsa n\u00e3o est\u00e1 disposta a ignorar o que L\u00eddia fez. C\u00e9sar leva Vanda at\u00e9 seu consult\u00f3rio. Um objeto perdido por Teresa provoca uma forte rea\u00e7\u00e3o de Vanda. Nan\u00e1 \u00e9 obrigada a devolver o valor furtado. Patr\u00edcia consegue descobrir o diagn\u00f3stico de Jo\u00e3o e a cl\u00ednica na qual ele foi internado.<br \/>\n<!--end--><br \/>\n<i>Os resumos de &#8216;Sangue Oculto&#8217; est\u00e3o sujeitos a mudan\u00e7as em fun\u00e7\u00e3o da edi\u00e7\u00e3o das novelas.<\/i><br \/>\n<strong>Coment\u00e1rios em Resumos de Sangue Oculto<\/strong><\/p>\n<div class=\"fb-comments\" data-href=\"https:\/\/tvnovelas.com.br\/novelas\/resumos-de-sangue-oculto\/\" data-width=\"100%\" data-order_by=\"reverse_time\" data-numposts=\"3\"><\/div>\n<h2>Saiba mais<\/h2>\n<p><a href=\"https:\/\/wp.me\/pfspD2-TZ\" target=\"_blank\" rel=\"noopener\">Sangue Oculto: G\u00eameas que nunca se viram<\/a><br \/>\n<a href=\"https:\/\/pt.wikipedia.org\/wiki\/Sangue_Oculto\" target=\"_blank\" rel=\"noopener\">Sobre Sangue Oculto na Wikipedia<\/a><br \/>\n<a href=\"https:\/\/www.facebook.com\/tevenovelas\/\">\u00daltimas not\u00edcias do TV Novelas no Facebook<\/a><br \/>\n<a href=\"https:\/\/tvnovelas.com.br\/novelas\/\">Resumos de todas as novelas<\/a><\/p>\n<h2>\u00daltimas not\u00edcias das novelas<\/h2>\n<p>[wp-rss-aggregator feeds=&#8221;todas&#8221;]<\/p>\n","protected":false},"excerpt":{"rendered":"<p>Sangue Oculto: Patr\u00edcia descobre o diagn\u00f3stico&#8230; <\/p>\n","protected":false},"author":1,"featured_media":75877,"comment_status":"closed","ping_status":"closed","sticky":false,"template":"","format":"standard","meta":{"_uf_show_specific_survey":0,"_uf_disable_surveys":false,"_jetpack_memberships_contains_paid_content":false,"footnotes":"","_wp_rev_ctl_limit":""},"categories":[351],"tags":[64,870,255],"class_list":["post-75876","post","type-post","status-publish","format-standard","has-post-thumbnail","hentry","category-tv-brasil","tag-novelas","tag-sangue-oculto","tag-tv-brasil","wpcat-351-id"],"aioseo_notices":[],"jetpack_featured_media_url":"https:\/\/i0.wp.com\/www.tvnovelas.com.br\/tvnews\/wp-content\/uploads\/2025\/04\/11036.jpg?fit=718%2C410&ssl=1","jetpack_shortlink":"https:\/\/wp.me\/pdP2BO-jJO","jetpack_sharing_enabled":true,"_links":{"self":[{"href":"https:\/\/www.tvnovelas.com.br\/tvnews\/wp-json\/wp\/v2\/posts\/75876","targetHints":{"allow":["GET"]}}],"collection":[{"href":"https:\/\/www.tvnovelas.com.br\/tvnews\/wp-json\/wp\/v2\/posts"}],"about":[{"href":"https:\/\/www.tvnovelas.com.br\/tvnews\/wp-json\/wp\/v2\/types\/post"}],"author":[{"embeddable":true,"href":"https:\/\/www.tvnovelas.com.br\/tvnews\/wp-json\/wp\/v2\/users\/1"}],"replies":[{"embeddable":true,"href":"https:\/\/www.tvnovelas.com.br\/tvnews\/wp-json\/wp\/v2\/comments?post=75876"}],"version-history":[{"count":1,"href":"https:\/\/www.tvnovelas.com.br\/tvnews\/wp-json\/wp\/v2\/posts\/75876\/revisions"}],"predecessor-version":[{"id":75878,"href":"https:\/\/www.tvnovelas.com.br\/tvnews\/wp-json\/wp\/v2\/posts\/75876\/revisions\/75878"}],"wp:featuredmedia":[{"embeddable":true,"href":"https:\/\/www.tvnovelas.com.br\/tvnews\/wp-json\/wp\/v2\/media\/75877"}],"wp:attachment":[{"href":"https:\/\/www.tvnovelas.com.br\/tvnews\/wp-json\/wp\/v2\/media?parent=75876"}],"wp:term":[{"taxonomy":"category","embeddable":true,"href":"https:\/\/www.tvnovelas.com.br\/tvnews\/wp-json\/wp\/v2\/categories?post=75876"},{"taxonomy":"post_tag","embeddable":true,"href":"https:\/\/www.tvnovelas.com.br\/tvnews\/wp-json\/wp\/v2\/tags?post=75876"}],"curies":[{"name":"wp","href":"https:\/\/api.w.org\/{rel}","templated":true}]}}