{"id":75950,"date":"2025-05-02T17:05:47","date_gmt":"2025-05-02T20:05:47","guid":{"rendered":"https:\/\/www.tvnovelas.com.br\/tvnews\/?p=75950"},"modified":"2025-05-02T18:36:51","modified_gmt":"2025-05-02T21:36:51","slug":"o-que-rola-em-garota-do-momento-na-semana-5-a-10-5","status":"publish","type":"post","link":"https:\/\/www.tvnovelas.com.br\/tvnews\/o-que-rola-em-garota-do-momento-na-semana-5-a-10-5\/","title":{"rendered":"O que rola em Garota do Momento na semana 05 a 10\/5"},"content":{"rendered":"<div style=\"background-color: #DDEB9D;\">\n.<br \/>\n<figure id=\"attachment_75954\" aria-describedby=\"caption-attachment-75954\" style=\"width: 728px\" class=\"wp-caption alignnone\"><img data-recalc-dims=\"1\" decoding=\"async\" src=\"https:\/\/i0.wp.com\/www.tvnovelas.com.br\/tvnews\/wp-content\/uploads\/2025\/05\/11048gmdeu.jpg?resize=728%2C410&#038;ssl=1\" alt=\"foto em Garota do Momento na semana 5 a 10\/5\" title=\"(Foto: Globo\/Garota do Momento)\" width=\"728\" height=\"410\" class=\"size-full wp-image-75954\" srcset=\"https:\/\/i0.wp.com\/www.tvnovelas.com.br\/tvnews\/wp-content\/uploads\/2025\/05\/11048gmdeu.jpg?w=728&amp;ssl=1 728w, https:\/\/i0.wp.com\/www.tvnovelas.com.br\/tvnews\/wp-content\/uploads\/2025\/05\/11048gmdeu.jpg?resize=250%2C141&amp;ssl=1 250w\" sizes=\"(max-width: 728px) 100vw, 728px\" \/><figcaption id=\"caption-attachment-75954\" class=\"wp-caption-text\">Garota do Momento na semana 5 a 10\/5<\/figcaption><\/figure><\/p>\n<blockquote><p><strong style=\"color: #FA812F;\">Nos pr\u00f3ximos cap\u00edtulos de Garota do Momento, <\/strong>Celeste sofre com o preconceito das amigas ao descobrirem sua gravidez; Bia se muda para a casa de Beto; Maristela decide internar Clarice com a ajuda de Pimenta; Eug\u00eania e Bia defendem Celeste dos ataques das amigas&#8230;.<\/p><\/blockquote>\n<\/div>\n<h2 style=\"color: #205781;\">Resumo de segunda-feira, 05 de maio<\/h2>\n<p>Clarice revela a Beto e Beatriz que foi Juliano quem tirou a vida de Val\u00e9ria. Beatriz convence Clarice a deixar a mans\u00e3o dos Alencar. Beto se casa com Bia no hospital. Ronaldo conhece Camila. Clarice agradece o apoio de Greg\u00f3rio na recupera\u00e7\u00e3o de sua mem\u00f3ria. Jacira convida Alfonso para ir a sua casa. Clarice afirma a Z\u00e9lia que se mudar\u00e1 para a pens\u00e3o de Iolanda. Celeste sofre com o preconceito das amigas ao descobrirem sua gravidez. Alfonso se encanta com Teresa. Juliano descobre que Bia se mudar\u00e1 para a casa de Beto.\u00a0<br \/>\n<figure id=\"attachment_75954\" aria-describedby=\"caption-attachment-75954\" style=\"width: 728px\" class=\"wp-caption alignnone\"><img data-recalc-dims=\"1\" decoding=\"async\" src=\"https:\/\/i0.wp.com\/www.tvnovelas.com.br\/tvnews\/wp-content\/uploads\/2025\/05\/11048gma.jpg?resize=728%2C410&#038;ssl=1\" alt=\"foto em Garota do Momento na semana 5 a 10\/5\" title=\"(Foto: Globo\/Garota do Momento)\" width=\"728\" height=\"410\" class=\"size-full wp-image-75954\" \/><figcaption id=\"caption-attachment-75954\" class=\"wp-caption-text\">Garota do Momento na semana 5 a 10\/5<\/figcaption><\/figure><br \/>\n\u00a0<\/p>\n<h2 style=\"color: #205781;\">Resumo de ter\u00e7a-feira, 06 de maio<\/h2>\n<p>Juliano impede Clarice de deixar a mans\u00e3o e a amorda\u00e7a. Beatriz tem um mau pressentimento com sua m\u00e3e. Maristela decide internar Clarice com a ajuda de Pimenta. Beatriz pede ajuda a Beto e Bas\u00edlio para descobrir o que houve com sua m\u00e3e. Raimundo desconfia de Camila. Alfredo sente ci\u00fames de Alfonso. Bia se muda para a casa de Beto. Pimenta dopa Clarice.<br \/>\n\u00a0<\/p>\n<h2 style=\"color: #205781;\">Resumo de quarta-feira, 07 de maio<\/h2>\n<p>Beatriz e Bas\u00edlio invadem a mans\u00e3o \u00e0 procura de Clarice. Z\u00e9lia garante a Teresa que descobrir\u00e1 o paradeiro de Clarice. Maristela se irrita quando Bia garante que ficar\u00e1 na casa de Beto. Astrid confronta Z\u00e9lia sobre a perman\u00eancia de Celeste na Magnifique. L\u00edgia defende Celeste de Z\u00e9lia. Beatriz e Teresa pedem ajuda a Greg\u00f3rio para resgatar Clarice. L\u00edgia conhece Camila. Bia se entristece com o comportamento de Beto. Greg\u00f3rio manipula Pimenta e entra no quarto de Clarice.<br \/>\n<figure id=\"attachment_75954\" aria-describedby=\"caption-attachment-75954\" style=\"width: 728px\" class=\"wp-caption alignnone\"><img data-recalc-dims=\"1\" decoding=\"async\" src=\"https:\/\/i0.wp.com\/www.tvnovelas.com.br\/tvnews\/wp-content\/uploads\/2025\/05\/11048gmcmar.jpg?resize=728%2C410&#038;ssl=1\" alt=\"foto em Garota do Momento na semana 5 a 10\/5\" title=\"(Foto: Globo\/Garota do Momento)\" width=\"728\" height=\"410\" class=\"size-full wp-image-75954\" \/><figcaption id=\"caption-attachment-75954\" class=\"wp-caption-text\">Garota do Momento na semana 5 a 10\/5<\/figcaption><\/figure><br \/>\n\u00a0<\/p>\n<h2 style=\"color: #205781;\">Resumo de quinta-feira, 08 de maio<\/h2>\n<p>Greg\u00f3rio pede que Clarice tenha paci\u00eancia para deixar a cl\u00ednica. Celeste teme ir \u00e0 escola e sofrer retalia\u00e7\u00f5es. Maristela tenta disfar\u00e7ar para Miranda a presen\u00e7a e Bas\u00edlio em sua casa. Beatriz, Beto, Greg\u00f3rio e Teresa pensam em como resgatar Clarice. Alfredo tenta descobrir os pontos fracos de Alfonso. Z\u00e9lia tenta vender as joias de Clarice. Bas\u00edlio arma para que a sociedade saiba detalhes de seu casamento com Maristela. Eug\u00eania e Bia defendem Celeste dos ataques das amigas. Juliano e Maristela descobrem que Geraldo est\u00e1 vivo. Greg\u00f3rio consegue infiltrar Beatriz na cl\u00ednica psiqui\u00e1trica onde Clarice est\u00e1 internada.<br \/>\n\u00a0<\/p>\n<h2 style=\"color: #205781;\">Resumo de sexta-feira, 09 de maio<\/h2>\n<p>Beatriz engana Pimenta e invade o quarto de Clarice. Maristela faz uma alian\u00e7a com Geraldo. Maristela se desespera ao ser recha\u00e7ada por suas amigas. Camila afirma a Ronaldo que deseja apenas se divertir. Raimundo prop\u00f5e que Celeste e Edu se casem em cerim\u00f4nia religiosa. Geraldo desaparece. Jacira pede que Alfonso se afaste de Teresa. Bia sente ci\u00fames de Ronaldo com Camila. Beatriz prepara-se para tirar Clarice da cl\u00ednica psiqui\u00e1trica.<br \/>\n<figure id=\"attachment_75954\" aria-describedby=\"caption-attachment-75954\" style=\"width: 728px\" class=\"wp-caption alignnone\"><img data-recalc-dims=\"1\" decoding=\"async\" src=\"https:\/\/i0.wp.com\/www.tvnovelas.com.br\/tvnews\/wp-content\/uploads\/2025\/05\/11048gmbcel.jpg?resize=728%2C410&#038;ssl=1\" alt=\"foto em Garota do Momento na semana 5 a 10\/5\" title=\"(Foto: Globo\/Garota do Momento)\" width=\"728\" height=\"410\" class=\"size-full wp-image-75954\" \/><figcaption id=\"caption-attachment-75954\" class=\"wp-caption-text\">Garota do Momento na semana 5 a 10\/5<\/figcaption><\/figure><br \/>\n\u00a0<\/p>\n<h2 style=\"color: #205781;\">Resumo de s\u00e1bado, 10 de maio<\/h2>\n<p>Greg\u00f3rio consegue tirar Clarice da cl\u00ednica. Maristela amea\u00e7a Miranda e suas demais amigas da alta sociedade. Bia arma contra Camila, por ci\u00fames de Ronaldo. Alfonso confessa a Alfredo que \u00e9 seu irm\u00e3o. Na casa de Teresa, Clarice se preocupa com a situa\u00e7\u00e3o de Beatriz. Bas\u00edlio e Beto preparam-se para resgatar Beatriz da cl\u00ednica. Vera e L\u00edgia arrumam Celeste para seu casamento com Edu. Nelson observa de longe a cerim\u00f4nia de Edu e Celeste. Juliano procura Clarice.<br \/>\n<!--END--><\/p>\n<div class=\"fb-comments\" data-width=\"100%\" data-order-by=\"reverse_time\" data-numposts=\"5\"><\/div>\n<h2>\u00daltimas publica\u00e7\u00f5es de Garota do Momento<\/h2>\n<div class=\"pt-cv-wrapper\"><div class=\"pt-cv-view pt-cv-grid pt-cv-colsys\" id=\"pt-cv-view-54854578lu\"><div data-id=\"pt-cv-page-1\" class=\"pt-cv-page\" data-cvc=\"1\"><div class=\"col-md-12 col-sm-12 col-xs-12 pt-cv-content-item pt-cv-1-col\" ><div class='pt-cv-ifield'><h4 class=\"pt-cv-title\"><a href=\"https:\/\/www.tvnovelas.com.br\/tvnews\/garota-do-momento-beatriz-e-beto-se-casam\/\" class=\"_self\" target=\"_self\" >Garota do Momento: Beatriz e Beto se casam<\/a><\/h4><\/div><\/div>\n<div class=\"col-md-12 col-sm-12 col-xs-12 pt-cv-content-item pt-cv-1-col\" ><div class='pt-cv-ifield'><h4 class=\"pt-cv-title\"><a href=\"https:\/\/www.tvnovelas.com.br\/tvnews\/garota-do-momento-clarice-sequestrada-por-juliano-desespera-beatriz\/\" class=\"_self\" target=\"_self\" >Garota do Momento: Clarice sequestrada por Juliano desespera Beatriz<\/a><\/h4><\/div><\/div>\n<div class=\"col-md-12 col-sm-12 col-xs-12 pt-cv-content-item pt-cv-1-col\" ><div class='pt-cv-ifield'><h4 class=\"pt-cv-title\"><a href=\"https:\/\/www.tvnovelas.com.br\/tvnews\/garota-do-momento-clarice-cospe-na-cara-de-maristela\/\" class=\"_self\" target=\"_self\" >Garota do Momento: Clarice cospe na cara de Maristela<\/a><\/h4><\/div><\/div>\n<div class=\"col-md-12 col-sm-12 col-xs-12 pt-cv-content-item pt-cv-1-col\" ><div class='pt-cv-ifield'><h4 class=\"pt-cv-title\"><a href=\"https:\/\/www.tvnovelas.com.br\/tvnews\/garota-do-momento-ligia-emociona-ao-dedicar-nova-musica-a-raimundo\/\" class=\"_self\" target=\"_self\" >Garota do Momento: Ligia emociona ao dedicar nova m\u00fasica a Raimundo<\/a><\/h4><\/div><\/div>\n<div class=\"col-md-12 col-sm-12 col-xs-12 pt-cv-content-item pt-cv-1-col\" ><div class='pt-cv-ifield'><h4 class=\"pt-cv-title\"><a href=\"https:\/\/www.tvnovelas.com.br\/tvnews\/garota-do-momento-zelia-beatriz-e-basilio-unidos-para-desmascarar-juliano\/\" class=\"_self\" target=\"_self\" >Garota do Momento: Z\u00e9lia, Beatriz e Bas\u00edlio unidos para desmascarar Juliano<\/a><\/h4><\/div><\/div>\n<div class=\"col-md-12 col-sm-12 col-xs-12 pt-cv-content-item pt-cv-1-col\" ><div class='pt-cv-ifield'><h4 class=\"pt-cv-title\"><a href=\"https:\/\/www.tvnovelas.com.br\/tvnews\/garota-do-momento-ligia-confessa-que-ama-raimundo-e-quer-voltar\/\" class=\"_self\" target=\"_self\" >Garota do Momento: Ligia confessa que ama Raimundo e quer voltar<\/a><\/h4><\/div><\/div><\/div><\/div><\/div>\n<h2>\u00daltimas not\u00edcias das novelas<\/h2>\n<p><div class=\"pt-cv-wrapper\"><div class=\"pt-cv-view pt-cv-grid pt-cv-colsys\" id=\"pt-cv-view-90991035b3\"><div data-id=\"pt-cv-page-1\" class=\"pt-cv-page\" data-cvc=\"1\"><div class=\"col-md-12 col-sm-12 col-xs-12 pt-cv-content-item pt-cv-1-col\" ><div class='pt-cv-ifield'><h4 class=\"pt-cv-title\"><a href=\"https:\/\/www.tvnovelas.com.br\/tvnews\/coracao-de-mae-irmak-inicia-jogo-arriscado-contra-adnan\/\" class=\"_self\" target=\"_self\" >Cora\u00e7\u00e3o de M\u00e3e: Irmak inicia jogo arriscado contra Adnan<\/a><\/h4><\/div><\/div>\n<div class=\"col-md-12 col-sm-12 col-xs-12 pt-cv-content-item pt-cv-1-col\" ><div class='pt-cv-ifield'><h4 class=\"pt-cv-title\"><a href=\"https:\/\/www.tvnovelas.com.br\/tvnews\/guerra-das-rosas-omer-chama-gulru-vestida-de-noiva-para-fugir\/\" class=\"_self\" target=\"_self\" >Guerra das Rosas: Omer chama Gulru vestida de noiva para fugir<\/a><\/h4><\/div><\/div>\n<div class=\"col-md-12 col-sm-12 col-xs-12 pt-cv-content-item pt-cv-1-col\" ><div class='pt-cv-ifield'><h4 class=\"pt-cv-title\"><a href=\"https:\/\/www.tvnovelas.com.br\/tvnews\/coracao-de-mae-reha-sai-para-jantar-com-selvi\/\" class=\"_self\" target=\"_self\" >Cora\u00e7\u00e3o de M\u00e3e: Reha sai para jantar com Selvi<\/a><\/h4><\/div><\/div>\n<div class=\"col-md-12 col-sm-12 col-xs-12 pt-cv-content-item pt-cv-1-col\" ><div class='pt-cv-ifield'><h4 class=\"pt-cv-title\"><a href=\"https:\/\/www.tvnovelas.com.br\/tvnews\/coracao-acelerado-zila-se-preocupa-com-sua-situacao-apos-separacao\/\" class=\"_self\" target=\"_self\" >Cora\u00e7\u00e3o Acelerado: Zil\u00e1 se preocupa com sua situa\u00e7\u00e3o ap\u00f3s separa\u00e7\u00e3o<\/a><\/h4><\/div><\/div>\n<div class=\"col-md-12 col-sm-12 col-xs-12 pt-cv-content-item pt-cv-1-col\" ><div class='pt-cv-ifield'><h4 class=\"pt-cv-title\"><a href=\"https:\/\/www.tvnovelas.com.br\/tvnews\/a-nobreza-do-amor-tonho-nao-se-curva-diante-de-mirinho\/\" class=\"_self\" target=\"_self\" >A Nobreza do Amor: Tonho n\u00e3o se curva diante de Mirinho<\/a><\/h4><\/div><\/div>\n<div class=\"col-md-12 col-sm-12 col-xs-12 pt-cv-content-item pt-cv-1-col\" ><div class='pt-cv-ifield'><h4 class=\"pt-cv-title\"><a href=\"https:\/\/www.tvnovelas.com.br\/tvnews\/tres-gracas-arminda-surta-ao-confirmar-que-ferette-e-pai-de-raul\/\" class=\"_self\" target=\"_self\" >Tr\u00eas Gra\u00e7as:  Arminda surta ao confirmar que Ferette \u00e9 pai de Raul<\/a><\/h4><\/div><\/div>\n<div class=\"col-md-12 col-sm-12 col-xs-12 pt-cv-content-item pt-cv-1-col\" ><div class='pt-cv-ifield'><h4 class=\"pt-cv-title\"><a href=\"https:\/\/www.tvnovelas.com.br\/tvnews\/coracao-de-mae-atilla-confronta-hasan-e-exige-o-divorcio-de-lale\/\" class=\"_self\" target=\"_self\" >Cora\u00e7\u00e3o de M\u00e3e: Atilla confronta Hasan e exige o div\u00f3rcio de Lale<\/a><\/h4><\/div><\/div>\n<div class=\"col-md-12 col-sm-12 col-xs-12 pt-cv-content-item pt-cv-1-col\" ><div class='pt-cv-ifield'><h4 class=\"pt-cv-title\"><a href=\"https:\/\/www.tvnovelas.com.br\/tvnews\/guerra-das-rosas-gulfem-coloca-gulru-contra-a-parede\/\" class=\"_self\" target=\"_self\" >Guerra das Rosas: Gulfem coloca Gulru contra a parede<\/a><\/h4><\/div><\/div>\n<div class=\"col-md-12 col-sm-12 col-xs-12 pt-cv-content-item pt-cv-1-col\" ><div class='pt-cv-ifield'><h4 class=\"pt-cv-title\"><a href=\"https:\/\/www.tvnovelas.com.br\/tvnews\/coracao-de-mae-atilla-diz-a-lale-que-quer-o-divorcio\/\" class=\"_self\" target=\"_self\" >Cora\u00e7\u00e3o de M\u00e3e: Atilla diz a Lale que quer o div\u00f3rcio<\/a><\/h4><\/div><\/div>\n<div class=\"col-md-12 col-sm-12 col-xs-12 pt-cv-content-item pt-cv-1-col\" ><div class='pt-cv-ifield'><h4 class=\"pt-cv-title\"><a href=\"https:\/\/www.tvnovelas.com.br\/tvnews\/a-nobreza-do-amor-mirinho-garante-noivado-com-virginia-para-atrair-sogro-a-negocio\/\" class=\"_self\" target=\"_self\" >A Nobreza do Amor: Mirinho garante noivado com Virg\u00ednia para atrair sogro a neg\u00f3cio<\/a><\/h4><\/div><\/div><\/div><\/div><\/div><br \/>\n<a href=\"https:\/\/wp.me\/pfspD2-Ti\" target=\"_blank\" rel=\"noopener\"><strong>Garota do Momento: A saga dos Alencar<\/strong><\/a> (Sinopse)<br \/>\n<a href=\"https:\/\/tvnovelas.com.br\/filmes\/filmes-na-tv-segunda\/\" target=\"_blank\" rel=\"noopener\">Confira a programa\u00e7\u00e3o de filmes na TV aberta<\/a><br \/>\n<a href=\"https:\/\/www.tvnovelas.com.br\/tvnews\/\">\u00daltimas not\u00edcias de todas as novelas<\/a><br \/>\n<!--END--><\/p>\n<div class=\"fb-comments\" data-width=\"100%\" data-order-by=\"reverse_time\" data-numposts=\"5\"><\/div>\n<h2>\u00daltimas publica\u00e7\u00f5es de Garota do Momento<\/h2>\n<div class=\"pt-cv-wrapper\"><div class=\"pt-cv-view pt-cv-grid pt-cv-colsys\" id=\"pt-cv-view-54854578lu\"><div data-id=\"pt-cv-page-1\" class=\"pt-cv-page\" data-cvc=\"1\"><div class=\"col-md-12 col-sm-12 col-xs-12 pt-cv-content-item pt-cv-1-col\" ><div class='pt-cv-ifield'><h4 class=\"pt-cv-title\"><a href=\"https:\/\/www.tvnovelas.com.br\/tvnews\/garota-do-momento-beatriz-e-beto-se-casam\/\" class=\"_self\" target=\"_self\" >Garota do Momento: Beatriz e Beto se casam<\/a><\/h4><\/div><\/div>\n<div class=\"col-md-12 col-sm-12 col-xs-12 pt-cv-content-item pt-cv-1-col\" ><div class='pt-cv-ifield'><h4 class=\"pt-cv-title\"><a href=\"https:\/\/www.tvnovelas.com.br\/tvnews\/garota-do-momento-clarice-sequestrada-por-juliano-desespera-beatriz\/\" class=\"_self\" target=\"_self\" >Garota do Momento: Clarice sequestrada por Juliano desespera Beatriz<\/a><\/h4><\/div><\/div>\n<div class=\"col-md-12 col-sm-12 col-xs-12 pt-cv-content-item pt-cv-1-col\" ><div class='pt-cv-ifield'><h4 class=\"pt-cv-title\"><a href=\"https:\/\/www.tvnovelas.com.br\/tvnews\/garota-do-momento-clarice-cospe-na-cara-de-maristela\/\" class=\"_self\" target=\"_self\" >Garota do Momento: Clarice cospe na cara de Maristela<\/a><\/h4><\/div><\/div>\n<div class=\"col-md-12 col-sm-12 col-xs-12 pt-cv-content-item pt-cv-1-col\" ><div class='pt-cv-ifield'><h4 class=\"pt-cv-title\"><a href=\"https:\/\/www.tvnovelas.com.br\/tvnews\/garota-do-momento-ligia-emociona-ao-dedicar-nova-musica-a-raimundo\/\" class=\"_self\" target=\"_self\" >Garota do Momento: Ligia emociona ao dedicar nova m\u00fasica a Raimundo<\/a><\/h4><\/div><\/div>\n<div class=\"col-md-12 col-sm-12 col-xs-12 pt-cv-content-item pt-cv-1-col\" ><div class='pt-cv-ifield'><h4 class=\"pt-cv-title\"><a href=\"https:\/\/www.tvnovelas.com.br\/tvnews\/garota-do-momento-zelia-beatriz-e-basilio-unidos-para-desmascarar-juliano\/\" class=\"_self\" target=\"_self\" >Garota do Momento: Z\u00e9lia, Beatriz e Bas\u00edlio unidos para desmascarar Juliano<\/a><\/h4><\/div><\/div>\n<div class=\"col-md-12 col-sm-12 col-xs-12 pt-cv-content-item pt-cv-1-col\" ><div class='pt-cv-ifield'><h4 class=\"pt-cv-title\"><a href=\"https:\/\/www.tvnovelas.com.br\/tvnews\/garota-do-momento-ligia-confessa-que-ama-raimundo-e-quer-voltar\/\" class=\"_self\" target=\"_self\" >Garota do Momento: Ligia confessa que ama Raimundo e quer voltar<\/a><\/h4><\/div><\/div><\/div><\/div><\/div>\n","protected":false},"excerpt":{"rendered":"<p>Garota do Momento na semana 5 a 10\/5&#8230; Nos pr\u00f3ximos cap\u00edtulos de Garota do Momento, Celeste sofre com o preconceito das amigas ao descobrirem sua gravidez&#8230;<\/p>\n","protected":false},"author":1,"featured_media":75954,"comment_status":"closed","ping_status":"closed","sticky":false,"template":"","format":"standard","meta":{"_uf_show_specific_survey":0,"_uf_disable_surveys":false,"_jetpack_memberships_contains_paid_content":false,"footnotes":"","_wp_rev_ctl_limit":""},"categories":[812],"tags":[813,5,64,344],"class_list":["post-75950","post","type-post","status-publish","format-standard","has-post-thumbnail","hentry","category-garota-do-momento","tag-garota-do-momento","tag-globo","tag-novelas","tag-resumos-de-novelas","wpcat-812-id"],"aioseo_notices":[],"jetpack_featured_media_url":"https:\/\/i0.wp.com\/www.tvnovelas.com.br\/tvnews\/wp-content\/uploads\/2025\/05\/11048gmdeu.jpg?fit=728%2C410&ssl=1","jetpack_shortlink":"https:\/\/wp.me\/pdP2BO-jL0","jetpack_sharing_enabled":true,"_links":{"self":[{"href":"https:\/\/www.tvnovelas.com.br\/tvnews\/wp-json\/wp\/v2\/posts\/75950","targetHints":{"allow":["GET"]}}],"collection":[{"href":"https:\/\/www.tvnovelas.com.br\/tvnews\/wp-json\/wp\/v2\/posts"}],"about":[{"href":"https:\/\/www.tvnovelas.com.br\/tvnews\/wp-json\/wp\/v2\/types\/post"}],"author":[{"embeddable":true,"href":"https:\/\/www.tvnovelas.com.br\/tvnews\/wp-json\/wp\/v2\/users\/1"}],"replies":[{"embeddable":true,"href":"https:\/\/www.tvnovelas.com.br\/tvnews\/wp-json\/wp\/v2\/comments?post=75950"}],"version-history":[{"count":5,"href":"https:\/\/www.tvnovelas.com.br\/tvnews\/wp-json\/wp\/v2\/posts\/75950\/revisions"}],"predecessor-version":[{"id":76026,"href":"https:\/\/www.tvnovelas.com.br\/tvnews\/wp-json\/wp\/v2\/posts\/75950\/revisions\/76026"}],"wp:featuredmedia":[{"embeddable":true,"href":"https:\/\/www.tvnovelas.com.br\/tvnews\/wp-json\/wp\/v2\/media\/75954"}],"wp:attachment":[{"href":"https:\/\/www.tvnovelas.com.br\/tvnews\/wp-json\/wp\/v2\/media?parent=75950"}],"wp:term":[{"taxonomy":"category","embeddable":true,"href":"https:\/\/www.tvnovelas.com.br\/tvnews\/wp-json\/wp\/v2\/categories?post=75950"},{"taxonomy":"post_tag","embeddable":true,"href":"https:\/\/www.tvnovelas.com.br\/tvnews\/wp-json\/wp\/v2\/tags?post=75950"}],"curies":[{"name":"wp","href":"https:\/\/api.w.org\/{rel}","templated":true}]}}