{"id":76027,"date":"2025-05-02T19:46:25","date_gmt":"2025-05-02T22:46:25","guid":{"rendered":"https:\/\/www.tvnovelas.com.br\/tvnews\/?p=76027"},"modified":"2025-05-02T19:46:25","modified_gmt":"2025-05-02T22:46:25","slug":"o-que-se-passa-em-vale-tudo-na-semana-05-a-10-05","status":"publish","type":"post","link":"https:\/\/www.tvnovelas.com.br\/tvnews\/o-que-se-passa-em-vale-tudo-na-semana-05-a-10-05\/","title":{"rendered":"O que se passa em Vale Tudo na semana 05 a 10\/05"},"content":{"rendered":"<div style=\"background-color: #DDEB9D;\">\n.<br \/>\n<figure id=\"attachment_76033\" aria-describedby=\"caption-attachment-76033\" style=\"width: 728px\" class=\"wp-caption alignnone\"><img data-recalc-dims=\"1\" decoding=\"async\" src=\"https:\/\/i0.wp.com\/www.tvnovelas.com.br\/tvnews\/wp-content\/uploads\/2025\/05\/11061d.jpg?resize=728%2C410&#038;ssl=1\" alt=\"Foto em Vale Tudo na semana 05 a 10\/05\" title=\"(Foto: TV Globo\/Vale Tudo)\" width=\"728\" height=\"410\" class=\"size-full wp-image-76033\" srcset=\"https:\/\/i0.wp.com\/www.tvnovelas.com.br\/tvnews\/wp-content\/uploads\/2025\/05\/11061d.jpg?w=728&amp;ssl=1 728w, https:\/\/i0.wp.com\/www.tvnovelas.com.br\/tvnews\/wp-content\/uploads\/2025\/05\/11061d.jpg?resize=250%2C141&amp;ssl=1 250w\" sizes=\"(max-width: 728px) 100vw, 728px\" \/><figcaption id=\"caption-attachment-76033\" class=\"wp-caption-text\">Vale Tudo na semana 05 a 10\/05<\/figcaption><\/figure><br \/>\nale Tudo)&#8221; width=&#8221;728&#8243; height=&#8221;410&#8243; class=&#8221;size-full wp-image-76033&#8243; \/> Vale Tudo na semana 05 a 10\/05[\/caption]<\/p>\n<blockquote><p><strong style=\"color: #FA812F;\">Nos pr\u00f3ximos cap\u00edtulos de Vale tudo, <\/strong><br \/>\nRaquel diz a Ivan que teme ser presa por conta do conte\u00fado da mala; F\u00e1tima questiona Raquel quando a m\u00e3e lhe entrega um envelope de dinheiro dizendo que \u00e9 pagamento do seguro de Rubinho; Raquel expulsa C\u00e9sar de seu restaurante, ao se deparar com ele no local perguntando sobre F\u00e1tima&#8230;<\/p><\/blockquote>\n<\/div>\n<h2 style=\"color: #205781;\">Resumo de segunda-feira, 05 de maio<\/h2>\n<p>Raquel diz a Ivan que teme ser presa por conta do conte\u00fado da mala. Maria de F\u00e1tima aconselha Solange a convidar Odete para jantar em sua casa, como parte de um plano para separar a amiga de Afonso. Ivan e Raquel decidem guardar o que encontraram em um cofre de banco. Renato e Leila se encontram. Raquel mente para Maria de F\u00e1tima ao dizer que doou os pertences de Rubinho. Ivan desconfia de que o conte\u00fado da mala perten\u00e7a a Renato. Maria de F\u00e1tima comenta com C\u00e9sar que sentiu que Raquel e Ivan mentiram para ela. Odete chega \u00e0 casa de Solange.<br \/>\n<figure id=\"attachment_76033\" aria-describedby=\"caption-attachment-76033\" style=\"width: 728px\" class=\"wp-caption alignnone\"><img data-recalc-dims=\"1\" decoding=\"async\" src=\"https:\/\/i0.wp.com\/www.tvnovelas.com.br\/tvnews\/wp-content\/uploads\/2025\/05\/11061c.jpg?resize=728%2C410&#038;ssl=1\" alt=\"Foto em Vale Tudo na semana 05 a 10\/05\" title=\"(Foto: TV Globo\/Vale Tudo)\" width=\"728\" height=\"410\" class=\"size-full wp-image-76033\" \/><figcaption id=\"caption-attachment-76033\" class=\"wp-caption-text\">Vale Tudo na semana 05 a 10\/05<\/figcaption><\/figure>\u00a0<\/p>\n<h2 style=\"color: #205781;\">Resumo de ter\u00e7a-feira, 06 de maio<\/h2>\n<p>Odete registra o momento em que Maria de F\u00e1tima cumprimenta Afonso. Celina e Afonso percebem que Odete flerta com o gar\u00e7om que foi contratado para o jantar na casa de Solange. Solange se sente insultada por Odete. Solange se surpreende com a rea\u00e7\u00e3o de Afonso ao saber da tentativa de suborno de sua m\u00e3e. Maria de F\u00e1tima comemora com C\u00e9sar a briga entre Solange e Odete. Heleninha revela a Ivan que voltou a pintar por causa da conversa que teve com ele. Bartolomeu avisa a Eunice que foi demitido. F\u00e1tima questiona Raquel quando a m\u00e3e lhe entrega um envelope de dinheiro dizendo que \u00e9 pagamento do seguro de Rubinho.<br \/>\n\u00a0<\/p>\n<h2 style=\"color: #205781;\">Resumo de quarta-feira, 07 de maio<\/h2>\n<p>Maria de F\u00e1tima comenta com C\u00e9sar sua suspeita de que Rubinho possa ter roubado dinheiro de Marco Aur\u00e9lio. Fernanda aconselha a m\u00e3e a contar a Bartolomeu que ser\u00e1 modelo de uma campanha. Raquel sente ci\u00fames da proximidade de Ivan com Heleninha. Poliana diz a Raquel que Maria de F\u00e1tima o procurou. Maria de F\u00e1tima provoca um acidente para sensibilizar Raquel. Luciano alerta Ivan sobre sua rela\u00e7\u00e3o com Heleninha, insinuando que ela demonstra estar interessada no executivo. Celina diz a Odete que Heleninha n\u00e3o est\u00e1 nervosa com a exposi\u00e7\u00e3o e sim com a expectativa do encontro com Ivan. Ivan decepciona Heleninha ao apresentar Raquel como sua mulher.\u00a0<br \/>\n<figure id=\"attachment_76033\" aria-describedby=\"caption-attachment-76033\" style=\"width: 728px\" class=\"wp-caption alignnone\"><img data-recalc-dims=\"1\" decoding=\"async\" src=\"https:\/\/i0.wp.com\/www.tvnovelas.com.br\/tvnews\/wp-content\/uploads\/2025\/05\/11061b.jpg?resize=728%2C410&#038;ssl=1\" alt=\"Foto em Vale Tudo na semana 05 a 10\/05\" title=\"(Foto: TV Globo\/Vale Tudo)\" width=\"728\" height=\"410\" class=\"size-full wp-image-76033\" \/><figcaption id=\"caption-attachment-76033\" class=\"wp-caption-text\">Vale Tudo na semana 05 a 10\/05<\/figcaption><\/figure>\u00a0<\/p>\n<h2 style=\"color: #205781;\">Resumo de quinta-feira, 08 de maio<\/h2>\n<p>\u00a0<br \/>\nMaria de F\u00e1tima finge passar mal ao ver Raquel na exposi\u00e7\u00e3o de Heleninha, e Odete a observa. Raquel enfrenta Odete, e diz a Ivan que Heleninha teve uma crise de ci\u00fames quando a viu. Tiago fica preocupado com o sumi\u00e7o da m\u00e3e. Heleninha chega em casa, acompanhada por policiais. Maria de F\u00e1tima prop\u00f5e a Raquel que as duas aluguem um apartamento. Odete incentiva Heleninha a n\u00e3o desistir de Ivan. Fernanda aceita jantar na casa de Andr\u00e9. Raquel aluga um apartamento no pr\u00e9dio de Ivan para morar com a filha. Odete procura Maria de F\u00e1tima para perguntar qual a rela\u00e7\u00e3o dela com Raquel.<br \/>\n\u00a0<\/p>\n<h2 style=\"color: #205781;\">Resumo de sexta-feira, 09 de maio<\/h2>\n<p>\u00a0<br \/>\nMaria de F\u00e1tima revela a Odete que Raquel \u00e9 sua m\u00e3e. Odete se alia a Maria de F\u00e1tima. Eunice conta a Bartolomeu sobre seu trabalho como modelo. Ivan estranha a mudan\u00e7a de Maria de F\u00e1tima em rela\u00e7\u00e3o \u00e0 m\u00e3e. Raquel conta a Ivan que conversou com Renato e que tem certeza de que a mala n\u00e3o \u00e9 dele. Raquel expulsa C\u00e9sar de seu restaurante, ao se deparar com ele no local perguntando sobre F\u00e1tima. Maria de F\u00e1tima escuta Raquel dizer a Ivan que entregar\u00e1 o conte\u00fado da mala a Marco Aur\u00e9lio.<br \/>\n<figure id=\"attachment_76033\" aria-describedby=\"caption-attachment-76033\" style=\"width: 728px\" class=\"wp-caption alignnone\"><img data-recalc-dims=\"1\" decoding=\"async\" src=\"https:\/\/i0.wp.com\/www.tvnovelas.com.br\/tvnews\/wp-content\/uploads\/2025\/05\/11061a.jpg?resize=728%2C410&#038;ssl=1\" alt=\"Foto em Vale Tudo na semana 05 a 10\/05\" title=\"(Foto: TV Globo\/Vale Tudo)\" width=\"728\" height=\"410\" class=\"size-full wp-image-76033\" \/><figcaption id=\"caption-attachment-76033\" class=\"wp-caption-text\">Vale Tudo na semana 05 a 10\/05<\/figcaption><\/figure><\/p>\n<h2 style=\"color: #205781;\">Resumo de s\u00e1bado, 10 de maio<\/h2>\n<p>Raquel se nega a dar a chave do cofre para Ivan e pede um tempo para pensar. F\u00e1tima e C\u00e9sar combinam como impedir\u00e3o Raquel de entregar de ir at\u00e9 Marco Aur\u00e9lio. Raquel vai ao banco com Gilda. Gilda \u00e9 atropelada por Olavo, e Raquel se desespera. Olavo leva Raquel e Gilda para casa. Raquel esconde uma sacola em casa. Solange faz um teste de gravidez. Luciano nota a preocupa\u00e7\u00e3o de Ivan. F\u00e1tima dopa Raquel e Gilda para tentar achar o que a m\u00e3e escondeu.<br \/>\n<!--FIM DO POST--><\/p>\n<div class=\"fb-comments\" data-width=\"100%\" data-order-by=\"reverse_time\" data-numposts=\"5\"><\/div>\n<p><h2>Mais:<\/h2>\r\n<p><a href=\"https:\/\/tvnovelas.com.br\/novelas\/resumos-de-vale-tudo\/\" target=\"_blank\" rel=\"noopener\">Confira os resumos da semana de Vale Tudo'<\/a><\/p>\r\n<p><a href=\"https:\/\/wp.me\/pfspD2-U7\" target=\"_blank\" rel=\"noopener\">Vale Tudo: Conflitos de princ\u00edpios e valores (Sinopse)<\/a>\r\n<p><a href=\"https:\/\/wp.me\/pfspD2-oI\" target=\"_blank\" rel=\"noopener\">Vale Tudo: Invers\u00e3o de valores no final dos anos 1980<\/a> (Sinopse)<\/p>\r\n<p><a href=\"https:\/\/pt.wikipedia.org\/wiki\/Vale_Tudo_(2025)\" target=\"_blank\" rel=\"noopener\">Sobre Vale Tudo (2025) na Wikipedia<\/a><\/p>\r\n<p><a href=\"https:\/\/tvnovelas.com.br\/novelas\/\" target=\"_blank\" rel=\"noopener\">Resumos de todas as novelas<\/a><\/p>\r\n<p><strong style=\"font-size: 120%;\">\u00daltimas not\u00edcias de 'Vale Tudo':<\/strong><\/p>\r\n<div class=\"pt-cv-wrapper\"><h2 class='pt-cv-heading-container heading2' data-blockid='d7366c1g0j'><span class='pt-cv-heading'> \u00daltimas da novela <\/span><\/h2><div class=\"pt-cv-view pt-cv-grid pt-cv-colsys\" id=\"pt-cv-view-d7366c1g0j\"><div data-id=\"pt-cv-page-1\" class=\"pt-cv-page\" data-cvc=\"1\"><div class=\"col-md-12 col-sm-12 col-xs-12 pt-cv-content-item pt-cv-1-col\" ><div class='pt-cv-ifield'><h4 class=\"pt-cv-title\"><a href=\"https:\/\/www.tvnovelas.com.br\/tvnews\/vale-tudo-casamento-de-raquel-e-ivan-entre-os-finais\/\" class=\"_self\" target=\"_self\" >Vale Tudo: Casamento de Raquel e Ivan entre os finais<\/a><\/h4><\/div><\/div>\n<div class=\"col-md-12 col-sm-12 col-xs-12 pt-cv-content-item pt-cv-1-col\" ><div class='pt-cv-ifield'><h4 class=\"pt-cv-title\"><a href=\"https:\/\/www.tvnovelas.com.br\/tvnews\/vale-tudo-fatima-decide-entregar-o-filho-para-a-adocao\/\" class=\"_self\" target=\"_self\" >Vale Tudo: F\u00e1tima decide entregar o filho para a ado\u00e7\u00e3o<\/a><\/h4><\/div><\/div>\n<div class=\"col-md-12 col-sm-12 col-xs-12 pt-cv-content-item pt-cv-1-col\" ><div class='pt-cv-ifield'><h4 class=\"pt-cv-title\"><a href=\"https:\/\/www.tvnovelas.com.br\/tvnews\/vale-tudo-cesar-e-fatima-se-reencontram\/\" class=\"_self\" target=\"_self\" >Vale Tudo: C\u00e9sar e F\u00e1tima se reencontram<\/a><\/h4><\/div><\/div><\/div><\/div><\/div>\r\n<p><strong style=\"font-size: 120%;\">\u00daltimas not\u00edcias deste site:<\/strong><\/p>\r\n<div class=\"pt-cv-wrapper\"><div class=\"pt-cv-view pt-cv-grid pt-cv-colsys\" id=\"pt-cv-view-90991035b3\"><div data-id=\"pt-cv-page-1\" class=\"pt-cv-page\" data-cvc=\"1\"><div class=\"col-md-12 col-sm-12 col-xs-12 pt-cv-content-item pt-cv-1-col\" ><div class='pt-cv-ifield'><h4 class=\"pt-cv-title\"><a href=\"https:\/\/www.tvnovelas.com.br\/tvnews\/coracao-de-mae-irmak-inicia-jogo-arriscado-contra-adnan\/\" class=\"_self\" target=\"_self\" >Cora\u00e7\u00e3o de M\u00e3e: Irmak inicia jogo arriscado contra Adnan<\/a><\/h4><\/div><\/div>\n<div class=\"col-md-12 col-sm-12 col-xs-12 pt-cv-content-item pt-cv-1-col\" ><div class='pt-cv-ifield'><h4 class=\"pt-cv-title\"><a href=\"https:\/\/www.tvnovelas.com.br\/tvnews\/guerra-das-rosas-omer-chama-gulru-vestida-de-noiva-para-fugir\/\" class=\"_self\" target=\"_self\" >Guerra das Rosas: Omer chama Gulru vestida de noiva para fugir<\/a><\/h4><\/div><\/div>\n<div class=\"col-md-12 col-sm-12 col-xs-12 pt-cv-content-item pt-cv-1-col\" ><div class='pt-cv-ifield'><h4 class=\"pt-cv-title\"><a href=\"https:\/\/www.tvnovelas.com.br\/tvnews\/coracao-de-mae-reha-sai-para-jantar-com-selvi\/\" class=\"_self\" target=\"_self\" >Cora\u00e7\u00e3o de M\u00e3e: Reha sai para jantar com Selvi<\/a><\/h4><\/div><\/div>\n<div class=\"col-md-12 col-sm-12 col-xs-12 pt-cv-content-item pt-cv-1-col\" ><div class='pt-cv-ifield'><h4 class=\"pt-cv-title\"><a href=\"https:\/\/www.tvnovelas.com.br\/tvnews\/coracao-acelerado-zila-se-preocupa-com-sua-situacao-apos-separacao\/\" class=\"_self\" target=\"_self\" >Cora\u00e7\u00e3o Acelerado: Zil\u00e1 se preocupa com sua situa\u00e7\u00e3o ap\u00f3s separa\u00e7\u00e3o<\/a><\/h4><\/div><\/div>\n<div class=\"col-md-12 col-sm-12 col-xs-12 pt-cv-content-item pt-cv-1-col\" ><div class='pt-cv-ifield'><h4 class=\"pt-cv-title\"><a href=\"https:\/\/www.tvnovelas.com.br\/tvnews\/a-nobreza-do-amor-tonho-nao-se-curva-diante-de-mirinho\/\" class=\"_self\" target=\"_self\" >A Nobreza do Amor: Tonho n\u00e3o se curva diante de Mirinho<\/a><\/h4><\/div><\/div>\n<div class=\"col-md-12 col-sm-12 col-xs-12 pt-cv-content-item pt-cv-1-col\" ><div class='pt-cv-ifield'><h4 class=\"pt-cv-title\"><a href=\"https:\/\/www.tvnovelas.com.br\/tvnews\/tres-gracas-arminda-surta-ao-confirmar-que-ferette-e-pai-de-raul\/\" class=\"_self\" target=\"_self\" >Tr\u00eas Gra\u00e7as:  Arminda surta ao confirmar que Ferette \u00e9 pai de Raul<\/a><\/h4><\/div><\/div>\n<div class=\"col-md-12 col-sm-12 col-xs-12 pt-cv-content-item pt-cv-1-col\" ><div class='pt-cv-ifield'><h4 class=\"pt-cv-title\"><a href=\"https:\/\/www.tvnovelas.com.br\/tvnews\/coracao-de-mae-atilla-confronta-hasan-e-exige-o-divorcio-de-lale\/\" class=\"_self\" target=\"_self\" >Cora\u00e7\u00e3o de M\u00e3e: Atilla confronta Hasan e exige o div\u00f3rcio de Lale<\/a><\/h4><\/div><\/div>\n<div class=\"col-md-12 col-sm-12 col-xs-12 pt-cv-content-item pt-cv-1-col\" ><div class='pt-cv-ifield'><h4 class=\"pt-cv-title\"><a href=\"https:\/\/www.tvnovelas.com.br\/tvnews\/guerra-das-rosas-gulfem-coloca-gulru-contra-a-parede\/\" class=\"_self\" target=\"_self\" >Guerra das Rosas: Gulfem coloca Gulru contra a parede<\/a><\/h4><\/div><\/div>\n<div class=\"col-md-12 col-sm-12 col-xs-12 pt-cv-content-item pt-cv-1-col\" ><div class='pt-cv-ifield'><h4 class=\"pt-cv-title\"><a href=\"https:\/\/www.tvnovelas.com.br\/tvnews\/coracao-de-mae-atilla-diz-a-lale-que-quer-o-divorcio\/\" class=\"_self\" target=\"_self\" >Cora\u00e7\u00e3o de M\u00e3e: Atilla diz a Lale que quer o div\u00f3rcio<\/a><\/h4><\/div><\/div>\n<div class=\"col-md-12 col-sm-12 col-xs-12 pt-cv-content-item pt-cv-1-col\" ><div class='pt-cv-ifield'><h4 class=\"pt-cv-title\"><a href=\"https:\/\/www.tvnovelas.com.br\/tvnews\/a-nobreza-do-amor-mirinho-garante-noivado-com-virginia-para-atrair-sogro-a-negocio\/\" class=\"_self\" target=\"_self\" >A Nobreza do Amor: Mirinho garante noivado com Virg\u00ednia para atrair sogro a neg\u00f3cio<\/a><\/h4><\/div><\/div><\/div><\/div><\/div>\r\n<h3>Confira tamb\u00e9m<\/h3>\r\n<p><a href=\"https:\/\/www.tvnovelas.com.br\/filmes\/\" target=\"_blank\" rel=\"noopener noreferrer\"><strong>Programa\u00e7\u00e3o de filmes na TV aberta<\/strong><\/a><\/p>\r\n<p><a href=\"https:\/\/caetenews.com.br\/semana\/filmes-da-globo-na-sessao-da-tarde-desta-semana\/\" target=\"_blank\" rel=\"noopener\"><strong>Confira os filmes da semana na Sess\u00e3o da Tarde<\/strong><\/a><\/p>\r\n<p><a href=\"https:\/\/www.tvnovelas.com.br\/novelas\/\"><strong>Confira os resumos da semana de todas novelas<\/strong><\/a><\/p><br \/>\n<a href=\"https:\/\/tvnovelas.com.br\/filmes\/filmes-na-tv-segunda\/\" target=\"_blank\" rel=\"noopener\">Confira a Progrma\u00e7\u00e3o de Filmes na TV aberta<\/a><br \/>\n<a href=\"https:\/\/www.tvnovelas.com.br\/tvnews\/\" target=\"_blank\" rel=\"noopener\">\u00daltimas not\u00edcias das novelas<\/a><\/p>\n","protected":false},"excerpt":{"rendered":"<p>Vale Tudo na semana 05 a 10\/05&#8230; Nos pr\u00f3ximos cap\u00edtulos de Vale tudo, Raquel diz a Ivan que teme ser presa por conta do conte\u00fado da mala; F\u00e1tima questiona Raquel&#8230;<\/p>\n","protected":false},"author":1,"featured_media":76034,"comment_status":"closed","ping_status":"closed","sticky":false,"template":"","format":"standard","meta":{"_uf_show_specific_survey":0,"_uf_disable_surveys":false,"_jetpack_memberships_contains_paid_content":false,"footnotes":"","_wp_rev_ctl_limit":""},"categories":[871],"tags":[5,64,801],"class_list":["post-76027","post","type-post","status-publish","format-standard","has-post-thumbnail","hentry","category-vale-tudo","tag-globo","tag-novelas","tag-vale-tudo","wpcat-871-id"],"aioseo_notices":[],"jetpack_featured_media_url":"https:\/\/i0.wp.com\/www.tvnovelas.com.br\/tvnews\/wp-content\/uploads\/2025\/05\/11061c.jpg?fit=728%2C410&ssl=1","jetpack_shortlink":"https:\/\/wp.me\/pdP2BO-jMf","jetpack_sharing_enabled":true,"_links":{"self":[{"href":"https:\/\/www.tvnovelas.com.br\/tvnews\/wp-json\/wp\/v2\/posts\/76027","targetHints":{"allow":["GET"]}}],"collection":[{"href":"https:\/\/www.tvnovelas.com.br\/tvnews\/wp-json\/wp\/v2\/posts"}],"about":[{"href":"https:\/\/www.tvnovelas.com.br\/tvnews\/wp-json\/wp\/v2\/types\/post"}],"author":[{"embeddable":true,"href":"https:\/\/www.tvnovelas.com.br\/tvnews\/wp-json\/wp\/v2\/users\/1"}],"replies":[{"embeddable":true,"href":"https:\/\/www.tvnovelas.com.br\/tvnews\/wp-json\/wp\/v2\/comments?post=76027"}],"version-history":[{"count":5,"href":"https:\/\/www.tvnovelas.com.br\/tvnews\/wp-json\/wp\/v2\/posts\/76027\/revisions"}],"predecessor-version":[{"id":76039,"href":"https:\/\/www.tvnovelas.com.br\/tvnews\/wp-json\/wp\/v2\/posts\/76027\/revisions\/76039"}],"wp:featuredmedia":[{"embeddable":true,"href":"https:\/\/www.tvnovelas.com.br\/tvnews\/wp-json\/wp\/v2\/media\/76034"}],"wp:attachment":[{"href":"https:\/\/www.tvnovelas.com.br\/tvnews\/wp-json\/wp\/v2\/media?parent=76027"}],"wp:term":[{"taxonomy":"category","embeddable":true,"href":"https:\/\/www.tvnovelas.com.br\/tvnews\/wp-json\/wp\/v2\/categories?post=76027"},{"taxonomy":"post_tag","embeddable":true,"href":"https:\/\/www.tvnovelas.com.br\/tvnews\/wp-json\/wp\/v2\/tags?post=76027"}],"curies":[{"name":"wp","href":"https:\/\/api.w.org\/{rel}","templated":true}]}}