{"id":76126,"date":"2025-05-05T12:31:13","date_gmt":"2025-05-05T15:31:13","guid":{"rendered":"https:\/\/www.tvnovelas.com.br\/tvnews\/?p=76126"},"modified":"2025-05-05T12:31:13","modified_gmt":"2025-05-05T15:31:13","slug":"a-viagem-volta-a-tarde-da-globo-a-partir-de-segunda-dia-12","status":"publish","type":"post","link":"https:\/\/www.tvnovelas.com.br\/tvnews\/a-viagem-volta-a-tarde-da-globo-a-partir-de-segunda-dia-12\/","title":{"rendered":"A Viagem volta \u00e0 tarde da Globo a partir de segunda, dia 12"},"content":{"rendered":"<p><figure id=\"attachment_76127\" aria-describedby=\"caption-attachment-76127\" style=\"width: 726px\" class=\"wp-caption alignnone\"><img data-recalc-dims=\"1\" decoding=\"async\" src=\"https:\/\/i0.wp.com\/www.tvnovelas.com.br\/tvnews\/wp-content\/uploads\/2025\/05\/11076.jpg?resize=726%2C410&#038;ssl=1\" alt=\"Foto em A Viagem volta \u00e0 tarde da Globo\" width=\"726\" height=\"410\" class=\"size-full wp-image-76127\" srcset=\"https:\/\/i0.wp.com\/www.tvnovelas.com.br\/tvnews\/wp-content\/uploads\/2025\/05\/11076.jpg?w=726&amp;ssl=1 726w, https:\/\/i0.wp.com\/www.tvnovelas.com.br\/tvnews\/wp-content\/uploads\/2025\/05\/11076.jpg?resize=250%2C141&amp;ssl=1 250w\" sizes=\"(max-width: 726px) 100vw, 726px\" \/><figcaption id=\"caption-attachment-76127\" class=\"wp-caption-text\">Christiane Torloni e Lucinha Lins interpretaram as irm\u00e3s Din\u00e1 e Estela&#8230;<\/figcaption><\/figure><br \/>\nA Viagem, trama de Ivani Ribeiro, exibida originalmente em 1994 volta ao ar no Vale a Pena Ver de Novo, a partir de 12 de maio. A novela \u00e9 um remake de novela hom\u00f4nima exibida pela TV Tupi, em 1975, escrita tamb\u00e9m por Ivani Ribeiro.<\/p>\n<p>A Viagem \u00e9 uma novela recheada de cenas emocionantes. Por conta da tem\u00e1tica esp\u00edrita, sequ\u00eancias fortes foram interpretadas pelo elenco.<\/p>\n<p>No centro da trama, Alexandre (Guilherme Fontes) se mata na cadeia ap\u00f3s ter sido condenado por roubo seguido de homic\u00eddio. No Vale dos Suicidas, tenta prejudicar a vida de Raul (Miguel Falabella), T\u00e9o (Maur\u00edcio Mattar) e Ot\u00e1vio (Antonio Fagundes), respons\u00e1veis por seus infort\u00fanios.<\/p>\n<p>Christiane Torloni e Lucinha Lins interpretaram as irm\u00e3s Din\u00e1 e Estela que tinham telepatia em rela\u00e7\u00e3o \u00e0 outra.<\/p>\n<blockquote><p><a href=\"https:\/\/wp.me\/pfspD2-d7\" rel=\"noopener\" target=\"_blank\">Saiba mais sobre a hist\u00f3ria da novela e seus personagens<\/a> <\/p><\/blockquote>\n<p><!--FIM--><\/p>\n<h3>Coment\u00e1rios<\/h3>\n<div class=\"fb-comments\" data-width=\"100%\" data-order-by=\"reverse_time\" data-numposts=\"5\"><\/div>\n<p><a href=\"https:\/\/www.facebook.com\/tevenovelas\/\">\u00daltimas not\u00edcias do TV Novelas no Facebook<\/a><br \/>\n<a href=\"https:\/\/tvnovelas.com.br\/novelas\/\">Resumos de todas as novelas<\/a><\/p>\n","protected":false},"excerpt":{"rendered":"<p>A Viagem volta \u00e0 tarde da Globo&#8230; A Viagem, trama de Ivani Ribeiro, exibida originalmente em 1994 volta ao ar no Vale a Pena Ver de Novo&#8230;<\/p>\n","protected":false},"author":1,"featured_media":76127,"comment_status":"closed","ping_status":"closed","sticky":false,"template":"","format":"standard","meta":{"_uf_show_specific_survey":0,"_uf_disable_surveys":false,"_jetpack_memberships_contains_paid_content":false,"footnotes":"","_wp_rev_ctl_limit":""},"categories":[208],"tags":[665,5,64,277],"class_list":["post-76126","post","type-post","status-publish","format-standard","has-post-thumbnail","hentry","category-vale-a-pena-ver-de-novo","tag-a-viagem","tag-globo","tag-novelas","tag-vale-a-pena-ver-de-novo","wpcat-208-id"],"aioseo_notices":[],"jetpack_featured_media_url":"https:\/\/i0.wp.com\/www.tvnovelas.com.br\/tvnews\/wp-content\/uploads\/2025\/05\/11076.jpg?fit=726%2C410&ssl=1","jetpack_shortlink":"https:\/\/wp.me\/pdP2BO-jNQ","jetpack_sharing_enabled":true,"_links":{"self":[{"href":"https:\/\/www.tvnovelas.com.br\/tvnews\/wp-json\/wp\/v2\/posts\/76126","targetHints":{"allow":["GET"]}}],"collection":[{"href":"https:\/\/www.tvnovelas.com.br\/tvnews\/wp-json\/wp\/v2\/posts"}],"about":[{"href":"https:\/\/www.tvnovelas.com.br\/tvnews\/wp-json\/wp\/v2\/types\/post"}],"author":[{"embeddable":true,"href":"https:\/\/www.tvnovelas.com.br\/tvnews\/wp-json\/wp\/v2\/users\/1"}],"replies":[{"embeddable":true,"href":"https:\/\/www.tvnovelas.com.br\/tvnews\/wp-json\/wp\/v2\/comments?post=76126"}],"version-history":[{"count":1,"href":"https:\/\/www.tvnovelas.com.br\/tvnews\/wp-json\/wp\/v2\/posts\/76126\/revisions"}],"predecessor-version":[{"id":76128,"href":"https:\/\/www.tvnovelas.com.br\/tvnews\/wp-json\/wp\/v2\/posts\/76126\/revisions\/76128"}],"wp:featuredmedia":[{"embeddable":true,"href":"https:\/\/www.tvnovelas.com.br\/tvnews\/wp-json\/wp\/v2\/media\/76127"}],"wp:attachment":[{"href":"https:\/\/www.tvnovelas.com.br\/tvnews\/wp-json\/wp\/v2\/media?parent=76126"}],"wp:term":[{"taxonomy":"category","embeddable":true,"href":"https:\/\/www.tvnovelas.com.br\/tvnews\/wp-json\/wp\/v2\/categories?post=76126"},{"taxonomy":"post_tag","embeddable":true,"href":"https:\/\/www.tvnovelas.com.br\/tvnews\/wp-json\/wp\/v2\/tags?post=76126"}],"curies":[{"name":"wp","href":"https:\/\/api.w.org\/{rel}","templated":true}]}}