{"id":76148,"date":"2025-05-06T11:18:14","date_gmt":"2025-05-06T14:18:14","guid":{"rendered":"https:\/\/www.tvnovelas.com.br\/tvnews\/?p=76148"},"modified":"2025-05-06T11:20:31","modified_gmt":"2025-05-06T14:20:31","slug":"forca-de-mulher-bahar-decepciona-enver","status":"publish","type":"post","link":"https:\/\/www.tvnovelas.com.br\/tvnews\/forca-de-mulher-bahar-decepciona-enver\/","title":{"rendered":"For\u00e7a de Mulher: Bahar decepciona Enver"},"content":{"rendered":"<p><img data-recalc-dims=\"1\" decoding=\"async\" class=\"alignnone wp-image-76149 size-full\" title=\"(Foto: Record TV\/For\u00e7a de Mulher)\" src=\"https:\/\/i0.wp.com\/www.tvnovelas.com.br\/tvnews\/wp-content\/uploads\/2025\/05\/11081.jpg?resize=728%2C408&#038;ssl=1\" alt=\"Foto Em For\u00e7a de Mulher: Bahar decepciona Enver\" width=\"728\" height=\"408\" srcset=\"https:\/\/i0.wp.com\/www.tvnovelas.com.br\/tvnews\/wp-content\/uploads\/2025\/05\/11081.jpg?w=728&amp;ssl=1 728w, https:\/\/i0.wp.com\/www.tvnovelas.com.br\/tvnews\/wp-content\/uploads\/2025\/05\/11081.jpg?resize=250%2C140&amp;ssl=1 250w\" sizes=\"(max-width: 728px) 100vw, 728px\" \/><\/p>\n<p>No cap\u00edtulo de For\u00e7a de Mulher, nesta ter\u00e7a, dia 06, \u00c0 noite, no acampamento, Enver e Bahar lamentam as perdas que tiveram, mas Enver se decepciona quando ela diz que v\u00ea os falecidos apenas em sonhos&#8230; Confira o resumo completo do cap\u00edtulo de hoje:<\/p>\n<h2 style=\"color: #205781;\">Resumo de ter\u00e7a-feira, 06 de maio<\/h2>\n<p>Yusuf faz uma proposta indecorosa para Ceyda, mas ela prega uma tremenda pe\u00e7a nele. No acampamento, Enver e Bahar conversam, enquanto Nisan e Doruk se divertem no balan\u00e7o. Bahar diz que n\u00e3o sabe se mudar\u00e1 os filhos de escola. Ceyda conversa com Arif e sugere que ele trabalhe com Emre. Ceyda encontra o chap\u00e9u de Fazilet em sua casa e se recorda do dia em que precisou sair \u00e0s pressas da casa da escritora. Ceyda vai \u00e0 casa de Fazilet para devolver o chap\u00e9u. Raif diz para Ceyda voltar a trabalhar l\u00e1, contrariando a m\u00e3e. \u00c0 noite, no acampamento, Enver e Bahar lamentam as perdas que tiveram, mas Enver se decepciona quando ela diz que v\u00ea os falecidos apenas em sonhos.<br \/>\n<!--FIM DO POST--><\/p>\n<div class=\"fb-comments\" data-width=\"100%\" data-order-by=\"reverse_time\" data-numposts=\"5\"><\/div>\n<h2>Saiba mais:<\/h2>\n<p><a href=\"https:\/\/tvnovelas.com.br\/novelas\/resumos-de-forca-de-mulher\/\" target=\"_blank\" rel=\"noopener\">Resumos da semana de For\u00e7a de Mulher<\/a><br \/>\n<a href=\"https:\/\/tvnovelas.com.br\/page2\/arquivo\/forca-de-mulher-as-lutas-de-bahar\/\" target=\"_blank\" rel=\"noopener\">For\u00e7a de Mulher: As lutas de Bahar (Sinopse)<\/a><br \/>\n<a href=\"https:\/\/pt.wikipedia.org\/wiki\/Kad%C4%B1n\" target=\"_blank\" rel=\"noopener\">Sobre For\u00e7a de Mulher na Wikipedia<\/a><br \/>\n<a href=\"https:\/\/www.facebook.com\/tevenovelas\/\">\u00daltimas not\u00edcias do TV Novelas no Facebook<\/a><br \/>\n<a href=\"https:\/\/tvnovelas.com.br\/novelas\/\">Resumos de todas as novelas<\/a><\/p>\n<h2>\u00daltimas not\u00edcias das novelas<\/h2>\n<p>[wp-rss-aggregator feeds=&#8221;todas&#8221;]<\/p>\n","protected":false},"excerpt":{"rendered":"<p>For\u00e7a de Mulher: Bahar decepciona Enver&#8230; No cap\u00edtulo de For\u00e7a de Mulher, nesta segunda, dia 05, \u00c0 noite, no acampamento, Enver e Bahar lamentam&#8230;<\/p>\n","protected":false},"author":1,"featured_media":76149,"comment_status":"closed","ping_status":"closed","sticky":false,"template":"","format":"standard","meta":{"_uf_show_specific_survey":0,"_uf_disable_surveys":false,"_jetpack_memberships_contains_paid_content":false,"footnotes":"","_wp_rev_ctl_limit":""},"categories":[803],"tags":[],"class_list":["post-76148","post","type-post","status-publish","format-standard","has-post-thumbnail","hentry","category-forca-de-mulher","wpcat-803-id"],"aioseo_notices":[],"jetpack_featured_media_url":"https:\/\/i0.wp.com\/www.tvnovelas.com.br\/tvnews\/wp-content\/uploads\/2025\/05\/11081.jpg?fit=728%2C408&ssl=1","jetpack_shortlink":"https:\/\/wp.me\/pdP2BO-jOc","jetpack_sharing_enabled":true,"_links":{"self":[{"href":"https:\/\/www.tvnovelas.com.br\/tvnews\/wp-json\/wp\/v2\/posts\/76148","targetHints":{"allow":["GET"]}}],"collection":[{"href":"https:\/\/www.tvnovelas.com.br\/tvnews\/wp-json\/wp\/v2\/posts"}],"about":[{"href":"https:\/\/www.tvnovelas.com.br\/tvnews\/wp-json\/wp\/v2\/types\/post"}],"author":[{"embeddable":true,"href":"https:\/\/www.tvnovelas.com.br\/tvnews\/wp-json\/wp\/v2\/users\/1"}],"replies":[{"embeddable":true,"href":"https:\/\/www.tvnovelas.com.br\/tvnews\/wp-json\/wp\/v2\/comments?post=76148"}],"version-history":[{"count":3,"href":"https:\/\/www.tvnovelas.com.br\/tvnews\/wp-json\/wp\/v2\/posts\/76148\/revisions"}],"predecessor-version":[{"id":76152,"href":"https:\/\/www.tvnovelas.com.br\/tvnews\/wp-json\/wp\/v2\/posts\/76148\/revisions\/76152"}],"wp:featuredmedia":[{"embeddable":true,"href":"https:\/\/www.tvnovelas.com.br\/tvnews\/wp-json\/wp\/v2\/media\/76149"}],"wp:attachment":[{"href":"https:\/\/www.tvnovelas.com.br\/tvnews\/wp-json\/wp\/v2\/media?parent=76148"}],"wp:term":[{"taxonomy":"category","embeddable":true,"href":"https:\/\/www.tvnovelas.com.br\/tvnews\/wp-json\/wp\/v2\/categories?post=76148"},{"taxonomy":"post_tag","embeddable":true,"href":"https:\/\/www.tvnovelas.com.br\/tvnews\/wp-json\/wp\/v2\/tags?post=76148"}],"curies":[{"name":"wp","href":"https:\/\/api.w.org\/{rel}","templated":true}]}}