{"id":76235,"date":"2025-05-09T15:54:54","date_gmt":"2025-05-09T18:54:54","guid":{"rendered":"https:\/\/www.tvnovelas.com.br\/tvnews\/?p=76235"},"modified":"2025-05-09T16:50:32","modified_gmt":"2025-05-09T19:50:32","slug":"o-que-acontece-em-vale-tudo-na-semana-12-a-17-5","status":"publish","type":"post","link":"https:\/\/www.tvnovelas.com.br\/tvnews\/o-que-acontece-em-vale-tudo-na-semana-12-a-17-5\/","title":{"rendered":"O que acontece em Vale Tudo na semana 12 a 17\/5"},"content":{"rendered":"<p>title=&#8221;(Foto: TV Globo\/Vale Tudo)&#8221;<\/p>\n<div style=\"background-color: #FFDBDB;\">\n.<br \/>\n<figure id=\"attachment_76289\" aria-describedby=\"caption-attachment-76289\" style=\"width: 728px\" class=\"wp-caption alignnone\"><img data-recalc-dims=\"1\" decoding=\"async\" src=\"https:\/\/i0.wp.com\/www.tvnovelas.com.br\/tvnews\/wp-content\/uploads\/2025\/05\/11106e.jpg?resize=728%2C409&#038;ssl=1\" alt=\"Foto em Vale Tudo na semana 12 a 17\/5\"  width=\"728\" height=\"409\" class=\"size-full wp-image-76289\" srcset=\"https:\/\/i0.wp.com\/www.tvnovelas.com.br\/tvnews\/wp-content\/uploads\/2025\/05\/11106e.jpg?w=728&amp;ssl=1 728w, https:\/\/i0.wp.com\/www.tvnovelas.com.br\/tvnews\/wp-content\/uploads\/2025\/05\/11106e.jpg?resize=250%2C140&amp;ssl=1 250w\" sizes=\"(max-width: 728px) 100vw, 728px\" \/><figcaption id=\"caption-attachment-76289\" class=\"wp-caption-text\">Vale Tudo na semana 12 a 17\/5<\/figcaption><\/figure><\/p>\n<blockquote><p><strong style=\"color: #D50B8B;\">Nos pr\u00f3ximos cap\u00edtulos de Vale Tudo, <\/strong>F\u00e1tima fica desesperada ao ver Raquel com Ivan, e deduz que os dois devolver\u00e3o o dinheiro para Marco Aur\u00e9lio; Maria de F\u00e1tima consegue encontrar os d\u00f3lares que Raquel escondeu; Raquel acusa Ivan de ter roubado os d\u00f3lares; Marco Aur\u00e9lio descobre que Rubinho pode ter etiquetado a mala errada&#8230;<\/p><\/blockquote>\n<\/div>\n<h2 style=\"color: #D50B8B;\">Resumo de segunda-feira, 12 de maio<\/h2>\n<p>Maria de F\u00e1tima disfar\u00e7a para Ivan, que estranha o fato de Raquel estar dormindo. Celina aceita o convite para ser madrinha da filha de La\u00eds e Cec\u00edlia. Afonso sofre um acidente de bicicleta. Celina diz a Afonso que Heleninha est\u00e1 com vergonha de Tiago. Tiago promete a Marco Aur\u00e9lio que n\u00e3o sair\u00e1 sozinho com Heleninha. Ivan n\u00e3o consegue convencer Raquel a ficar com os d\u00f3lares. Maria de F\u00e1tima avisa a C\u00e9sar que far\u00e1 Raquel ficar contra Ivan. Ivan sente que deu um mau exemplo para Bruno. F\u00e1tima fica desesperada ao ver Raquel com Ivan, e deduz que os dois devolver\u00e3o o dinheiro para Marco Aur\u00e9lio.<br \/>\n<figure id=\"attachment_76289\" aria-describedby=\"caption-attachment-76289\" style=\"width: 728px\" class=\"wp-caption alignnone\"><img data-recalc-dims=\"1\" decoding=\"async\" src=\"https:\/\/i0.wp.com\/www.tvnovelas.com.br\/tvnews\/wp-content\/uploads\/2025\/05\/11106b.jpg?resize=728%2C409&#038;ssl=1\" alt=\"Foto em Vale Tudo na semana 12 a 17\/5\"  width=\"728\" height=\"409\" class=\"size-full wp-image-76289\" \/><figcaption id=\"caption-attachment-76289\" class=\"wp-caption-text\">Vale Tudo na semana 12 a 17\/5<\/figcaption><\/figure>\u00a0<\/p>\n<h2 style=\"color: #D50B8B;\">Resumo de ter\u00e7a-feira, 13 de maio<\/h2>\n<p>Maria de F\u00e1tima pede ajuda a C\u00e9sar para n\u00e3o deixar Raquel e Ivan devolverem os d\u00f3lares. Renato consola Leila. Cec\u00edlia e La\u00eds se emocionam ao saber que a filha se chama Sarita. Daniela orienta Lucimar a regularizar a guarda de Jorginho. Raquel e Ivan n\u00e3o entendem a atitude carinhosa de F\u00e1tima. A fam\u00edlia de Eunice fica orgulhosa ao ver sua foto no outdoor. Olavo cobra de C\u00e9sar o dinheiro que o modelo lhe deve. Leila avisa a Ivan que Bruno fugiu. Depois que o neto volta para casa, Bartolomeu aconselha Ivan e Leila a n\u00e3o serem t\u00e3o r\u00edgidos com o filho. Maria de F\u00e1tima consegue encontrar os d\u00f3lares que Raquel escondeu.<br \/>\n\u00a0<\/p>\n<h2 style=\"color: #D50B8B;\">Resumo de quarta-feira, 14 de maio<\/h2>\n<p>Maria de F\u00e1tima e C\u00e9sar comemoram a descoberta dos d\u00f3lares. Ivan desconfia de Maria de F\u00e1tima. Maria de F\u00e1tima garante a C\u00e9sar que Raquel se separa de Ivan se a m\u00e3e acreditar que foi o namorado quem pegou os d\u00f3lares. Lucimar questiona a posi\u00e7\u00e3o de Alde\u00edde com rela\u00e7\u00e3o \u00e0 atitude que tomou para conseguir que Vasco pague a pens\u00e3o de Jorginho. Cec\u00edlia \u00e9 rendida por dois bandidos. La\u00eds avisa a Cec\u00edlia que, por seguran\u00e7a, as duas v\u00e3o passar um tempo no Rio. Raquel acusa Ivan de ter roubado os d\u00f3lares&#8230;.<br \/>\n<figure id=\"attachment_76289\" aria-describedby=\"caption-attachment-76289\" style=\"width: 728px\" class=\"wp-caption alignnone\"><img data-recalc-dims=\"1\" decoding=\"async\" src=\"https:\/\/i0.wp.com\/www.tvnovelas.com.br\/tvnews\/wp-content\/uploads\/2025\/05\/11106c.jpg?resize=728%2C409&#038;ssl=1\" alt=\"Foto em Vale Tudo na semana 12 a 17\/5\"  width=\"728\" height=\"409\" class=\"size-full wp-image-76289\" \/><figcaption id=\"caption-attachment-76289\" class=\"wp-caption-text\">Vale Tudo na semana 12 a 17\/5<\/figcaption><\/figure>\u00a0<\/p>\n<h2 style=\"color: #D50B8B;\">Resumo de quinta-feira, 15 de maio<\/h2>\n<p>Ivan fica indignado com as acusa\u00e7\u00f5es de Raquel. Maria de F\u00e1tima avisa a Odete que conseguiu separar a m\u00e3e de Ivan. Heleninha fica animada ao saber que Ivan estar\u00e1 presente no campeonato de xadrez em sua casa. Celina hospeda La\u00eds e Cec\u00edlia em sua casa. Maria de F\u00e1tima se mostra interessada no campeonato de xadrez, e Afonso acaba a convidando. Marco Aur\u00e9lio pede ajuda a Cl\u00e1udia para encontrar sua mala com os d\u00f3lares, e descobre que Rubinho pode ter etiquetado a mala errada. Freitas \u00e9 orientado por Marco Aur\u00e9lio a vasculhar a vida de Raquel. Ivan \u00e9 recebido com hostilidade por Raquel na inaugura\u00e7\u00e3o de seu restaurante.<br \/>\n\u00a0<\/p>\n<h2 style=\"color: #D50B8B;\">Resumo de sexta-feira, 16 de maio<\/h2>\n<p>Ivan discute com Raquel. Sardinha comenta com Solange que estranhou o encontro de Maria de F\u00e1tima com Odete. C\u00e9sar cobra de F\u00e1tima sua parte dos d\u00f3lares. Afonso critica a gest\u00e3o da TCA em conversa com Odete. Cec\u00edlia avisa a La\u00eds que os traficantes de animais foram presos e que elas podem voltar para casa. Vasco \u00e9 demitido por justa causa. Marco Aur\u00e9lio manda Freitas seguir Raquel. Cl\u00e1udia chantageia Marco Aur\u00e9lio em busca de patroc\u00ednio para sua pe\u00e7a. Maria de F\u00e1tima tenta amea\u00e7ar Odete.\u00a0<br \/>\n<figure id=\"attachment_76289\" aria-describedby=\"caption-attachment-76289\" style=\"width: 728px\" class=\"wp-caption alignnone\"><img data-recalc-dims=\"1\" decoding=\"async\" src=\"https:\/\/i0.wp.com\/www.tvnovelas.com.br\/tvnews\/wp-content\/uploads\/2025\/05\/11106d.jpg?resize=728%2C409&#038;ssl=1\" alt=\"Foto em Vale Tudo na semana 12 a 17\/5\"  width=\"728\" height=\"409\" class=\"size-full wp-image-76289\" \/><figcaption id=\"caption-attachment-76289\" class=\"wp-caption-text\">Vale Tudo na semana 12 a 17\/5<\/figcaption><\/figure><br \/>\n\u00a0<\/p>\n<h2 style=\"color: #D50B8B;\">Resumo de s\u00e1bado, 17 de maio<\/h2>\n<p>Maria de F\u00e1tima pede desculpas a Odete. Leila acompanha Renato em uma reuni\u00e3o de trabalho. Cl\u00e1udia acusa Marco Aur\u00e9lio de usar as pessoas. Ivan confirma sua presen\u00e7a no campeonato de xadrez para Odete. Vasco fica sabendo que foi cancelado e, por isso, ficar\u00e1 fora do grupo de pagode. La\u00eds e Cec\u00edlia v\u00e3o a Petr\u00f3polis conhecer Sarita. Raquel acusa Freitas de assedi\u00e1-la. Renato e Leila dormem juntos. F\u00e1tima chega mais cedo ao campeonato de xadrez, seguindo orienta\u00e7\u00e3o de Odete. Solange flagra Renato e Leila juntos.<br \/>\n<!--FIM DO POST--><\/p>\n<div class=\"fb-comments\" data-width=\"100%\" data-order-by=\"reverse_time\" data-numposts=\"5\"><\/div>\n<p><h2>Mais:<\/h2>\r\n<p><a href=\"https:\/\/tvnovelas.com.br\/novelas\/resumos-de-vale-tudo\/\" target=\"_blank\" rel=\"noopener\">Confira os resumos da semana de Vale Tudo'<\/a><\/p>\r\n<p><a href=\"https:\/\/wp.me\/pfspD2-U7\" target=\"_blank\" rel=\"noopener\">Vale Tudo: Conflitos de princ\u00edpios e valores (Sinopse)<\/a>\r\n<p><a href=\"https:\/\/wp.me\/pfspD2-oI\" target=\"_blank\" rel=\"noopener\">Vale Tudo: Invers\u00e3o de valores no final dos anos 1980<\/a> (Sinopse)<\/p>\r\n<p><a href=\"https:\/\/pt.wikipedia.org\/wiki\/Vale_Tudo_(2025)\" target=\"_blank\" rel=\"noopener\">Sobre Vale Tudo (2025) na Wikipedia<\/a><\/p>\r\n<p><a href=\"https:\/\/tvnovelas.com.br\/novelas\/\" target=\"_blank\" rel=\"noopener\">Resumos de todas as novelas<\/a><\/p>\r\n<p><strong style=\"font-size: 120%;\">\u00daltimas not\u00edcias de 'Vale Tudo':<\/strong><\/p>\r\n<div class=\"pt-cv-wrapper\"><h2 class='pt-cv-heading-container heading2' data-blockid='d7366c1g0j'><span class='pt-cv-heading'> \u00daltimas da novela <\/span><\/h2><div class=\"pt-cv-view pt-cv-grid pt-cv-colsys\" id=\"pt-cv-view-d7366c1g0j\"><div data-id=\"pt-cv-page-1\" class=\"pt-cv-page\" data-cvc=\"1\"><div class=\"col-md-12 col-sm-12 col-xs-12 pt-cv-content-item pt-cv-1-col\" ><div class='pt-cv-ifield'><h4 class=\"pt-cv-title\"><a href=\"https:\/\/www.tvnovelas.com.br\/tvnews\/vale-tudo-casamento-de-raquel-e-ivan-entre-os-finais\/\" class=\"_self\" target=\"_self\" >Vale Tudo: Casamento de Raquel e Ivan entre os finais<\/a><\/h4><\/div><\/div>\n<div class=\"col-md-12 col-sm-12 col-xs-12 pt-cv-content-item pt-cv-1-col\" ><div class='pt-cv-ifield'><h4 class=\"pt-cv-title\"><a href=\"https:\/\/www.tvnovelas.com.br\/tvnews\/vale-tudo-fatima-decide-entregar-o-filho-para-a-adocao\/\" class=\"_self\" target=\"_self\" >Vale Tudo: F\u00e1tima decide entregar o filho para a ado\u00e7\u00e3o<\/a><\/h4><\/div><\/div>\n<div class=\"col-md-12 col-sm-12 col-xs-12 pt-cv-content-item pt-cv-1-col\" ><div class='pt-cv-ifield'><h4 class=\"pt-cv-title\"><a href=\"https:\/\/www.tvnovelas.com.br\/tvnews\/vale-tudo-cesar-e-fatima-se-reencontram\/\" class=\"_self\" target=\"_self\" >Vale Tudo: C\u00e9sar e F\u00e1tima se reencontram<\/a><\/h4><\/div><\/div><\/div><\/div><\/div>\r\n<p><strong style=\"font-size: 120%;\">\u00daltimas not\u00edcias deste site:<\/strong><\/p>\r\n<div class=\"pt-cv-wrapper\"><div class=\"pt-cv-view pt-cv-grid pt-cv-colsys\" id=\"pt-cv-view-90991035b3\"><div data-id=\"pt-cv-page-1\" class=\"pt-cv-page\" data-cvc=\"1\"><div class=\"col-md-12 col-sm-12 col-xs-12 pt-cv-content-item pt-cv-1-col\" ><div class='pt-cv-ifield'><h4 class=\"pt-cv-title\"><a href=\"https:\/\/www.tvnovelas.com.br\/tvnews\/coracao-de-mae-atilla-confronta-hasan-e-exige-o-divorcio-de-lale\/\" class=\"_self\" target=\"_self\" >Cora\u00e7\u00e3o de M\u00e3e: Atilla confronta Hasan e exige o div\u00f3rcio de Lale<\/a><\/h4><\/div><\/div>\n<div class=\"col-md-12 col-sm-12 col-xs-12 pt-cv-content-item pt-cv-1-col\" ><div class='pt-cv-ifield'><h4 class=\"pt-cv-title\"><a href=\"https:\/\/www.tvnovelas.com.br\/tvnews\/guerra-das-rosas-gulfem-coloca-gulru-contra-a-parede\/\" class=\"_self\" target=\"_self\" >Guerra das Rosas: Gulfem coloca Gulru contra a parede<\/a><\/h4><\/div><\/div>\n<div class=\"col-md-12 col-sm-12 col-xs-12 pt-cv-content-item pt-cv-1-col\" ><div class='pt-cv-ifield'><h4 class=\"pt-cv-title\"><a href=\"https:\/\/www.tvnovelas.com.br\/tvnews\/coracao-de-mae-atilla-diz-a-lale-que-quer-o-divorcio\/\" class=\"_self\" target=\"_self\" >Cora\u00e7\u00e3o de M\u00e3e: Atilla diz a Lale que quer o div\u00f3rcio<\/a><\/h4><\/div><\/div>\n<div class=\"col-md-12 col-sm-12 col-xs-12 pt-cv-content-item pt-cv-1-col\" ><div class='pt-cv-ifield'><h4 class=\"pt-cv-title\"><a href=\"https:\/\/www.tvnovelas.com.br\/tvnews\/a-nobreza-do-amor-mirinho-garante-noivado-com-virginia-para-atrair-sogro-a-negocio\/\" class=\"_self\" target=\"_self\" >A Nobreza do Amor: Mirinho garante noivado com Virg\u00ednia para atrair sogro a neg\u00f3cio<\/a><\/h4><\/div><\/div>\n<div class=\"col-md-12 col-sm-12 col-xs-12 pt-cv-content-item pt-cv-1-col\" ><div class='pt-cv-ifield'><h4 class=\"pt-cv-title\"><a href=\"https:\/\/www.tvnovelas.com.br\/tvnews\/tres-gracas-joaquim-propoe-fuga-a-arminda-com-o-dinheiro-das-tres-gracas\/\" class=\"_self\" target=\"_self\" >Tr\u00eas Gra\u00e7as:  Joaquim prop\u00f5e fuga a Arminda com o dinheiro das Tr\u00eas Gra\u00e7as<\/a><\/h4><\/div><\/div>\n<div class=\"col-md-12 col-sm-12 col-xs-12 pt-cv-content-item pt-cv-1-col\" ><div class='pt-cv-ifield'><h4 class=\"pt-cv-title\"><a href=\"https:\/\/www.tvnovelas.com.br\/tvnews\/coracao-de-mae-atilla-decide-abrir-o-jogo-com-karsu\/\" class=\"_self\" target=\"_self\" >Cora\u00e7\u00e3o de M\u00e3e: Atilla decide abrir o jogo com Karsu<\/a><\/h4><\/div><\/div>\n<div class=\"col-md-12 col-sm-12 col-xs-12 pt-cv-content-item pt-cv-1-col\" ><div class='pt-cv-ifield'><h4 class=\"pt-cv-title\"><a href=\"https:\/\/www.tvnovelas.com.br\/tvnews\/coracao-de-mae-adnan-e-preso-apos-denuncia-de-irmak\/\" class=\"_self\" target=\"_self\" >Em Cora\u00e7\u00e3o de M\u00e3e: Adnan \u00e9 preso ap\u00f3s denuncia de Irmak<\/a><\/h4><\/div><\/div>\n<div class=\"col-md-12 col-sm-12 col-xs-12 pt-cv-content-item pt-cv-1-col\" ><div class='pt-cv-ifield'><h4 class=\"pt-cv-title\"><a href=\"https:\/\/www.tvnovelas.com.br\/tvnews\/coracao-de-mae-atilla-forca-karsu-a-ouvir-suas-explicacoes\/\" class=\"_self\" target=\"_self\" >Cora\u00e7\u00e3o de M\u00e3e: Atilla for\u00e7a Karsu a ouvir suas explica\u00e7\u00f5es<\/a><\/h4><\/div><\/div>\n<div class=\"col-md-12 col-sm-12 col-xs-12 pt-cv-content-item pt-cv-1-col\" ><div class='pt-cv-ifield'><h4 class=\"pt-cv-title\"><a href=\"https:\/\/www.tvnovelas.com.br\/tvnews\/coracao-acelerado-mulher-choca-janete-ao-se-apresentar-como-amante-do-palhares\/\" class=\"_self\" target=\"_self\" >Cora\u00e7\u00e3o Acelerado: Mulher choca Janete ao se apresentar como amante do Palhares<\/a><\/h4><\/div><\/div>\n<div class=\"col-md-12 col-sm-12 col-xs-12 pt-cv-content-item pt-cv-1-col\" ><div class='pt-cv-ifield'><h4 class=\"pt-cv-title\"><a href=\"https:\/\/www.tvnovelas.com.br\/tvnews\/a-nobreza-do-amor-jendal-dobra-a-recompensa-por-alika\/\" class=\"_self\" target=\"_self\" >A Nobreza do Amor: Jendal dobra a recompensa por Alika<\/a><\/h4><\/div><\/div><\/div><\/div><\/div>\r\n<h3>Confira tamb\u00e9m<\/h3>\r\n<p><a href=\"https:\/\/www.tvnovelas.com.br\/filmes\/\" target=\"_blank\" rel=\"noopener noreferrer\"><strong>Programa\u00e7\u00e3o de filmes na TV aberta<\/strong><\/a><\/p>\r\n<p><a href=\"https:\/\/caetenews.com.br\/semana\/filmes-da-globo-na-sessao-da-tarde-desta-semana\/\" target=\"_blank\" rel=\"noopener\"><strong>Confira os filmes da semana na Sess\u00e3o da Tarde<\/strong><\/a><\/p>\r\n<p><a href=\"https:\/\/www.tvnovelas.com.br\/novelas\/\"><strong>Confira os resumos da semana de todas novelas<\/strong><\/a><\/p><br \/>\n<a href=\"https:\/\/tvnovelas.com.br\/filmes\/filmes-na-tv-segunda\/\" target=\"_blank\" rel=\"noopener\">Confira a Progrma\u00e7\u00e3o de Filmes na TV aberta<\/a><br \/>\n<a href=\"https:\/\/www.tvnovelas.com.br\/tvnews\/\" target=\"_blank\" rel=\"noopener\">\u00daltimas not\u00edcias das novelas<\/a><\/p>\n","protected":false},"excerpt":{"rendered":"<p>Vale Tudo na semana 12 a 17\/5&#8230; Nos pr\u00f3ximos cap\u00edtulos de Vale Tudo, <\/strong>F\u00e1tima fica desesperada ao ver Raquel com Ivan, e deduz que os dois devolver\u00e3o o dinheiro para Marco Aur\u00e9lio&#8230;<\/p>\n","protected":false},"author":1,"featured_media":76289,"comment_status":"closed","ping_status":"closed","sticky":false,"template":"","format":"standard","meta":{"_uf_show_specific_survey":0,"_uf_disable_surveys":false,"_jetpack_memberships_contains_paid_content":false,"footnotes":"","_wp_rev_ctl_limit":""},"categories":[871],"tags":[5,64,801],"class_list":["post-76235","post","type-post","status-publish","format-standard","has-post-thumbnail","hentry","category-vale-tudo","tag-globo","tag-novelas","tag-vale-tudo","wpcat-871-id"],"aioseo_notices":[],"jetpack_featured_media_url":"https:\/\/i0.wp.com\/www.tvnovelas.com.br\/tvnews\/wp-content\/uploads\/2025\/05\/11106e.jpg?fit=728%2C409&ssl=1","jetpack_shortlink":"https:\/\/wp.me\/pdP2BO-jPB","jetpack_sharing_enabled":true,"_links":{"self":[{"href":"https:\/\/www.tvnovelas.com.br\/tvnews\/wp-json\/wp\/v2\/posts\/76235","targetHints":{"allow":["GET"]}}],"collection":[{"href":"https:\/\/www.tvnovelas.com.br\/tvnews\/wp-json\/wp\/v2\/posts"}],"about":[{"href":"https:\/\/www.tvnovelas.com.br\/tvnews\/wp-json\/wp\/v2\/types\/post"}],"author":[{"embeddable":true,"href":"https:\/\/www.tvnovelas.com.br\/tvnews\/wp-json\/wp\/v2\/users\/1"}],"replies":[{"embeddable":true,"href":"https:\/\/www.tvnovelas.com.br\/tvnews\/wp-json\/wp\/v2\/comments?post=76235"}],"version-history":[{"count":4,"href":"https:\/\/www.tvnovelas.com.br\/tvnews\/wp-json\/wp\/v2\/posts\/76235\/revisions"}],"predecessor-version":[{"id":76296,"href":"https:\/\/www.tvnovelas.com.br\/tvnews\/wp-json\/wp\/v2\/posts\/76235\/revisions\/76296"}],"wp:featuredmedia":[{"embeddable":true,"href":"https:\/\/www.tvnovelas.com.br\/tvnews\/wp-json\/wp\/v2\/media\/76289"}],"wp:attachment":[{"href":"https:\/\/www.tvnovelas.com.br\/tvnews\/wp-json\/wp\/v2\/media?parent=76235"}],"wp:term":[{"taxonomy":"category","embeddable":true,"href":"https:\/\/www.tvnovelas.com.br\/tvnews\/wp-json\/wp\/v2\/categories?post=76235"},{"taxonomy":"post_tag","embeddable":true,"href":"https:\/\/www.tvnovelas.com.br\/tvnews\/wp-json\/wp\/v2\/tags?post=76235"}],"curies":[{"name":"wp","href":"https:\/\/api.w.org\/{rel}","templated":true}]}}