{"id":76356,"date":"2025-05-13T14:35:20","date_gmt":"2025-05-13T17:35:20","guid":{"rendered":"https:\/\/www.tvnovelas.com.br\/tvnews\/?p=76356"},"modified":"2025-05-13T14:35:20","modified_gmt":"2025-05-13T17:35:20","slug":"forca-de-mulher-ceyda-descobre-que-arda-nao-e-seu-filho","status":"publish","type":"post","link":"https:\/\/www.tvnovelas.com.br\/tvnews\/forca-de-mulher-ceyda-descobre-que-arda-nao-e-seu-filho\/","title":{"rendered":"For\u00e7a de Mulher: Ceyda descobre que Arda n\u00e3o \u00e9 seu filho"},"content":{"rendered":"<p><img data-recalc-dims=\"1\" decoding=\"async\" class=\"alignnone wp-image-76357 size-full\" title=\"(Foto: Record TV\/For\u00e7a de Mulher)\" src=\"https:\/\/i0.wp.com\/www.tvnovelas.com.br\/tvnews\/wp-content\/uploads\/2025\/05\/11122.jpg?resize=727%2C410&#038;ssl=1\" alt=\"Foto em For\u00e7a de Mulher: Ceyda descobre....\" width=\"727\" height=\"410\" srcset=\"https:\/\/i0.wp.com\/www.tvnovelas.com.br\/tvnews\/wp-content\/uploads\/2025\/05\/11122.jpg?w=727&amp;ssl=1 727w, https:\/\/i0.wp.com\/www.tvnovelas.com.br\/tvnews\/wp-content\/uploads\/2025\/05\/11122.jpg?resize=250%2C141&amp;ssl=1 250w\" sizes=\"(max-width: 727px) 100vw, 727px\" \/><\/p>\n<p>No cap\u00edtulo de For\u00e7a de Mulher, nesta ter\u00e7a, dia 13, Jale (Pinar \u00c7a\u011flar Gen\u00e7t\u00fcrk) entrega o resultado do exame de DNA para Ceyda (G\u00f6k\u00e7e Ey\u00fcbo\u011flu) e diz que Arda (Kerem Yozgatli) n\u00e3o \u00e9 filho nem de Emre (Ahmet R\u0131fat \u015eungar) e nem dela. A m\u00e9dica conclui que deve ter ocorrido uma troca de beb\u00eas na maternidade. Inconformada, Ceyda diz que nada mudar\u00e1, e Arda ser\u00e1 para sempre seu filho.<\/p>\n<p>E mais, Bersan (Sahra \u015ea\u015f) chega de surpresa contando que conseguiu mudar de vida preparando refei\u00e7\u00f5es para um milion\u00e1rio que faz caridade.<\/p>\n<p>Enver (\u015eerif Erol) fica emocionado ao ver a surpresa preparada por Arif (Feyyaz Duman). Doruk (Ali Semi Sefil) conta que Sirin (Seray Kaya) disse que ele e Nisan (K\u00fcbra S\u00fczg\u00fcn) n\u00e3o podem mais gostar de Arif, e Bahar (\u00d6zge \u00d6zpirin\u00e7ci) fica indignada. Nisan tem problemas na nova escola e Bahar promete resolver.<br \/>\n<!--FIM DO POST--><\/p>\n<div class=\"fb-comments\" data-width=\"100%\" data-order-by=\"reverse_time\" data-numposts=\"5\"><\/div>\n<h2>Saiba mais:<\/h2>\n<p><a href=\"https:\/\/tvnovelas.com.br\/novelas\/resumos-de-forca-de-mulher\/\" target=\"_blank\" rel=\"noopener\">Resumos da semana de For\u00e7a de Mulher<\/a><br \/>\n<a href=\"https:\/\/tvnovelas.com.br\/page2\/arquivo\/forca-de-mulher-as-lutas-de-bahar\/\" target=\"_blank\" rel=\"noopener\">For\u00e7a de Mulher: As lutas de Bahar (Sinopse)<\/a><br \/>\n<a href=\"https:\/\/pt.wikipedia.org\/wiki\/Kad%C4%B1n\" target=\"_blank\" rel=\"noopener\">Sobre For\u00e7a de Mulher na Wikipedia<\/a><br \/>\n<a href=\"https:\/\/www.facebook.com\/tevenovelas\/\">\u00daltimas not\u00edcias do TV Novelas no Facebook<\/a><br \/>\n<a href=\"https:\/\/tvnovelas.com.br\/novelas\/\">Resumos de todas as novelas<\/a><\/p>\n<h2>\u00daltimas not\u00edcias das novelas<\/h2>\n<p>[wp-rss-aggregator feeds=&#8221;todas&#8221;]<\/p>\n","protected":false},"excerpt":{"rendered":"<p>For\u00e7a de Mulher: Ceyda descobre&#8230; No cap\u00edtulo de For\u00e7a de Mulher, nesta ter\u00e7a, dia 13, Jale (Pinar \u00c7a\u011flar Gen\u00e7t\u00fcrk) entrega o resultado do exame de DNA para Ceyda&#8230;<\/p>\n","protected":false},"author":1,"featured_media":76357,"comment_status":"closed","ping_status":"closed","sticky":false,"template":"","format":"standard","meta":{"_uf_show_specific_survey":0,"_uf_disable_surveys":false,"_jetpack_memberships_contains_paid_content":false,"footnotes":"","_wp_rev_ctl_limit":""},"categories":[803],"tags":[805,5,64],"class_list":["post-76356","post","type-post","status-publish","format-standard","has-post-thumbnail","hentry","category-forca-de-mulher","tag-forca-de-mulher","tag-globo","tag-novelas","wpcat-803-id"],"aioseo_notices":[],"jetpack_featured_media_url":"https:\/\/i0.wp.com\/www.tvnovelas.com.br\/tvnews\/wp-content\/uploads\/2025\/05\/11122.jpg?fit=727%2C410&ssl=1","jetpack_shortlink":"https:\/\/wp.me\/pdP2BO-jRy","jetpack_sharing_enabled":true,"_links":{"self":[{"href":"https:\/\/www.tvnovelas.com.br\/tvnews\/wp-json\/wp\/v2\/posts\/76356","targetHints":{"allow":["GET"]}}],"collection":[{"href":"https:\/\/www.tvnovelas.com.br\/tvnews\/wp-json\/wp\/v2\/posts"}],"about":[{"href":"https:\/\/www.tvnovelas.com.br\/tvnews\/wp-json\/wp\/v2\/types\/post"}],"author":[{"embeddable":true,"href":"https:\/\/www.tvnovelas.com.br\/tvnews\/wp-json\/wp\/v2\/users\/1"}],"replies":[{"embeddable":true,"href":"https:\/\/www.tvnovelas.com.br\/tvnews\/wp-json\/wp\/v2\/comments?post=76356"}],"version-history":[{"count":1,"href":"https:\/\/www.tvnovelas.com.br\/tvnews\/wp-json\/wp\/v2\/posts\/76356\/revisions"}],"predecessor-version":[{"id":76358,"href":"https:\/\/www.tvnovelas.com.br\/tvnews\/wp-json\/wp\/v2\/posts\/76356\/revisions\/76358"}],"wp:featuredmedia":[{"embeddable":true,"href":"https:\/\/www.tvnovelas.com.br\/tvnews\/wp-json\/wp\/v2\/media\/76357"}],"wp:attachment":[{"href":"https:\/\/www.tvnovelas.com.br\/tvnews\/wp-json\/wp\/v2\/media?parent=76356"}],"wp:term":[{"taxonomy":"category","embeddable":true,"href":"https:\/\/www.tvnovelas.com.br\/tvnews\/wp-json\/wp\/v2\/categories?post=76356"},{"taxonomy":"post_tag","embeddable":true,"href":"https:\/\/www.tvnovelas.com.br\/tvnews\/wp-json\/wp\/v2\/tags?post=76356"}],"curies":[{"name":"wp","href":"https:\/\/api.w.org\/{rel}","templated":true}]}}