{"id":76422,"date":"2025-05-16T09:15:46","date_gmt":"2025-05-16T12:15:46","guid":{"rendered":"https:\/\/www.tvnovelas.com.br\/tvnews\/?p=76422"},"modified":"2025-05-16T09:15:46","modified_gmt":"2025-05-16T12:15:46","slug":"dona-de-mim-leo-salva-a-festa-de-sofia-e-abel-a-chama-para-voltar","status":"publish","type":"post","link":"https:\/\/www.tvnovelas.com.br\/tvnews\/dona-de-mim-leo-salva-a-festa-de-sofia-e-abel-a-chama-para-voltar\/","title":{"rendered":"Dona de Mim: Leo salva a festa de Sofia, e Abel a chama para voltar"},"content":{"rendered":"<p><img data-recalc-dims=\"1\" decoding=\"async\" class=\"alignnone wp-image-76423 size-full\" title=\"(Foto: TV Globo\/Dona de Mim)\" src=\"https:\/\/i0.wp.com\/www.tvnovelas.com.br\/tvnews\/wp-content\/uploads\/2025\/05\/11138.jpg?resize=723%2C410&#038;ssl=1\" alt=\"Foto em Dona de Mim: Leo salva a festa de Sofia...\" width=\"723\" height=\"410\" srcset=\"https:\/\/i0.wp.com\/www.tvnovelas.com.br\/tvnews\/wp-content\/uploads\/2025\/05\/11138.jpg?w=723&amp;ssl=1 723w, https:\/\/i0.wp.com\/www.tvnovelas.com.br\/tvnews\/wp-content\/uploads\/2025\/05\/11138.jpg?resize=250%2C142&amp;ssl=1 250w\" sizes=\"(max-width: 723px) 100vw, 723px\" \/><\/p>\n<p>Em Dona de Mim, \u00e9 anivers\u00e1rio de Sofia (Elis Cabral) em Dona de Mim, mas a menina n\u00e3o estar\u00e1 nenhum pouco feliz. Isso at\u00e9 Leo (Clara Moneke) chegar \u00e0 mans\u00e3o Boaz. Leona levar\u00e1 Ded\u00e9 (Lorenzo Reis) e transformar\u00e1 a festa, at\u00e9 ent\u00e3o desanimada e sem crian\u00e7as, em um verdadeiro Halloween. Diante da felicidade de Sofia, Abel (Tony Ramos) voltar\u00e1 atr\u00e1s em sua decis\u00e3o e chamar\u00e1 Leo para voltar a ser bab\u00e1 de sua filha! Vem saber mais!<\/p>\n<p>Para come\u00e7ar, Sofia, que n\u00e3o gosta das crian\u00e7as da escola, n\u00e3o ter\u00e1 entregado os convites para a festa, toda preparada por Filipa (Cl\u00e1udia Abreu), com o tema circo e muitas atra\u00e7\u00f5es.<\/p>\n<p>Davi (Rafael Vitti) e Samuel (Juan Paiva) ligar\u00e3o para Leo, que pegar\u00e1 Ded\u00e9 e ir\u00e1 imediatamente para a mans\u00e3o. Ao chegar l\u00e1, Sofia se iluminar\u00e1 apenas com a presen\u00e7a da ex-bab\u00e1. Mas Leo far\u00e1 ainda melhor. Conhecendo bem os gostos de Sofia, Leo transformar\u00e1 o anivers\u00e1rio de Sofia em uma festa de Halloween fora de \u00e9poca.<\/p>\n<p>\u201cEu n\u00e3o gosto de nada fofo!\u201d, afirma a menina.<\/p>\n<p>Filipa comandar\u00e1 o show, cantando \u201cNoite Preta\u201d, tema da novela Vamp. Jaques (Marcello Novaes) a acompanhar\u00e1 na guitarra e todos dan\u00e7ar\u00e3o juntos. A fam\u00edlia estar\u00e1 muito feliz, especialmente, a pequena aniversariante.<\/p>\n<p>Depois, dentro de casa, Abel pedir\u00e1 para falar com Leona.<\/p>\n<p>\u201cVoc\u00ea salvou a festa\u201d, comemora Samuel.<\/p>\n<p>\u201cS\u00f3 fiz as coisas que a Sofia gosta\u201d, diz Leo.<\/p>\n<p>\u201cO sorriso no rosto da Sofia quando voc\u00ea est\u00e1 por perto diz tudo. Quer voltar a trabalhar aqui conosco?\u201d, convida Abel.<br \/>\n<!--FIM DO POST--><\/p>\n<div class=\"fb-comments\" data-width=\"100%\" data-order-by=\"reverse_time\" data-numposts=\"5\"><\/div>\n<p><strong>Saiba mais:<\/strong><br \/>\n<a href=\"https:\/\/wp.me\/pfspD2-UO\" target=\"_blank\" rel=\"noopener\">Dona de Mim: A trama da novela<\/a><br \/>\n<a href=\"https:\/\/wp.me\/pfspD2-UG\" target=\"_blank\" rel=\"noopener\">Dona de Mim: A fam\u00edlia Boaz e seu imp\u00e9rio de lingerie<\/a><br \/>\n<a href=\"https:\/\/pt.wikipedia.org\/wiki\/Dona_de_Mim_(telenovela)\" target=\"_blank\" rel=\"noopener\">Sobre Dona de Mim na Wikipedia<\/a><br \/>\n<strong>\u00daltimas not\u00edcias de Dona de Mim:<\/strong><br \/>\n<div class=\"pt-cv-wrapper\"><div class=\"pt-cv-view pt-cv-grid pt-cv-colsys\" id=\"pt-cv-view-53ef48buaf\"><div data-id=\"pt-cv-page-1\" class=\"pt-cv-page\" data-cvc=\"1\"><div class=\"col-md-12 col-sm-12 col-xs-12 pt-cv-content-item pt-cv-1-col\" ><div class='pt-cv-ifield'><h4 class=\"pt-cv-title\"><a href=\"https:\/\/www.tvnovelas.com.br\/tvnews\/dona-de-mim-abel-aparece-e-salva-sofia-do-incendio\/\" class=\"_blank\" target=\"_blank\" >Dona de Mim: Abel \u2018aparece&#8217; e salva Sofia do inc\u00eandio<\/a><\/h4><\/div><\/div>\n<div class=\"col-md-12 col-sm-12 col-xs-12 pt-cv-content-item pt-cv-1-col\" ><div class='pt-cv-ifield'><h4 class=\"pt-cv-title\"><a href=\"https:\/\/www.tvnovelas.com.br\/tvnews\/dona-de-mim-jaques-coloca-fogo-na-boaz\/\" class=\"_blank\" target=\"_blank\" >Dona de Mim: Jaques coloca fogo na Boaz<\/a><\/h4><\/div><\/div>\n<div class=\"col-md-12 col-sm-12 col-xs-12 pt-cv-content-item pt-cv-1-col\" ><div class='pt-cv-ifield'><h4 class=\"pt-cv-title\"><a href=\"https:\/\/www.tvnovelas.com.br\/tvnews\/dona-de-mim-davi-e-barbara-sofrem-grave-acidente\/\" class=\"_blank\" target=\"_blank\" >Dona de Mim: Davi e B\u00e1rbara sofrem grave acidente<\/a><\/h4><\/div><\/div>\n<div class=\"col-md-12 col-sm-12 col-xs-12 pt-cv-content-item pt-cv-1-col\" ><div class='pt-cv-ifield'><h4 class=\"pt-cv-title\"><a href=\"https:\/\/www.tvnovelas.com.br\/tvnews\/dona-de-mim-ellen-e-presa-e-sofia-volta-para-casa\/\" class=\"_blank\" target=\"_blank\" >Dona de Mim: Ellen \u00e9 presa, e Sofia volta para casa<\/a><\/h4><\/div><\/div>\n<div class=\"col-md-12 col-sm-12 col-xs-12 pt-cv-content-item pt-cv-1-col\" ><div class='pt-cv-ifield'><h4 class=\"pt-cv-title\"><a href=\"https:\/\/www.tvnovelas.com.br\/tvnews\/dona-de-mim-na-ultima-semana-05-a-10-01\/\" class=\"_blank\" target=\"_blank\" >Dona de Mim na \u00faltima semana (05 a 10\/01)<\/a><\/h4><\/div><\/div><\/div><\/div><\/div><br \/>\n<strong>\u00daltimas not\u00edcias das novelas<\/strong><br \/>\n<div class=\"pt-cv-wrapper\"><div class=\"pt-cv-view pt-cv-grid pt-cv-colsys\" id=\"pt-cv-view-440a179we1\"><div data-id=\"pt-cv-page-1\" class=\"pt-cv-page\" data-cvc=\"2\"><div class=\"col-md-6 col-sm-12 col-xs-12 pt-cv-content-item pt-cv-1-col\" ><div class='pt-cv-ifield'><a href=\"https:\/\/www.tvnovelas.com.br\/tvnews\/coracao-de-mae-reha-sai-para-jantar-com-selvi\/\" class=\"_blank pt-cv-href-thumbnail pt-cv-thumb-default\" target=\"_blank\" ><img decoding=\"async\" width=\"728\" height=\"410\" src=\"https:\/\/i0.wp.com\/www.tvnovelas.com.br\/tvnews\/wp-content\/uploads\/2026\/04\/13189.jpg?fit=728%2C410&amp;ssl=1\" class=\"pt-cv-thumbnail\" alt=\"Foto em Cora\u00e7\u00e3o de M\u00e3e: Reha sai para jantar com Selvi\" srcset=\"https:\/\/i0.wp.com\/www.tvnovelas.com.br\/tvnews\/wp-content\/uploads\/2026\/04\/13189.jpg?w=728&amp;ssl=1 728w, https:\/\/i0.wp.com\/www.tvnovelas.com.br\/tvnews\/wp-content\/uploads\/2026\/04\/13189.jpg?resize=250%2C141&amp;ssl=1 250w\" sizes=\"(max-width: 728px) 100vw, 728px\" \/><\/a>\n<h4 class=\"pt-cv-title\"><a href=\"https:\/\/www.tvnovelas.com.br\/tvnews\/coracao-de-mae-reha-sai-para-jantar-com-selvi\/\" class=\"_blank\" target=\"_blank\" >Cora\u00e7\u00e3o de M\u00e3e: Reha sai para jantar com Selvi<\/a><\/h4><\/div><\/div>\n<div class=\"col-md-6 col-sm-12 col-xs-12 pt-cv-content-item pt-cv-1-col\" ><div class='pt-cv-ifield'><a href=\"https:\/\/www.tvnovelas.com.br\/tvnews\/coracao-acelerado-zila-se-preocupa-com-sua-situacao-apos-separacao\/\" class=\"_blank pt-cv-href-thumbnail pt-cv-thumb-default\" target=\"_blank\" ><img decoding=\"async\" width=\"728\" height=\"410\" src=\"https:\/\/i0.wp.com\/www.tvnovelas.com.br\/tvnews\/wp-content\/uploads\/2026\/04\/13188.jpg?fit=728%2C410&amp;ssl=1\" class=\"pt-cv-thumbnail\" alt=\"Foto em Cora\u00e7\u00e3o Acelerado: Zil\u00e1 se preocupa com sua situa\u00e7\u00e3o ap\u00f3s separa\u00e7\u00e3o\" srcset=\"https:\/\/i0.wp.com\/www.tvnovelas.com.br\/tvnews\/wp-content\/uploads\/2026\/04\/13188.jpg?w=728&amp;ssl=1 728w, https:\/\/i0.wp.com\/www.tvnovelas.com.br\/tvnews\/wp-content\/uploads\/2026\/04\/13188.jpg?resize=250%2C141&amp;ssl=1 250w\" sizes=\"(max-width: 728px) 100vw, 728px\" \/><\/a>\n<h4 class=\"pt-cv-title\"><a href=\"https:\/\/www.tvnovelas.com.br\/tvnews\/coracao-acelerado-zila-se-preocupa-com-sua-situacao-apos-separacao\/\" class=\"_blank\" target=\"_blank\" >Cora\u00e7\u00e3o Acelerado: Zil\u00e1 se preocupa com sua situa\u00e7\u00e3o ap\u00f3s separa\u00e7\u00e3o<\/a><\/h4><\/div><\/div>\n<div class=\"col-md-6 col-sm-12 col-xs-12 pt-cv-content-item pt-cv-1-col\" ><div class='pt-cv-ifield'><a href=\"https:\/\/www.tvnovelas.com.br\/tvnews\/a-nobreza-do-amor-tonho-nao-se-curva-diante-de-mirinho\/\" class=\"_blank pt-cv-href-thumbnail pt-cv-thumb-default\" target=\"_blank\" ><img decoding=\"async\" width=\"728\" height=\"410\" src=\"https:\/\/i0.wp.com\/www.tvnovelas.com.br\/tvnews\/wp-content\/uploads\/2026\/04\/13187.jpg?fit=728%2C410&amp;ssl=1\" class=\"pt-cv-thumbnail\" alt=\"Foto em A Nobreza do Amor: Tonho n\u00e3o se curva diante de Mirinho\" srcset=\"https:\/\/i0.wp.com\/www.tvnovelas.com.br\/tvnews\/wp-content\/uploads\/2026\/04\/13187.jpg?w=728&amp;ssl=1 728w, https:\/\/i0.wp.com\/www.tvnovelas.com.br\/tvnews\/wp-content\/uploads\/2026\/04\/13187.jpg?resize=250%2C141&amp;ssl=1 250w\" sizes=\"(max-width: 728px) 100vw, 728px\" \/><\/a>\n<h4 class=\"pt-cv-title\"><a href=\"https:\/\/www.tvnovelas.com.br\/tvnews\/a-nobreza-do-amor-tonho-nao-se-curva-diante-de-mirinho\/\" class=\"_blank\" target=\"_blank\" >A Nobreza do Amor: Tonho n\u00e3o se curva diante de Mirinho<\/a><\/h4><\/div><\/div>\n<div class=\"col-md-6 col-sm-12 col-xs-12 pt-cv-content-item pt-cv-1-col\" ><div class='pt-cv-ifield'><a href=\"https:\/\/www.tvnovelas.com.br\/tvnews\/tres-gracas-arminda-surta-ao-confirmar-que-ferette-e-pai-de-raul\/\" class=\"_blank pt-cv-href-thumbnail pt-cv-thumb-default\" target=\"_blank\" ><img decoding=\"async\" width=\"728\" height=\"410\" src=\"https:\/\/i0.wp.com\/www.tvnovelas.com.br\/tvnews\/wp-content\/uploads\/2026\/04\/13186.jpg?fit=728%2C410&amp;ssl=1\" class=\"pt-cv-thumbnail\" alt=\"Foto em Tr\u00eas Gra\u00e7as: Arminda surta ao confirmar que Ferette \u00e9 pai de Raul\" srcset=\"https:\/\/i0.wp.com\/www.tvnovelas.com.br\/tvnews\/wp-content\/uploads\/2026\/04\/13186.jpg?w=728&amp;ssl=1 728w, https:\/\/i0.wp.com\/www.tvnovelas.com.br\/tvnews\/wp-content\/uploads\/2026\/04\/13186.jpg?resize=250%2C141&amp;ssl=1 250w\" sizes=\"(max-width: 728px) 100vw, 728px\" \/><\/a>\n<h4 class=\"pt-cv-title\"><a href=\"https:\/\/www.tvnovelas.com.br\/tvnews\/tres-gracas-arminda-surta-ao-confirmar-que-ferette-e-pai-de-raul\/\" class=\"_blank\" target=\"_blank\" >Tr\u00eas Gra\u00e7as:  Arminda surta ao confirmar que Ferette \u00e9 pai de Raul<\/a><\/h4><\/div><\/div>\n<div class=\"col-md-6 col-sm-12 col-xs-12 pt-cv-content-item pt-cv-1-col\" ><div class='pt-cv-ifield'><a href=\"https:\/\/www.tvnovelas.com.br\/tvnews\/coracao-de-mae-atilla-confronta-hasan-e-exige-o-divorcio-de-lale\/\" class=\"_blank pt-cv-href-thumbnail pt-cv-thumb-default\" target=\"_blank\" ><\/a>\n<h4 class=\"pt-cv-title\"><a href=\"https:\/\/www.tvnovelas.com.br\/tvnews\/coracao-de-mae-atilla-confronta-hasan-e-exige-o-divorcio-de-lale\/\" class=\"_blank\" target=\"_blank\" >Cora\u00e7\u00e3o de M\u00e3e: Atilla confronta Hasan e exige o div\u00f3rcio de Lale<\/a><\/h4><\/div><\/div>\n<div class=\"col-md-6 col-sm-12 col-xs-12 pt-cv-content-item pt-cv-1-col\" ><div class='pt-cv-ifield'><a href=\"https:\/\/www.tvnovelas.com.br\/tvnews\/guerra-das-rosas-gulfem-coloca-gulru-contra-a-parede\/\" class=\"_blank pt-cv-href-thumbnail pt-cv-thumb-default\" target=\"_blank\" ><img decoding=\"async\" width=\"728\" height=\"410\" src=\"https:\/\/i0.wp.com\/www.tvnovelas.com.br\/tvnews\/wp-content\/uploads\/2026\/04\/13184.jpg?fit=728%2C410&amp;ssl=1\" class=\"pt-cv-thumbnail\" alt=\"Foto em Guerra das Rosas: Gulfem coloca Gulru contra a parede\" srcset=\"https:\/\/i0.wp.com\/www.tvnovelas.com.br\/tvnews\/wp-content\/uploads\/2026\/04\/13184.jpg?w=728&amp;ssl=1 728w, https:\/\/i0.wp.com\/www.tvnovelas.com.br\/tvnews\/wp-content\/uploads\/2026\/04\/13184.jpg?resize=250%2C141&amp;ssl=1 250w\" sizes=\"(max-width: 728px) 100vw, 728px\" \/><\/a>\n<h4 class=\"pt-cv-title\"><a href=\"https:\/\/www.tvnovelas.com.br\/tvnews\/guerra-das-rosas-gulfem-coloca-gulru-contra-a-parede\/\" class=\"_blank\" target=\"_blank\" >Guerra das Rosas: Gulfem coloca Gulru contra a parede<\/a><\/h4><\/div><\/div>\n<div class=\"col-md-6 col-sm-12 col-xs-12 pt-cv-content-item pt-cv-1-col\" ><div class='pt-cv-ifield'><a href=\"https:\/\/www.tvnovelas.com.br\/tvnews\/coracao-de-mae-atilla-diz-a-lale-que-quer-o-divorcio\/\" class=\"_blank pt-cv-href-thumbnail pt-cv-thumb-default\" target=\"_blank\" ><img decoding=\"async\" width=\"728\" height=\"410\" src=\"https:\/\/i0.wp.com\/www.tvnovelas.com.br\/tvnews\/wp-content\/uploads\/2026\/04\/13183.jpg?fit=728%2C410&amp;ssl=1\" class=\"pt-cv-thumbnail\" alt=\"Foto em Cora\u00e7\u00e3o de M\u00e3e: Atilla diz a Lale que quer o div\u00f3rcio\" srcset=\"https:\/\/i0.wp.com\/www.tvnovelas.com.br\/tvnews\/wp-content\/uploads\/2026\/04\/13183.jpg?w=728&amp;ssl=1 728w, https:\/\/i0.wp.com\/www.tvnovelas.com.br\/tvnews\/wp-content\/uploads\/2026\/04\/13183.jpg?resize=250%2C141&amp;ssl=1 250w\" sizes=\"(max-width: 728px) 100vw, 728px\" \/><\/a>\n<h4 class=\"pt-cv-title\"><a href=\"https:\/\/www.tvnovelas.com.br\/tvnews\/coracao-de-mae-atilla-diz-a-lale-que-quer-o-divorcio\/\" class=\"_blank\" target=\"_blank\" >Cora\u00e7\u00e3o de M\u00e3e: Atilla diz a Lale que quer o div\u00f3rcio<\/a><\/h4><\/div><\/div>\n<div class=\"col-md-6 col-sm-12 col-xs-12 pt-cv-content-item pt-cv-1-col\" ><div class='pt-cv-ifield'><a href=\"https:\/\/www.tvnovelas.com.br\/tvnews\/a-nobreza-do-amor-mirinho-garante-noivado-com-virginia-para-atrair-sogro-a-negocio\/\" class=\"_blank pt-cv-href-thumbnail pt-cv-thumb-default\" target=\"_blank\" ><img decoding=\"async\" width=\"728\" height=\"410\" src=\"https:\/\/i0.wp.com\/www.tvnovelas.com.br\/tvnews\/wp-content\/uploads\/2026\/04\/13182.jpg?fit=728%2C410&amp;ssl=1\" class=\"pt-cv-thumbnail\" alt=\"Foto em A Nobreza do Amor: Mirinho garante noivado com Virg\u00ednia para atrair sogro a neg\u00f3cio\" srcset=\"https:\/\/i0.wp.com\/www.tvnovelas.com.br\/tvnews\/wp-content\/uploads\/2026\/04\/13182.jpg?w=728&amp;ssl=1 728w, https:\/\/i0.wp.com\/www.tvnovelas.com.br\/tvnews\/wp-content\/uploads\/2026\/04\/13182.jpg?resize=250%2C141&amp;ssl=1 250w\" sizes=\"(max-width: 728px) 100vw, 728px\" \/><\/a>\n<h4 class=\"pt-cv-title\"><a href=\"https:\/\/www.tvnovelas.com.br\/tvnews\/a-nobreza-do-amor-mirinho-garante-noivado-com-virginia-para-atrair-sogro-a-negocio\/\" class=\"_blank\" target=\"_blank\" >A Nobreza do Amor: Mirinho garante noivado com Virg\u00ednia para atrair sogro a neg\u00f3cio<\/a><\/h4><\/div><\/div>\n<div class=\"col-md-6 col-sm-12 col-xs-12 pt-cv-content-item pt-cv-1-col\" ><div class='pt-cv-ifield'><a href=\"https:\/\/www.tvnovelas.com.br\/tvnews\/tres-gracas-joaquim-propoe-fuga-a-arminda-com-o-dinheiro-das-tres-gracas\/\" class=\"_blank pt-cv-href-thumbnail pt-cv-thumb-default\" target=\"_blank\" ><img decoding=\"async\" width=\"728\" height=\"410\" src=\"https:\/\/i0.wp.com\/www.tvnovelas.com.br\/tvnews\/wp-content\/uploads\/2026\/04\/13181.jpg?fit=728%2C410&amp;ssl=1\" class=\"pt-cv-thumbnail\" alt=\"Foto em Tr\u00eas Gra\u00e7as: Joaquim prop\u00f5e fuga a Arminda com o dinheiro das Tr\u00eas Gra\u00e7as\" srcset=\"https:\/\/i0.wp.com\/www.tvnovelas.com.br\/tvnews\/wp-content\/uploads\/2026\/04\/13181.jpg?w=728&amp;ssl=1 728w, https:\/\/i0.wp.com\/www.tvnovelas.com.br\/tvnews\/wp-content\/uploads\/2026\/04\/13181.jpg?resize=250%2C141&amp;ssl=1 250w\" sizes=\"(max-width: 728px) 100vw, 728px\" \/><\/a>\n<h4 class=\"pt-cv-title\"><a href=\"https:\/\/www.tvnovelas.com.br\/tvnews\/tres-gracas-joaquim-propoe-fuga-a-arminda-com-o-dinheiro-das-tres-gracas\/\" class=\"_blank\" target=\"_blank\" >Tr\u00eas Gra\u00e7as:  Joaquim prop\u00f5e fuga a Arminda com o dinheiro das Tr\u00eas Gra\u00e7as<\/a><\/h4><\/div><\/div>\n<div class=\"col-md-6 col-sm-12 col-xs-12 pt-cv-content-item pt-cv-1-col\" ><div class='pt-cv-ifield'><a href=\"https:\/\/www.tvnovelas.com.br\/tvnews\/coracao-de-mae-atilla-decide-abrir-o-jogo-com-karsu\/\" class=\"_blank pt-cv-href-thumbnail pt-cv-thumb-default\" target=\"_blank\" ><img decoding=\"async\" width=\"728\" height=\"410\" src=\"https:\/\/i0.wp.com\/www.tvnovelas.com.br\/tvnews\/wp-content\/uploads\/2026\/04\/13180.jpg?fit=728%2C410&amp;ssl=1\" class=\"pt-cv-thumbnail\" alt=\"Foto em Cora\u00e7\u00e3o de M\u00e3e: Atilla decide abrir o jogo com Karsu\" srcset=\"https:\/\/i0.wp.com\/www.tvnovelas.com.br\/tvnews\/wp-content\/uploads\/2026\/04\/13180.jpg?w=728&amp;ssl=1 728w, https:\/\/i0.wp.com\/www.tvnovelas.com.br\/tvnews\/wp-content\/uploads\/2026\/04\/13180.jpg?resize=250%2C141&amp;ssl=1 250w\" sizes=\"(max-width: 728px) 100vw, 728px\" \/><\/a>\n<h4 class=\"pt-cv-title\"><a href=\"https:\/\/www.tvnovelas.com.br\/tvnews\/coracao-de-mae-atilla-decide-abrir-o-jogo-com-karsu\/\" class=\"_blank\" target=\"_blank\" >Cora\u00e7\u00e3o de M\u00e3e: Atilla decide abrir o jogo com Karsu<\/a><\/h4><\/div><\/div><\/div><\/div><\/div><br \/>\n<a href=\"https:\/\/tvnovelas.com.br\/filmes\/filmes-na-tv-segunda\/\" target=\"_blank\" rel=\"noopener\">Confira a Programa\u00e7\u00e3o de Filmes na TV aberta<\/a><\/p>\n","protected":false},"excerpt":{"rendered":"<p>Dona de Mim: Leo salva a festa de Sofia&#8230; Em Dona de Mim, \u00e9 anivers\u00e1rio de Sofia (Elis Cabral) em Dona de Mim, mas a menina n\u00e3o estar\u00e1 nenhum pouco feliz&#8230;<\/p>\n","protected":false},"author":1,"featured_media":76423,"comment_status":"closed","ping_status":"closed","sticky":false,"template":"","format":"standard","meta":{"_uf_show_specific_survey":0,"_uf_disable_surveys":false,"_jetpack_memberships_contains_paid_content":false,"footnotes":"","_wp_rev_ctl_limit":""},"categories":[884],"tags":[883,5,64],"class_list":["post-76422","post","type-post","status-publish","format-standard","has-post-thumbnail","hentry","category-dona-de-mim","tag-dona-de-mim","tag-globo","tag-novelas","wpcat-884-id"],"aioseo_notices":[],"jetpack_featured_media_url":"https:\/\/i0.wp.com\/www.tvnovelas.com.br\/tvnews\/wp-content\/uploads\/2025\/05\/11138.jpg?fit=723%2C410&ssl=1","jetpack_shortlink":"https:\/\/wp.me\/pdP2BO-jSC","jetpack_sharing_enabled":true,"_links":{"self":[{"href":"https:\/\/www.tvnovelas.com.br\/tvnews\/wp-json\/wp\/v2\/posts\/76422","targetHints":{"allow":["GET"]}}],"collection":[{"href":"https:\/\/www.tvnovelas.com.br\/tvnews\/wp-json\/wp\/v2\/posts"}],"about":[{"href":"https:\/\/www.tvnovelas.com.br\/tvnews\/wp-json\/wp\/v2\/types\/post"}],"author":[{"embeddable":true,"href":"https:\/\/www.tvnovelas.com.br\/tvnews\/wp-json\/wp\/v2\/users\/1"}],"replies":[{"embeddable":true,"href":"https:\/\/www.tvnovelas.com.br\/tvnews\/wp-json\/wp\/v2\/comments?post=76422"}],"version-history":[{"count":1,"href":"https:\/\/www.tvnovelas.com.br\/tvnews\/wp-json\/wp\/v2\/posts\/76422\/revisions"}],"predecessor-version":[{"id":76424,"href":"https:\/\/www.tvnovelas.com.br\/tvnews\/wp-json\/wp\/v2\/posts\/76422\/revisions\/76424"}],"wp:featuredmedia":[{"embeddable":true,"href":"https:\/\/www.tvnovelas.com.br\/tvnews\/wp-json\/wp\/v2\/media\/76423"}],"wp:attachment":[{"href":"https:\/\/www.tvnovelas.com.br\/tvnews\/wp-json\/wp\/v2\/media?parent=76422"}],"wp:term":[{"taxonomy":"category","embeddable":true,"href":"https:\/\/www.tvnovelas.com.br\/tvnews\/wp-json\/wp\/v2\/categories?post=76422"},{"taxonomy":"post_tag","embeddable":true,"href":"https:\/\/www.tvnovelas.com.br\/tvnews\/wp-json\/wp\/v2\/tags?post=76422"}],"curies":[{"name":"wp","href":"https:\/\/api.w.org\/{rel}","templated":true}]}}