{"id":76442,"date":"2025-05-16T12:39:56","date_gmt":"2025-05-16T15:39:56","guid":{"rendered":"https:\/\/www.tvnovelas.com.br\/tvnews\/?p=76442"},"modified":"2025-05-16T12:39:56","modified_gmt":"2025-05-16T15:39:56","slug":"forca-de-mulher-bahar-e-ceyda-sao-abordadas-em-operacao-policial","status":"publish","type":"post","link":"https:\/\/www.tvnovelas.com.br\/tvnews\/forca-de-mulher-bahar-e-ceyda-sao-abordadas-em-operacao-policial\/","title":{"rendered":"For\u00e7a de Mulher: Bahar e Ceyda s\u00e3o abordadas em opera\u00e7\u00e3o policial"},"content":{"rendered":"<p><img data-recalc-dims=\"1\" decoding=\"async\" class=\"alignnone wp-image-76443 size-full\" title=\"(Foto: Record TV\/For\u00e7a de Mulher)\" src=\"https:\/\/i0.wp.com\/www.tvnovelas.com.br\/tvnews\/wp-content\/uploads\/2025\/05\/11143.jpg?resize=728%2C412&#038;ssl=1\" alt=\"Foto em For\u00e7a de Mulher: Bahar e Ceyda s\u00e3o abordadas...\" width=\"728\" height=\"412\" srcset=\"https:\/\/i0.wp.com\/www.tvnovelas.com.br\/tvnews\/wp-content\/uploads\/2025\/05\/11143.jpg?w=728&amp;ssl=1 728w, https:\/\/i0.wp.com\/www.tvnovelas.com.br\/tvnews\/wp-content\/uploads\/2025\/05\/11143.jpg?resize=250%2C141&amp;ssl=1 250w\" sizes=\"(max-width: 728px) 100vw, 728px\" \/><\/p>\n<p>No cap\u00edtulo de For\u00e7a de Mulher, nesta sexta, dia 16, Bahar vai com Ceyda fazer uma nova entrega de refei\u00e7\u00f5es. Quando chegam ao endere\u00e7o, a pol\u00edcia invade o local e questiona as duas. Ceyda inventa uma hist\u00f3ria e entra no apartamento de uma senhora.<\/p>\n<p>Arrependida, Nisan pede desculpas a Arif, e o abra\u00e7a com carinho, deixando-o emocionado. Sirin tenta disfar\u00e7ar a raiva ao ver a cena. Bahar estranha o comportamento de Sirin com Arif. Nisan fica radiante ao descobrir que a m\u00e3e est\u00e1 aprendendo ingl\u00eas para ajud\u00e1-la.<\/p>\n<p>Sirin faz chantagem com Arif e leva a jovem para jantar. Kesmet e Emre falam sobre Arda e, de forma r\u00edspida, ele confessa \u00e0 advogada que n\u00e3o pode mais ter filhos.<br \/>\n<!--FIM DO POST--><\/p>\n<div class=\"fb-comments\" data-width=\"100%\" data-order-by=\"reverse_time\" data-numposts=\"5\"><\/div>\n<h2>Saiba mais:<\/h2>\n<p><a href=\"https:\/\/tvnovelas.com.br\/novelas\/resumos-de-forca-de-mulher\/\" target=\"_blank\" rel=\"noopener\">Resumos da semana de For\u00e7a de Mulher<\/a><br \/>\n<a href=\"https:\/\/tvnovelas.com.br\/page2\/arquivo\/forca-de-mulher-as-lutas-de-bahar\/\" target=\"_blank\" rel=\"noopener\">For\u00e7a de Mulher: As lutas de Bahar (Sinopse)<\/a><br \/>\n<a href=\"https:\/\/pt.wikipedia.org\/wiki\/Kad%C4%B1n\" target=\"_blank\" rel=\"noopener\">Sobre For\u00e7a de Mulher na Wikipedia<\/a><br \/>\n<a href=\"https:\/\/www.facebook.com\/tevenovelas\/\">\u00daltimas not\u00edcias do TV Novelas no Facebook<\/a><br \/>\n<a href=\"https:\/\/tvnovelas.com.br\/novelas\/\">Resumos de todas as novelas<\/a><\/p>\n<h2>\u00daltimas not\u00edcias das novelas<\/h2>\n<p>[wp-rss-aggregator feeds=&#8221;todas&#8221;]<\/p>\n","protected":false},"excerpt":{"rendered":"<p>For\u00e7a de Mulher: Bahar e Ceyda s\u00e3o abordadas&#8230; No cap\u00edtulo de For\u00e7a de Mulher, nesta sexta, dia 16, Bahar vai com Ceyda fazer uma nova entrega de refei\u00e7\u00f5es&#8230;<\/p>\n","protected":false},"author":1,"featured_media":76443,"comment_status":"closed","ping_status":"closed","sticky":false,"template":"","format":"standard","meta":{"_uf_show_specific_survey":0,"_uf_disable_surveys":false,"_jetpack_memberships_contains_paid_content":false,"footnotes":"","_wp_rev_ctl_limit":""},"categories":[803],"tags":[805,64,14],"class_list":["post-76442","post","type-post","status-publish","format-standard","has-post-thumbnail","hentry","category-forca-de-mulher","tag-forca-de-mulher","tag-novelas","tag-record","wpcat-803-id"],"aioseo_notices":[],"jetpack_featured_media_url":"https:\/\/i0.wp.com\/www.tvnovelas.com.br\/tvnews\/wp-content\/uploads\/2025\/05\/11143.jpg?fit=728%2C412&ssl=1","jetpack_shortlink":"https:\/\/wp.me\/pdP2BO-jSW","jetpack_sharing_enabled":true,"_links":{"self":[{"href":"https:\/\/www.tvnovelas.com.br\/tvnews\/wp-json\/wp\/v2\/posts\/76442","targetHints":{"allow":["GET"]}}],"collection":[{"href":"https:\/\/www.tvnovelas.com.br\/tvnews\/wp-json\/wp\/v2\/posts"}],"about":[{"href":"https:\/\/www.tvnovelas.com.br\/tvnews\/wp-json\/wp\/v2\/types\/post"}],"author":[{"embeddable":true,"href":"https:\/\/www.tvnovelas.com.br\/tvnews\/wp-json\/wp\/v2\/users\/1"}],"replies":[{"embeddable":true,"href":"https:\/\/www.tvnovelas.com.br\/tvnews\/wp-json\/wp\/v2\/comments?post=76442"}],"version-history":[{"count":1,"href":"https:\/\/www.tvnovelas.com.br\/tvnews\/wp-json\/wp\/v2\/posts\/76442\/revisions"}],"predecessor-version":[{"id":76444,"href":"https:\/\/www.tvnovelas.com.br\/tvnews\/wp-json\/wp\/v2\/posts\/76442\/revisions\/76444"}],"wp:featuredmedia":[{"embeddable":true,"href":"https:\/\/www.tvnovelas.com.br\/tvnews\/wp-json\/wp\/v2\/media\/76443"}],"wp:attachment":[{"href":"https:\/\/www.tvnovelas.com.br\/tvnews\/wp-json\/wp\/v2\/media?parent=76442"}],"wp:term":[{"taxonomy":"category","embeddable":true,"href":"https:\/\/www.tvnovelas.com.br\/tvnews\/wp-json\/wp\/v2\/categories?post=76442"},{"taxonomy":"post_tag","embeddable":true,"href":"https:\/\/www.tvnovelas.com.br\/tvnews\/wp-json\/wp\/v2\/tags?post=76442"}],"curies":[{"name":"wp","href":"https:\/\/api.w.org\/{rel}","templated":true}]}}