{"id":76713,"date":"2025-05-30T10:44:41","date_gmt":"2025-05-30T13:44:41","guid":{"rendered":"https:\/\/www.tvnovelas.com.br\/tvnews\/?p=76713"},"modified":"2025-05-30T10:44:41","modified_gmt":"2025-05-30T13:44:41","slug":"forca-de-mulher-kesmet-conta-a-ceyda-sobre-seu-romance-com-emre","status":"publish","type":"post","link":"https:\/\/www.tvnovelas.com.br\/tvnews\/forca-de-mulher-kesmet-conta-a-ceyda-sobre-seu-romance-com-emre\/","title":{"rendered":"For\u00e7a de Mulher: Kesmet conta a Ceyda sobre seu romance com Emre"},"content":{"rendered":"<figure id=\"attachment_76714\" aria-describedby=\"caption-attachment-76714\" style=\"width: 728px\" class=\"wp-caption alignnone\"><img data-recalc-dims=\"1\" decoding=\"async\" class=\"wp-image-76714 size-full\" title=\"(Foto: Record TV\/For\u00e7a de Mulher)\" src=\"https:\/\/i0.wp.com\/www.tvnovelas.com.br\/tvnews\/wp-content\/uploads\/2025\/05\/11201.jpg?resize=728%2C410&#038;ssl=1\" alt=\"Foto em For\u00e7a de Mulher: Kesmet conta a Ceyda sobre seu romance com Emre\" width=\"728\" height=\"410\" srcset=\"https:\/\/i0.wp.com\/www.tvnovelas.com.br\/tvnews\/wp-content\/uploads\/2025\/05\/11201.jpg?w=728&amp;ssl=1 728w, https:\/\/i0.wp.com\/www.tvnovelas.com.br\/tvnews\/wp-content\/uploads\/2025\/05\/11201.jpg?resize=250%2C141&amp;ssl=1 250w\" sizes=\"(max-width: 728px) 100vw, 728px\" \/><figcaption id=\"caption-attachment-76714\" class=\"wp-caption-text\">For\u00e7a de Mulher: Kesmet conta a Ceyda sobre seu romance com Emre<\/figcaption><\/figure>\n<p>No cap\u00edtulo de For\u00e7a de Mulher, nesta sexta, dia 30, Ceyda procura Kesmet e conversa com a advogada, indignada com a atitude de Emre, e Kesmet conta a verdade para ela sobre o romance com Emre. Revoltada, ela se recusa a ver as fotos dos dois meninos que nasceram no mesmo dia que Arda e vai embora em choque&#8230;Confira o resumo do cap\u00edtulo de hoje:<\/p>\n<h2 style=\"color: #d50b8b;\">Resumo de sexta-feira, 30 de maio<\/h2>\n<p>Bahar vai \u00e0 loja de Cem para entregar o embrulho que ele tanto procurava. No dia seguinte, Nisan conta mais uma vez para Bahar que Arda montou o quebra-cabe\u00e7as sozinho, mas a m\u00e3e n\u00e3o d\u00e1 muita import\u00e2ncia. O pai de Cem se entristece quando Bersan diz que ele vai embora e voltar\u00e1 para o asilo. Bahar leva Arda para seu apartamento, enquanto Ceyda vai trabalhar, e d\u00e1 o quebra-cabe\u00e7as para o menino montar, mas ele fica indiferente diante do jogo. Arif procura Sirin para saber como ela est\u00e1 e a jovem \u00e9 grosseira com ele. Bahar fica pasma e se emociona ao ver que Arda est\u00e1 montando o quebra-cabe\u00e7as com uma rapidez impressionante. Raif provoca Ceyda e se diverte com a irrita\u00e7\u00e3o da mo\u00e7a. Fazilet separa algumas roupas e d\u00e1 para Ceyda, mas ela diz que n\u00e3o gosta muito do estilo das pe\u00e7as, deixando a escritora surpresa. Em seguida, Ceyda muda de ideia e diz que usar\u00e1 as roupas em ocasi\u00f5es mais s\u00e9rias. Animada com a descoberta que fez sobre Arda, Bahar vai com o menino para a casa de Fazilet. Longe de Ceyda, Bahar conta para a escritora sobre o garotinho e ela promete ajudar, indicando um amigo especialista. Ceyda se emociona ao ver o carinho de Raif com Arda. Raif procura roupas para Ceyda na internet e se diverte. Enver conversa com Sirin e diz estar preocupado com o que poder\u00e1 acontecer com Arda. Sirin acha gra\u00e7a ao saber que Ceyda vai pedir ajuda a Kesmet. A cantora conversa com a advogada, indignada com a atitude de Emre, e Kesmet conta a verdade para ela sobre o romance com Emre. Revoltada, ela se recusa a ver as fotos dos dois meninos que nasceram no mesmo dia que Arda e vai embora em choque.<br \/>\n<!--FIM DO POST--><\/p>\n<div class=\"fb-comments\" data-width=\"100%\" data-order-by=\"reverse_time\" data-numposts=\"5\"><\/div>\n<h2>Saiba mais:<\/h2>\n<p><a href=\"https:\/\/tvnovelas.com.br\/novelas\/resumos-de-forca-de-mulher\/\" target=\"_blank\" rel=\"noopener\">Resumos da semana de For\u00e7a de Mulher<\/a><br \/>\n<a href=\"https:\/\/tvnovelas.com.br\/page2\/arquivo\/forca-de-mulher-as-lutas-de-bahar\/\" target=\"_blank\" rel=\"noopener\">For\u00e7a de Mulher: As lutas de Bahar (Sinopse)<\/a><br \/>\n<a href=\"https:\/\/pt.wikipedia.org\/wiki\/Kad%C4%B1n\" target=\"_blank\" rel=\"noopener\">Sobre For\u00e7a de Mulher na Wikipedia<\/a><br \/>\n<a href=\"https:\/\/www.facebook.com\/tevenovelas\/\">\u00daltimas not\u00edcias do TV Novelas no Facebook<\/a><br \/>\n<a href=\"https:\/\/tvnovelas.com.br\/novelas\/\">Resumos de todas as novelas<\/a><\/p>\n<h2>\u00daltimas not\u00edcias das novelas<\/h2>\n<p>[wp-rss-aggregator feeds=&#8221;todas&#8221;]<\/p>\n","protected":false},"excerpt":{"rendered":"<p>For\u00e7a de Mulher: Kesmet conta a Ceyda&#8230; No cap\u00edtulo de For\u00e7a de Mulher, nesta sexta, dia 30, Ceyda procura Kesmet e conversa com a advogada, indignada com a atitude de Emre&#8230;<\/p>\n","protected":false},"author":1,"featured_media":76714,"comment_status":"closed","ping_status":"closed","sticky":false,"template":"","format":"standard","meta":{"_uf_show_specific_survey":0,"_uf_disable_surveys":false,"_jetpack_memberships_contains_paid_content":false,"footnotes":"","_wp_rev_ctl_limit":""},"categories":[803],"tags":[805,64,14],"class_list":["post-76713","post","type-post","status-publish","format-standard","has-post-thumbnail","hentry","category-forca-de-mulher","tag-forca-de-mulher","tag-novelas","tag-record","wpcat-803-id"],"aioseo_notices":[],"jetpack_featured_media_url":"https:\/\/i0.wp.com\/www.tvnovelas.com.br\/tvnews\/wp-content\/uploads\/2025\/05\/11201.jpg?fit=728%2C410&ssl=1","jetpack_shortlink":"https:\/\/wp.me\/pdP2BO-jXj","jetpack_sharing_enabled":true,"_links":{"self":[{"href":"https:\/\/www.tvnovelas.com.br\/tvnews\/wp-json\/wp\/v2\/posts\/76713","targetHints":{"allow":["GET"]}}],"collection":[{"href":"https:\/\/www.tvnovelas.com.br\/tvnews\/wp-json\/wp\/v2\/posts"}],"about":[{"href":"https:\/\/www.tvnovelas.com.br\/tvnews\/wp-json\/wp\/v2\/types\/post"}],"author":[{"embeddable":true,"href":"https:\/\/www.tvnovelas.com.br\/tvnews\/wp-json\/wp\/v2\/users\/1"}],"replies":[{"embeddable":true,"href":"https:\/\/www.tvnovelas.com.br\/tvnews\/wp-json\/wp\/v2\/comments?post=76713"}],"version-history":[{"count":1,"href":"https:\/\/www.tvnovelas.com.br\/tvnews\/wp-json\/wp\/v2\/posts\/76713\/revisions"}],"predecessor-version":[{"id":76715,"href":"https:\/\/www.tvnovelas.com.br\/tvnews\/wp-json\/wp\/v2\/posts\/76713\/revisions\/76715"}],"wp:featuredmedia":[{"embeddable":true,"href":"https:\/\/www.tvnovelas.com.br\/tvnews\/wp-json\/wp\/v2\/media\/76714"}],"wp:attachment":[{"href":"https:\/\/www.tvnovelas.com.br\/tvnews\/wp-json\/wp\/v2\/media?parent=76713"}],"wp:term":[{"taxonomy":"category","embeddable":true,"href":"https:\/\/www.tvnovelas.com.br\/tvnews\/wp-json\/wp\/v2\/categories?post=76713"},{"taxonomy":"post_tag","embeddable":true,"href":"https:\/\/www.tvnovelas.com.br\/tvnews\/wp-json\/wp\/v2\/tags?post=76713"}],"curies":[{"name":"wp","href":"https:\/\/api.w.org\/{rel}","templated":true}]}}