{"id":76893,"date":"2025-06-05T18:00:31","date_gmt":"2025-06-05T21:00:31","guid":{"rendered":"https:\/\/www.tvnovelas.com.br\/tvnews\/?p=76893"},"modified":"2025-06-05T19:39:30","modified_gmt":"2025-06-05T22:39:30","slug":"sbt-estreia-dorama-meu-amor-das-estrelas","status":"publish","type":"post","link":"https:\/\/www.tvnovelas.com.br\/tvnews\/sbt-estreia-dorama-meu-amor-das-estrelas\/","title":{"rendered":"SBT estreia dorama &#8220;Meu Amor das Estrelas&#8221;"},"content":{"rendered":"<figure id=\"attachment_76897\" aria-describedby=\"caption-attachment-76897\" style=\"width: 725px\" class=\"wp-caption alignnone\"><img data-recalc-dims=\"1\" decoding=\"async\" class=\"wp-image-76897 size-full\" title=\"Foto: SBT\/Meu Amor das Estrelas\" src=\"https:\/\/i0.wp.com\/www.tvnovelas.com.br\/tvnews\/wp-content\/uploads\/2025\/06\/umamordasestrelas01.jpg?resize=725%2C410&#038;ssl=1\" alt=\"Foto em SBT estreia dorama &quot;Meu Amor das Estrelas&quot;\" width=\"725\" height=\"410\" srcset=\"https:\/\/i0.wp.com\/www.tvnovelas.com.br\/tvnews\/wp-content\/uploads\/2025\/06\/umamordasestrelas01.jpg?w=725&amp;ssl=1 725w, https:\/\/i0.wp.com\/www.tvnovelas.com.br\/tvnews\/wp-content\/uploads\/2025\/06\/umamordasestrelas01.jpg?resize=250%2C141&amp;ssl=1 250w\" sizes=\"(max-width: 725px) 100vw, 725px\" \/><figcaption id=\"caption-attachment-76897\" class=\"wp-caption-text\">SBT estreia dorama &#8220;Meu Amor das Estrelas&#8221;<\/figcaption><\/figure>\n<p>O SBT d\u00e1 in\u00edcio \u00e0 segunda fase de sua nova programa\u00e7\u00e3o e promete tardes repletas de emo\u00e7\u00e3o a partir de segunda-feira, 9 de junho.<\/p>\n<p>\u00c0s 16h45 da segunda, dia 09, estreia a Sess\u00e3o Dorama, com a exibi\u00e7\u00e3o de \u201cMeu Amor das Estrelas\u201d, uma produ\u00e7\u00e3o sul-coreana com sua trama envolvente e emocionante. Escrito por Park Ji-Eun e dirigido por Jang Tae-Yu, o dorama \u00e9 um dos grandes sucessos da dramaturgia asi\u00e1tica.<\/p>\n<p>Em \u201cMeu Amor das Estrelas\u201d, Min Joon est\u00e1 conosco h\u00e1 mais de 400 anos. \u00c9 bonito, s\u00e1bio e poderoso. Ao longo dos s\u00e9culos, ele aprendeu a conhecer profundamente os seres humanos e \u00e9 por isso que n\u00e3o se envolve com eles. Todos que ele conheceu est\u00e3o condenados a envelhecer e morrer, enquanto ele permanece jovem para sempre. Ele foi um soldado, um cirurgi\u00e3o, um trabalhador e, agora, em nosso tempo, ele \u00e9 um brilhante professor universit\u00e1rio. Seu vasto conhecimento o tornou arrogante, sua superioridade o separa dos humanos.<\/p>\n<figure id=\"attachment_76898\" aria-describedby=\"caption-attachment-76898\" style=\"width: 728px\" class=\"wp-caption alignnone\"><img data-recalc-dims=\"1\" decoding=\"async\" class=\"wp-image-76898 size-full\" title=\"Foto: SBT\/Meu Amor das Estrelas\" src=\"https:\/\/i0.wp.com\/www.tvnovelas.com.br\/tvnews\/wp-content\/uploads\/2025\/06\/umamordasestrelas02.jpg?resize=728%2C410&#038;ssl=1\" alt=\"Foto de SBT estreia dorama &quot;Meu Amor das Estrelas&quot;\" width=\"728\" height=\"410\" srcset=\"https:\/\/i0.wp.com\/www.tvnovelas.com.br\/tvnews\/wp-content\/uploads\/2025\/06\/umamordasestrelas02.jpg?w=728&amp;ssl=1 728w, https:\/\/i0.wp.com\/www.tvnovelas.com.br\/tvnews\/wp-content\/uploads\/2025\/06\/umamordasestrelas02.jpg?resize=250%2C141&amp;ssl=1 250w\" sizes=\"(max-width: 728px) 100vw, 728px\" \/><figcaption id=\"caption-attachment-76898\" class=\"wp-caption-text\">SBT estreia dorama &#8220;Meu Amor das Estrelas&#8221;<\/figcaption><\/figure>\n<p>Mas essa armadura impenetr\u00e1vel \u00e9 rasgada pela pessoa menos esperada: Song-Yi, uma bela e fr\u00edvola atriz de novela. Mas dois seres de planetas diferentes podem se apaixonar? Seus sentimentos s\u00e3o da mesma intensidade, suas biologias s\u00e3o compat\u00edveis? Como o amor conseguir\u00e1 florescer entre uma garota superficial e um ser de outro planeta que n\u00e3o pode beij\u00e1-la?<\/p>\n<p>Dois cora\u00e7\u00f5es distantes milh\u00f5es de quil\u00f4metros est\u00e3o separados por apenas algumas batidas. O poder do amor \u00e9 mais forte do que o espa\u00e7o, o tempo e a vida. Ele n\u00e3o conhece barreiras ou imposs\u00edveis.<\/p>\n<p>N\u00e3o leva em considera\u00e7\u00e3o corridas ou dist\u00e2ncias. O amor de Min Joon e Song-Yi, dois seres que nasceram para se amar, pode ser o primeiro e \u00fanico de sua esp\u00e9cie.<\/p>\n<h2>Principais Personagens<\/h2>\n<p>Min Joon (Kim Soo-Hyun)<br \/>\n<img data-recalc-dims=\"1\" decoding=\"async\" class=\"alignnone size-full wp-image-76894\" src=\"https:\/\/i0.wp.com\/www.tvnovelas.com.br\/tvnews\/wp-content\/uploads\/2025\/06\/umamordasestrelasqq01.jpg?resize=220%2C220&#038;ssl=1\" alt=\"Foto de Meu Amor das Estrelas\" width=\"220\" height=\"220\" srcset=\"https:\/\/i0.wp.com\/www.tvnovelas.com.br\/tvnews\/wp-content\/uploads\/2025\/06\/umamordasestrelasqq01.jpg?w=220&amp;ssl=1 220w, https:\/\/i0.wp.com\/www.tvnovelas.com.br\/tvnews\/wp-content\/uploads\/2025\/06\/umamordasestrelasqq01.jpg?resize=150%2C150&amp;ssl=1 150w\" sizes=\"(max-width: 220px) 100vw, 220px\" \/><br \/>\nNa escala humana, \u00e9 imposs\u00edvel saber a idade desse belo, frio e poderoso alien\u00edgena. Um pesquisador de outro mundo que fica preso na Terra por causa do olhar de uma mulher. Agora, 400 anos depois, transformado em um impec\u00e1vel professor, Min Joon se rende novamente a um amor que, n\u00e3o tem raz\u00e3o, l\u00f3gica ou medida. Diante de uma mulher que, apesar de ser o completo oposto de tudo o que ele sempre foi, consegue lev\u00e1-lo a uma dimens\u00e3o que seu brilhante intelecto desconhecia. Min Joon se apaixona por uma estrela de novelas, e \u00e9 a\u00ed que come\u00e7a seu drama humano.<\/p>\n<p>Song-Yi (Jun Ji-hyun)<br \/>\n<img data-recalc-dims=\"1\" decoding=\"async\" class=\"alignnone size-full wp-image-76895\" src=\"https:\/\/i0.wp.com\/www.tvnovelas.com.br\/tvnews\/wp-content\/uploads\/2025\/06\/umamordasestrelasqq02.jpg?resize=220%2C220&#038;ssl=1\" alt=\"Foto de Meu Amor das Estrelas\" width=\"220\" height=\"220\" srcset=\"https:\/\/i0.wp.com\/www.tvnovelas.com.br\/tvnews\/wp-content\/uploads\/2025\/06\/umamordasestrelasqq02.jpg?w=220&amp;ssl=1 220w, https:\/\/i0.wp.com\/www.tvnovelas.com.br\/tvnews\/wp-content\/uploads\/2025\/06\/umamordasestrelasqq02.jpg?resize=150%2C150&amp;ssl=1 150w\" sizes=\"(max-width: 220px) 100vw, 220px\" \/><br \/>\nPara Song-Yi se tornou a se tornou a melhor atriz do pa\u00eds. Acostumada a ser mimada em seus caprichos, \u00e9 uma jovem insegura e infeliz. Suas trapalhadas inundam as redes sociais. Os sentimentos de Song-Yi est\u00e3o presos ao passado, marcados pela lembran\u00e7a de um homem que salvou sua vida quando era adolescente e que jamais conseguiu esquecer. Quando Song-Yi se muda para um condom\u00ednio de luxo, sua grande surpresa \u00e9 que seu vizinho, n\u00e3o apenas a ignora, como tamb\u00e9m a despreza. Esse homem a far\u00e1 passar momentos mais dif\u00edceis, mas tamb\u00e9m ajudar\u00e1 a reconhecer o que importa na vida. Ele \u00e9 Min Joon, seu amor vindo das estrelas.<\/p>\n<p>Yu Se-Mi (Yoo In-na)<br \/>\n<img data-recalc-dims=\"1\" decoding=\"async\" class=\"alignnone size-full wp-image-76896\" src=\"https:\/\/i0.wp.com\/www.tvnovelas.com.br\/tvnews\/wp-content\/uploads\/2025\/06\/umamordasestrelasqq03.jpg?resize=220%2C220&#038;ssl=1\" alt=\"Foto em Meu Amor das Estrelas\" width=\"220\" height=\"220\" srcset=\"https:\/\/i0.wp.com\/www.tvnovelas.com.br\/tvnews\/wp-content\/uploads\/2025\/06\/umamordasestrelasqq03.jpg?w=220&amp;ssl=1 220w, https:\/\/i0.wp.com\/www.tvnovelas.com.br\/tvnews\/wp-content\/uploads\/2025\/06\/umamordasestrelasqq03.jpg?resize=150%2C150&amp;ssl=1 150w\" sizes=\"(max-width: 220px) 100vw, 220px\" \/><br \/>\nBela, inteligente e popular atriz de televis\u00e3o, e aparentemente, a melhor amiga de Song-Yi \u2014 mas, em segredo, a inveja e a odeia, fazendo de tudo para que sua suposta amiga caia do pedestal onde milh\u00f5es de f\u00e3s a colocaram.O sentimento de sempre estar em segundo plano atr\u00e1s de Song-Yi vai envenenando lentamente sua alma.<\/p>\n<p>Hwi-Gyeong<br \/>\nRico, despreocupado e vaidoso, Hwi-Gyeong \u00e9 apaixonado por Song-Yi e sonha em lev\u00e1-la ao altar algum dia. Mas Song-Yi, ao alcan\u00e7ar o sucesso como atriz, se distancia dos sentimentos e rejeita suas declara\u00e7\u00f5es de amor. Apesar das rejei\u00e7\u00f5es, Hwi-Gyeong continua insistindo em conquistar seu amor at\u00e9 que ele descobre que o homem que salvou a vida de Song-Yi \u00e9 mais real do que ele imaginou.<\/p>\n<p>Lee Jae-Kyung<br \/>\nIrm\u00e3o de Hwi-Gyeong, carrega uma maldade infinita e guarda segredos que podem colocar a vida de Song-Yi em perigo, caso ela tente descobri-los.<\/p>\n<p>Cheon Yoon-Jae<br \/>\nAp\u00f3s o abandono do pai, Cheon Yoon-Jae assume a responsabilidade de cuidar de sua irm\u00e3 Song-Yi e isso o torna um jovem um tanto amargurado.<\/p>\n<p>\u201cMeu Amor das Estrelas\u201d ter\u00e1 exibi\u00e7\u00e3o de segunda a sexta-feira, \u00e0s 16h45, no SBT. Na sequ\u00eancia, \u00e9 a vez da novela in\u00e9dita mexicana \u201cEternamente Apaixonados\u201d entrar em cena. Produzida por Silvia Cano para a TelevisaUnivision e exibida originalmente no canal mexicano Las Estrellas, a produ\u00e7\u00e3o chega pela primeira vez ao p\u00fablico brasileiro na tela do SBT.<\/p>\n<p><strong>\ud835\udc0c\ud835\udc1e\ud835\udc31\ud835\udc22\ud835\udc1c\ud835\udc1a\ud835\udc27\ud835\udc1a \ud835\udc22\ud835\udc27\u00e9\ud835\udc1d\ud835\udc22\ud835\udc2d\ud835\udc1a &#8220;\ud835\udc04\ud835\udc2d\ud835\udc1e\ud835\udc2b\ud835\udc27\ud835\udc1a\ud835\udc26\ud835\udc1e\ud835\udc27\ud835\udc2d\ud835\udc1e \ud835\udc00\ud835\udc29\ud835\udc1a\ud835\udc22\ud835\udc31\ud835\udc28\ud835\udc27\ud835\udc1a\ud835\udc1d\ud835\udc28\ud835\udc2c&#8221; \ud835\udc1e\ud835\udc2c\ud835\udc2d\ud835\udc2b\ud835\udc1e\ud835\udc22\ud835\udc1a \ud835\udc27\ud835\udc28 \ud835\udc12\ud835\udc01\ud835\udc13<\/strong><br \/>\nO SBT estreia segunda-feira, dia 09, a novela in\u00e9dita mexicana \u201cEternamente Apaixonados\u201d. Produzida por Silvia Cano para a TelevisaUnivision e exibida originalmente no canal Las Estrellas, a produ\u00e7\u00e3o chega pela primeira vez&#8230; <a href=\"https:\/\/wp.me\/pdP2BO-k0q\" rel=\"noopener\" target=\"_blank\"><strong>Leia mais<\/strong><\/a><\/p>\n<div style=\"background-color: #B2D8CE;\">\n<blockquote><p><strong style=\"color: #52357B;\">Dorama<\/strong> \u00e9 o nome dado \u00e0s s\u00e9ries e novelas produzidas principalmente em pa\u00edses asi\u00e1ticos como Jap\u00e3o, Coreia do Sul, China e Taiwan. O termo vem do ingl\u00eas drama, mas com a pron\u00fancia adaptada ao idioma japon\u00eas. Os doramas podem abordar v\u00e1rios g\u00eaneros \u2014 romance, com\u00e9dia, a\u00e7\u00e3o, fantasia, suspense, entre outros \u2014 e geralmente t\u00eam menos epis\u00f3dios que as novelas brasileiras ou s\u00e9ries ocidentais, com temporadas mais curtas e hist\u00f3rias fechadas.\n<\/p><\/blockquote>\n<\/div>\n<div class=\"fb-comments\" data-width=\"100%\" data-order-by=\"reverse_time\" data-numposts=\"5\"><\/div>\n<p><strong style=\"font-size: 120%;\">\u00daltimas not\u00edcias deste canal:<\/strong>\r\n<div class=\"pt-cv-wrapper\"><div class=\"pt-cv-view pt-cv-grid pt-cv-colsys\" id=\"pt-cv-view-90991035b3\"><div data-id=\"pt-cv-page-1\" class=\"pt-cv-page\" data-cvc=\"1\"><div class=\"col-md-12 col-sm-12 col-xs-12 pt-cv-content-item pt-cv-1-col\" ><div class='pt-cv-ifield'><h4 class=\"pt-cv-title\"><a href=\"https:\/\/www.tvnovelas.com.br\/tvnews\/coracao-de-mae-irmak-inicia-jogo-arriscado-contra-adnan\/\" class=\"_self\" target=\"_self\" >Cora\u00e7\u00e3o de M\u00e3e: Irmak inicia jogo arriscado contra Adnan<\/a><\/h4><\/div><\/div>\n<div class=\"col-md-12 col-sm-12 col-xs-12 pt-cv-content-item pt-cv-1-col\" ><div class='pt-cv-ifield'><h4 class=\"pt-cv-title\"><a href=\"https:\/\/www.tvnovelas.com.br\/tvnews\/guerra-das-rosas-omer-chama-gulru-vestida-de-noiva-para-fugir\/\" class=\"_self\" target=\"_self\" >Guerra das Rosas: Omer chama Gulru vestida de noiva para fugir<\/a><\/h4><\/div><\/div>\n<div class=\"col-md-12 col-sm-12 col-xs-12 pt-cv-content-item pt-cv-1-col\" ><div class='pt-cv-ifield'><h4 class=\"pt-cv-title\"><a href=\"https:\/\/www.tvnovelas.com.br\/tvnews\/coracao-de-mae-reha-sai-para-jantar-com-selvi\/\" class=\"_self\" target=\"_self\" >Cora\u00e7\u00e3o de M\u00e3e: Reha sai para jantar com Selvi<\/a><\/h4><\/div><\/div>\n<div class=\"col-md-12 col-sm-12 col-xs-12 pt-cv-content-item pt-cv-1-col\" ><div class='pt-cv-ifield'><h4 class=\"pt-cv-title\"><a href=\"https:\/\/www.tvnovelas.com.br\/tvnews\/coracao-acelerado-zila-se-preocupa-com-sua-situacao-apos-separacao\/\" class=\"_self\" target=\"_self\" >Cora\u00e7\u00e3o Acelerado: Zil\u00e1 se preocupa com sua situa\u00e7\u00e3o ap\u00f3s separa\u00e7\u00e3o<\/a><\/h4><\/div><\/div>\n<div class=\"col-md-12 col-sm-12 col-xs-12 pt-cv-content-item pt-cv-1-col\" ><div class='pt-cv-ifield'><h4 class=\"pt-cv-title\"><a href=\"https:\/\/www.tvnovelas.com.br\/tvnews\/a-nobreza-do-amor-tonho-nao-se-curva-diante-de-mirinho\/\" class=\"_self\" target=\"_self\" >A Nobreza do Amor: Tonho n\u00e3o se curva diante de Mirinho<\/a><\/h4><\/div><\/div>\n<div class=\"col-md-12 col-sm-12 col-xs-12 pt-cv-content-item pt-cv-1-col\" ><div class='pt-cv-ifield'><h4 class=\"pt-cv-title\"><a href=\"https:\/\/www.tvnovelas.com.br\/tvnews\/tres-gracas-arminda-surta-ao-confirmar-que-ferette-e-pai-de-raul\/\" class=\"_self\" target=\"_self\" >Tr\u00eas Gra\u00e7as:  Arminda surta ao confirmar que Ferette \u00e9 pai de Raul<\/a><\/h4><\/div><\/div>\n<div class=\"col-md-12 col-sm-12 col-xs-12 pt-cv-content-item pt-cv-1-col\" ><div class='pt-cv-ifield'><h4 class=\"pt-cv-title\"><a href=\"https:\/\/www.tvnovelas.com.br\/tvnews\/coracao-de-mae-atilla-confronta-hasan-e-exige-o-divorcio-de-lale\/\" class=\"_self\" target=\"_self\" >Cora\u00e7\u00e3o de M\u00e3e: Atilla confronta Hasan e exige o div\u00f3rcio de Lale<\/a><\/h4><\/div><\/div>\n<div class=\"col-md-12 col-sm-12 col-xs-12 pt-cv-content-item pt-cv-1-col\" ><div class='pt-cv-ifield'><h4 class=\"pt-cv-title\"><a href=\"https:\/\/www.tvnovelas.com.br\/tvnews\/guerra-das-rosas-gulfem-coloca-gulru-contra-a-parede\/\" class=\"_self\" target=\"_self\" >Guerra das Rosas: Gulfem coloca Gulru contra a parede<\/a><\/h4><\/div><\/div>\n<div class=\"col-md-12 col-sm-12 col-xs-12 pt-cv-content-item pt-cv-1-col\" ><div class='pt-cv-ifield'><h4 class=\"pt-cv-title\"><a href=\"https:\/\/www.tvnovelas.com.br\/tvnews\/coracao-de-mae-atilla-diz-a-lale-que-quer-o-divorcio\/\" class=\"_self\" target=\"_self\" >Cora\u00e7\u00e3o de M\u00e3e: Atilla diz a Lale que quer o div\u00f3rcio<\/a><\/h4><\/div><\/div>\n<div class=\"col-md-12 col-sm-12 col-xs-12 pt-cv-content-item pt-cv-1-col\" ><div class='pt-cv-ifield'><h4 class=\"pt-cv-title\"><a href=\"https:\/\/www.tvnovelas.com.br\/tvnews\/a-nobreza-do-amor-mirinho-garante-noivado-com-virginia-para-atrair-sogro-a-negocio\/\" class=\"_self\" target=\"_self\" >A Nobreza do Amor: Mirinho garante noivado com Virg\u00ednia para atrair sogro a neg\u00f3cio<\/a><\/h4><\/div><\/div><\/div><\/div><\/div>\r\n<a href=\"https:\/\/www.tvnovelas.com.br\/novelas\/\"><strong>Confira os resumos da semana de todas novelas<\/strong><\/a><\/br>\r\n<h3>Confira tamb\u00e9m<\/h3>\r\n<a href=\"https:\/\/www.tvnovelas.com.br\/filmes\/\" target=\"_blank\" rel=\"noopener noreferrer\"><strong>Programa\u00e7\u00e3o de filmes na TV aberta<\/strong><\/a><\/br>\r\n<a href=\"https:\/\/caetenews.com.br\/semana\/filmes-da-globo-na-sessao-da-tarde-desta-semana\/\" target=\"_blank\" rel=\"noopener\"><strong>Confira os filmes da semana na Sess\u00e3o da Tarde<\/strong><\/a><\/br>\r\n<a href=\"https:\/\/www.tvnovelas.com.br\/novelas\/\" target=\"_blank\" rel=\"noopener noreferrer\"><strong>Resumos de novelas<\/strong><\/a><\/br>\r\n<a href=\"https:\/\/tvnovelas.com.br\/news\/mundo\/\" rel=\"noopener\" target=\"_blank\"><strong>News: Turismo, Cultura, Lazer e Entretenimento<\/strong><\/a><br \/>\n<a href=\"https:\/\/www.facebook.com\/tevenovelas\/\">\u00daltimas not\u00edcias do TV Novelas no Facebook<\/a><br \/>\n<a href=\"https:\/\/www.tvnovelas.com.br\/tvnews\/\" target=\"_blank\" rel=\"noopener\">As \u00faltimas not\u00edcias das novelas<\/a><\/p>\n","protected":false},"excerpt":{"rendered":"<p>SBT estreia dorama &#8220;Meu Amor das Estrelas&#8221;&#8230;<\/p>\n","protected":false},"author":1,"featured_media":76897,"comment_status":"closed","ping_status":"closed","sticky":false,"template":"","format":"standard","meta":{"_uf_show_specific_survey":0,"_uf_disable_surveys":false,"_jetpack_memberships_contains_paid_content":false,"footnotes":"","_wp_rev_ctl_limit":""},"categories":[232],"tags":[895,894,893,64,13],"class_list":["post-76893","post","type-post","status-publish","format-standard","has-post-thumbnail","hentry","category-sbt","tag-coreia-do-sul","tag-dorama","tag-meu-amor-das-estrelas","tag-novelas","tag-sbt","wpcat-232-id"],"aioseo_notices":[],"jetpack_featured_media_url":"https:\/\/i0.wp.com\/www.tvnovelas.com.br\/tvnews\/wp-content\/uploads\/2025\/06\/umamordasestrelas01.jpg?fit=725%2C410&ssl=1","jetpack_shortlink":"https:\/\/wp.me\/pdP2BO-k0d","jetpack_sharing_enabled":true,"_links":{"self":[{"href":"https:\/\/www.tvnovelas.com.br\/tvnews\/wp-json\/wp\/v2\/posts\/76893","targetHints":{"allow":["GET"]}}],"collection":[{"href":"https:\/\/www.tvnovelas.com.br\/tvnews\/wp-json\/wp\/v2\/posts"}],"about":[{"href":"https:\/\/www.tvnovelas.com.br\/tvnews\/wp-json\/wp\/v2\/types\/post"}],"author":[{"embeddable":true,"href":"https:\/\/www.tvnovelas.com.br\/tvnews\/wp-json\/wp\/v2\/users\/1"}],"replies":[{"embeddable":true,"href":"https:\/\/www.tvnovelas.com.br\/tvnews\/wp-json\/wp\/v2\/comments?post=76893"}],"version-history":[{"count":5,"href":"https:\/\/www.tvnovelas.com.br\/tvnews\/wp-json\/wp\/v2\/posts\/76893\/revisions"}],"predecessor-version":[{"id":76916,"href":"https:\/\/www.tvnovelas.com.br\/tvnews\/wp-json\/wp\/v2\/posts\/76893\/revisions\/76916"}],"wp:featuredmedia":[{"embeddable":true,"href":"https:\/\/www.tvnovelas.com.br\/tvnews\/wp-json\/wp\/v2\/media\/76897"}],"wp:attachment":[{"href":"https:\/\/www.tvnovelas.com.br\/tvnews\/wp-json\/wp\/v2\/media?parent=76893"}],"wp:term":[{"taxonomy":"category","embeddable":true,"href":"https:\/\/www.tvnovelas.com.br\/tvnews\/wp-json\/wp\/v2\/categories?post=76893"},{"taxonomy":"post_tag","embeddable":true,"href":"https:\/\/www.tvnovelas.com.br\/tvnews\/wp-json\/wp\/v2\/tags?post=76893"}],"curies":[{"name":"wp","href":"https:\/\/api.w.org\/{rel}","templated":true}]}}