{"id":76906,"date":"2025-06-05T18:34:23","date_gmt":"2025-06-05T21:34:23","guid":{"rendered":"https:\/\/www.tvnovelas.com.br\/tvnews\/?p=76906"},"modified":"2025-06-05T19:40:12","modified_gmt":"2025-06-05T22:40:12","slug":"mexicana-inedita-eternamente-apaixonados-estreia-no-sbt","status":"publish","type":"post","link":"https:\/\/www.tvnovelas.com.br\/tvnews\/mexicana-inedita-eternamente-apaixonados-estreia-no-sbt\/","title":{"rendered":"Mexicana in\u00e9dita &#8220;Eternamente Apaixonados&#8221; estreia no SBT"},"content":{"rendered":"<p><img data-recalc-dims=\"1\" decoding=\"async\" class=\"alignnone wp-image-76907 size-full\" title=\"Divulga\u00e7\u00e3o\/Televisa\/SBT)\" src=\"https:\/\/i0.wp.com\/www.tvnovelas.com.br\/tvnews\/wp-content\/uploads\/2025\/06\/eternamente01.jpg?resize=728%2C410&#038;ssl=1\" alt=\"Foto em Mexicana in\u00e9dita &quot;Eternamente Apaixonados&quot; estreia no SBT\" width=\"728\" height=\"410\" srcset=\"https:\/\/i0.wp.com\/www.tvnovelas.com.br\/tvnews\/wp-content\/uploads\/2025\/06\/eternamente01.jpg?w=728&amp;ssl=1 728w, https:\/\/i0.wp.com\/www.tvnovelas.com.br\/tvnews\/wp-content\/uploads\/2025\/06\/eternamente01.jpg?resize=250%2C141&amp;ssl=1 250w\" sizes=\"(max-width: 728px) 100vw, 728px\" \/><\/p>\n<p>O SBT estreia segunda-feira, dia 09, a novela in\u00e9dita mexicana \u201cEternamente Apaixonados\u201d. Produzida por Silvia Cano para a TelevisaUnivision e exibida originalmente no canal Las Estrellas, a produ\u00e7\u00e3o chega pela primeira vez ao p\u00fablico brasileiro na tela do SBT e ser\u00e1 exibida ap\u00f3s a outra estreante, o dorama coreano \u201cMeu Amor das Estrelas\u201d.<\/p>\n<p>Eternamente Apaixonados narra a hist\u00f3ria de Paula, que vive na capital. Ela estudou m\u00fasica no Conservat\u00f3rio Nacional e vive de sua carreira tocando e cantando em eventos e bares.<\/p>\n<p>Rog\u00e9rio, \u00e9 l\u00edder do grupo empresarial de transporte rodovi\u00e1rio mais poderoso da cidade. Sua sede e \u00e1rea de influ\u00eancia est\u00e3o no interior, onde tamb\u00e9m se encontra a casa de sua fam\u00edlia. Sua principal miss\u00e3o, a pedido de seu pai em seu leito de morte, \u00e9 n\u00e3o deixar sua m\u00e3e sozinha e manter a fam\u00edlia unida.<br \/>\n<img data-recalc-dims=\"1\" decoding=\"async\" class=\"alignnone wp-image-76908 size-full\" title=\"Divulga\u00e7\u00e3o\/Televisa\/SBT)\" src=\"https:\/\/i0.wp.com\/www.tvnovelas.com.br\/tvnews\/wp-content\/uploads\/2025\/06\/eternamente02.jpg?resize=727%2C410&#038;ssl=1\" alt=\"Foto em Mexicana in\u00e9dita &quot;Eternamente Apaixonados&quot; estreia no SBT\" width=\"727\" height=\"410\" srcset=\"https:\/\/i0.wp.com\/www.tvnovelas.com.br\/tvnews\/wp-content\/uploads\/2025\/06\/eternamente02.jpg?w=727&amp;ssl=1 727w, https:\/\/i0.wp.com\/www.tvnovelas.com.br\/tvnews\/wp-content\/uploads\/2025\/06\/eternamente02.jpg?resize=250%2C141&amp;ssl=1 250w\" sizes=\"(max-width: 727px) 100vw, 727px\" \/><\/p>\n<p>Quando Paula e Rog\u00e9rio se conhecem na capital, eles se apaixonam perdidamente. Vivem um romance intenso e decidem se casar no civil em uma cerim\u00f4nia simples, sem avisar a fam\u00edlia de Rog\u00e9rio. Eles n\u00e3o imaginam que sua uni\u00e3o abalar\u00e1 profundamente os alicerces da fam\u00edlia dele, ao se mudarem para a casa da fam\u00edlia.<\/p>\n<p>Martina, vi\u00fava e m\u00e3e de Rog\u00e9rio, \u00e9 uma mulher que sacrificou sua felicidade em nome das tradi\u00e7\u00f5es. Ela desaprova o filho por ter se casado sem consentimento, pois havia escolhido Ivana como nora \u2014 uma jovem que conhece desde o nascimento e cuja principal virtude \u00e9 n\u00e3o questionar as tradi\u00e7\u00f5es e costumes da fam\u00edlia e da sociedade.<\/p>\n<p>Ao se sentir deixada de lado como m\u00e3e, Martina transformar\u00e1 a vida de Paula em um verdadeiro inferno.<\/p>\n<p>No processo de adapta\u00e7\u00e3o \u00e0 sua nova vida no interior, Paula se fortalecer\u00e1, motivada pelo grande amor que sente por Rog\u00e9rio.<\/p>\n<p>Ela enfrentar\u00e1 muitas batalhas pessoais, como a de continuar seguindo sua paix\u00e3o profissional nesta cidade, abrindo uma escola de m\u00fasica para crian\u00e7as carentes.<\/p>\n<p>Paula suportar\u00e1 os ataques e armadilhas de sua cunhada Ivana, que \u00e9 apaixonada por Rog\u00e9rio e se casou por conveni\u00eancia com seu irm\u00e3o Fernando.<\/p>\n<p>Mas o mais dif\u00edcil para Paula ser\u00e1 enfrentar o retorno de \u00c9rika, um amor do passado de Rog\u00e9rio.<\/p>\n<h2>Principais Personagens:<\/h2>\n<p><strong>Paula Bernal (Alejandra Robles Gil)<\/strong><br \/>\nModerna, independente, din\u00e2mica, trabalhadora, incans\u00e1vel e sempre cheia de energia. A m\u00fasica \u00e9 sua paix\u00e3o e seu ref\u00fagio. Quando toca viol\u00e3o, qualquer tempestade se acalma. Profundamente maternal e bondosa, ela n\u00e3o suporta injusti\u00e7as e vive sonhando em ter a fam\u00edlia que perdeu quando seus pais morreram. Paula casa-se com Rog\u00e9rio e revoluciona a fam\u00edlia Iturbide.<\/p>\n<p><strong>Rog\u00e9rio Iturbide (Marcus Ornellas)<\/strong><br \/>\n\u00c9 um l\u00edder nato, um homem forte e decidido, desde a morte de seu pai, vive para comandar as empresas da fam\u00edlia junto com Martina, sua m\u00e3e. Focado em objetivos claros, Rog\u00e9rio \u00e9 um homem rom\u00e2ntico, atencioso e est\u00e1 sempre pensando em como surpreender as pessoas que ama. Casa-se com Paula Bernal.<\/p>\n<p><strong>Martina Rangel (Diana Bracho)<\/strong><br \/>\nVi\u00fava de Iturbide, autoridade moral da fam\u00edlia. Obstinada em manter a uni\u00e3o e o equil\u00edbrio entre todas as pessoas que vivem na mans\u00e3o. Controla a vida de todos que permitem, e se n\u00e3o permitem, ela os afasta de seu conv\u00edvio. \u00c9 capaz de escolher as mulheres com quem seus filhos ir\u00e3o se casar, e os defende com a ferocidade de uma leoa. \u00c9 m\u00e3e de Rog\u00e9rio, Fernando, Luis e Marco.<\/p>\n<p><strong>Fernando Iturbide (Francisco Piza\u00f1a)<\/strong><br \/>\n\u00c9 o segundo filho de Martina. Um homem ambicioso que vive em constante luta para obter o reconhecimento da m\u00e3e. Tem ci\u00fames de Rog\u00e9rio pelo lugar que ocupa na fam\u00edlia e na empresa. Busca a todo custo assumir a dire\u00e7\u00e3o do grupo empresarial, sendo capaz at\u00e9 de se envolver em neg\u00f3cios obscuros, sem se importar com as consequ\u00eancias. De personalidade fraca, obedece a Martina, embora manifeste seus desacordos. \u00c9 apaixonado por Ivana, com quem acaba se casando.<\/p>\n<p><strong>Ivana Campos Ruvalcaba (Gema Garoa)<\/strong><br \/>\nIvana tem uma disciplina exagerada. \u00c9 invejosa e ambiciosa, mas educada e de boa fam\u00edlia, respeitosa com os pais e com os mais velhos. Valoriza a ordem e a hierarquia. Ivana gosta de limpeza e organiza\u00e7\u00e3o. \u00c9 bonita e cuida muito de seu f\u00edsico e da imagem pessoal. Gosta de luxos. Desde muito jovem, decidiu que seria a esposa de Rog\u00e9rio, apesar dos avisos e da resist\u00eancia de Beatriz, sua m\u00e3e. Ivana tem objetivos bem definidos, e, ao n\u00e3o conseguir se casar com Rog\u00e9rio, aceita se casar com Fernando como estrat\u00e9gia para afastar Paula da vila e da vida dos Iturbe.<\/p>\n<p><strong>Marco Iturbide (David Caro Levy)<\/strong><br \/>\nMarco \u00e9 o ca\u00e7ula dos irm\u00e3os. Muito carinhoso, espont\u00e2neo e livre. Sua prioridade \u00e9 se sentir bem e viver com o m\u00ednimo de press\u00e3o e drama poss\u00edvel. Quando h\u00e1 uma discuss\u00e3o familiar, ele sempre d\u00e1 um jeito de escapar. Seu sonho \u00e9 ser engenheiro mec\u00e2nico automotivo. \u00c9 inovador e completamente alinhado com as novas filosofias de vida. Para ele, sucesso n\u00e3o tem nada a ver com dinheiro, e sim com viver a vida de forma natural. Martina n\u00e3o aceita nem sua filosofia de vida nem seu jeito desleixado, mas ele \u00e9 muito esperto e sempre encontra uma forma de contornar a situa\u00e7\u00e3o.<\/p>\n<p><strong>Branca Ortiz (Valentina Buzzurro)<\/strong><br \/>\n\u00c9 afilhada de Micaela e trabalha com limpeza dentro da casa. Tem o desejo de ser algo mais do que uma empregada dom\u00e9stica. Estuda design de interiores em um curso online e gosta de aprender diferentes of\u00edcios. Defende que as mulheres devem ser capazes de resolver assuntos que normalmente s\u00e3o atribu\u00eddos aos homens. Apaixona-se por Marco.<\/p>\n<p><strong>Luis Iturbide (Patricio J\u00f3se)<\/strong><br \/>\n\u00c9 o terceiro filho de Martina, o mais equilibrado entre os irm\u00e3os \u2014 est\u00e1vel e coerente. Para ele, a vida deve ser mais simples. Sabe muito bem qual \u00e9 o seu lugar na fam\u00edlia e n\u00e3o luta por reconhecimento. Valoriza seu espa\u00e7o e sua privacidade, por isso prefere manter um perfil discreto diante de Martina e dos irm\u00e3os. \u00c9 obediente e procura ser objetivo. Sofre de asma. \u00c9 f\u00e3 de cinema de arte e tamb\u00e9m de desenho. Estudou filosofia e letras, quer ser escritor e gosta de estabelecer metas alcan\u00e7\u00e1veis e realistas \u2014 mas seu mundo desmorona quando se apaixona por um amor imposs\u00edvel.<\/p>\n<p><strong>Eva G\u00f3mez (Dalilah Polanco)<\/strong><br \/>\nEva \u00e9 tia de Paula. Assumiu a responsabilidade de cuidar dela ap\u00f3s a morte de sua irm\u00e3 e do cunhado, algo que nunca conseguiu superar, pois se sente culpada e se pune por isso. Vive em um profundo estado de depress\u00e3o e acredita que a felicidade n\u00e3o \u00e9 algo que merece. Sofre por nunca ter conseguido se casar e ser m\u00e3e. O que a mant\u00e9m viva \u00e9 saber que \u00e9 a \u00fanica fam\u00edlia de Paula. Em um lugar muito profundo dentro de si, existe uma mulher espont\u00e2nea, falante, amorosa e uma amiga maravilhosa.<\/p>\n<p><strong>Cecilia Escutia (Arantza Ru\u00edz)<\/strong><br \/>\nCecilia \u00e9 a melhor amiga de Paula. \u00c9 uma mulher feminista, de convic\u00e7\u00f5es firmes e muito sens\u00edvel. \u00c9 musicista, com um dom especial: al\u00e9m de cantar muito bem, tem a capacidade de tocar v\u00e1rios instrumentos e os aprende de forma autodidata. Compartilha com Paula o sonho de abrir uma escola. A justi\u00e7a social \u00e9 muito importante para ela. Tem dificuldade em se mudar para Morelia, mas Paula a convence de que l\u00e1 ter\u00e1 a chance de ter uma melhor qualidade de vida e que ser\u00e1 muito mais f\u00e1cil realizar o sonho que compartilham.<\/p>\n<p><strong>\ud835\udc12\ud835\udc01\ud835\udc13 \ud835\udc1e\ud835\udc2c\ud835\udc2d\ud835\udc2b\ud835\udc1e\ud835\udc22\ud835\udc1a \ud835\udc1d\ud835\udc28\ud835\udc2b\ud835\udc1a\ud835\udc26\ud835\udc1a &#8220;\ud835\udc0c\ud835\udc1e\ud835\udc2e \ud835\udc00\ud835\udc26\ud835\udc28\ud835\udc2b \ud835\udc1d\ud835\udc1a\ud835\udc2c \ud835\udc04\ud835\udc2c\ud835\udc2d\ud835\udc2b\ud835\udc1e\ud835\udc25\ud835\udc1a\ud835\udc2c&#8221;<\/strong><br \/>\nO SBT d\u00e1 in\u00edcio \u00e0 segunda fase de sua nova programa\u00e7\u00e3o e promete tardes repletas de emo\u00e7\u00e3o a partir de segunda-feira, 9 de junho. \u00c0s 16h45, estreia a Sess\u00e3o Dorama, com a exibi\u00e7\u00e3o de \u201cMeu Amor das Estrelas\u201d&#8230; <a href=\"https:\/\/wp.me\/pdP2BO-k0d\" rel=\"noopener\" target=\"_blank\"><strong>Leia mais<\/strong><\/a><\/p>\n<div class=\"fb-comments\" data-width=\"100%\" data-order-by=\"reverse_time\" data-numposts=\"5\"><\/div>\n<p><strong style=\"font-size: 120%;\">\u00daltimas not\u00edcias deste canal:<\/strong>\r\n<div class=\"pt-cv-wrapper\"><div class=\"pt-cv-view pt-cv-grid pt-cv-colsys\" id=\"pt-cv-view-90991035b3\"><div data-id=\"pt-cv-page-1\" class=\"pt-cv-page\" data-cvc=\"1\"><div class=\"col-md-12 col-sm-12 col-xs-12 pt-cv-content-item pt-cv-1-col\" ><div class='pt-cv-ifield'><h4 class=\"pt-cv-title\"><a href=\"https:\/\/www.tvnovelas.com.br\/tvnews\/coracao-de-mae-irmak-inicia-jogo-arriscado-contra-adnan\/\" class=\"_self\" target=\"_self\" >Cora\u00e7\u00e3o de M\u00e3e: Irmak inicia jogo arriscado contra Adnan<\/a><\/h4><\/div><\/div>\n<div class=\"col-md-12 col-sm-12 col-xs-12 pt-cv-content-item pt-cv-1-col\" ><div class='pt-cv-ifield'><h4 class=\"pt-cv-title\"><a href=\"https:\/\/www.tvnovelas.com.br\/tvnews\/guerra-das-rosas-omer-chama-gulru-vestida-de-noiva-para-fugir\/\" class=\"_self\" target=\"_self\" >Guerra das Rosas: Omer chama Gulru vestida de noiva para fugir<\/a><\/h4><\/div><\/div>\n<div class=\"col-md-12 col-sm-12 col-xs-12 pt-cv-content-item pt-cv-1-col\" ><div class='pt-cv-ifield'><h4 class=\"pt-cv-title\"><a href=\"https:\/\/www.tvnovelas.com.br\/tvnews\/coracao-de-mae-reha-sai-para-jantar-com-selvi\/\" class=\"_self\" target=\"_self\" >Cora\u00e7\u00e3o de M\u00e3e: Reha sai para jantar com Selvi<\/a><\/h4><\/div><\/div>\n<div class=\"col-md-12 col-sm-12 col-xs-12 pt-cv-content-item pt-cv-1-col\" ><div class='pt-cv-ifield'><h4 class=\"pt-cv-title\"><a href=\"https:\/\/www.tvnovelas.com.br\/tvnews\/coracao-acelerado-zila-se-preocupa-com-sua-situacao-apos-separacao\/\" class=\"_self\" target=\"_self\" >Cora\u00e7\u00e3o Acelerado: Zil\u00e1 se preocupa com sua situa\u00e7\u00e3o ap\u00f3s separa\u00e7\u00e3o<\/a><\/h4><\/div><\/div>\n<div class=\"col-md-12 col-sm-12 col-xs-12 pt-cv-content-item pt-cv-1-col\" ><div class='pt-cv-ifield'><h4 class=\"pt-cv-title\"><a href=\"https:\/\/www.tvnovelas.com.br\/tvnews\/a-nobreza-do-amor-tonho-nao-se-curva-diante-de-mirinho\/\" class=\"_self\" target=\"_self\" >A Nobreza do Amor: Tonho n\u00e3o se curva diante de Mirinho<\/a><\/h4><\/div><\/div>\n<div class=\"col-md-12 col-sm-12 col-xs-12 pt-cv-content-item pt-cv-1-col\" ><div class='pt-cv-ifield'><h4 class=\"pt-cv-title\"><a href=\"https:\/\/www.tvnovelas.com.br\/tvnews\/tres-gracas-arminda-surta-ao-confirmar-que-ferette-e-pai-de-raul\/\" class=\"_self\" target=\"_self\" >Tr\u00eas Gra\u00e7as:  Arminda surta ao confirmar que Ferette \u00e9 pai de Raul<\/a><\/h4><\/div><\/div>\n<div class=\"col-md-12 col-sm-12 col-xs-12 pt-cv-content-item pt-cv-1-col\" ><div class='pt-cv-ifield'><h4 class=\"pt-cv-title\"><a href=\"https:\/\/www.tvnovelas.com.br\/tvnews\/coracao-de-mae-atilla-confronta-hasan-e-exige-o-divorcio-de-lale\/\" class=\"_self\" target=\"_self\" >Cora\u00e7\u00e3o de M\u00e3e: Atilla confronta Hasan e exige o div\u00f3rcio de Lale<\/a><\/h4><\/div><\/div>\n<div class=\"col-md-12 col-sm-12 col-xs-12 pt-cv-content-item pt-cv-1-col\" ><div class='pt-cv-ifield'><h4 class=\"pt-cv-title\"><a href=\"https:\/\/www.tvnovelas.com.br\/tvnews\/guerra-das-rosas-gulfem-coloca-gulru-contra-a-parede\/\" class=\"_self\" target=\"_self\" >Guerra das Rosas: Gulfem coloca Gulru contra a parede<\/a><\/h4><\/div><\/div>\n<div class=\"col-md-12 col-sm-12 col-xs-12 pt-cv-content-item pt-cv-1-col\" ><div class='pt-cv-ifield'><h4 class=\"pt-cv-title\"><a href=\"https:\/\/www.tvnovelas.com.br\/tvnews\/coracao-de-mae-atilla-diz-a-lale-que-quer-o-divorcio\/\" class=\"_self\" target=\"_self\" >Cora\u00e7\u00e3o de M\u00e3e: Atilla diz a Lale que quer o div\u00f3rcio<\/a><\/h4><\/div><\/div>\n<div class=\"col-md-12 col-sm-12 col-xs-12 pt-cv-content-item pt-cv-1-col\" ><div class='pt-cv-ifield'><h4 class=\"pt-cv-title\"><a href=\"https:\/\/www.tvnovelas.com.br\/tvnews\/a-nobreza-do-amor-mirinho-garante-noivado-com-virginia-para-atrair-sogro-a-negocio\/\" class=\"_self\" target=\"_self\" >A Nobreza do Amor: Mirinho garante noivado com Virg\u00ednia para atrair sogro a neg\u00f3cio<\/a><\/h4><\/div><\/div><\/div><\/div><\/div>\r\n<a href=\"https:\/\/www.tvnovelas.com.br\/novelas\/\"><strong>Confira os resumos da semana de todas novelas<\/strong><\/a><\/br>\r\n<h3>Confira tamb\u00e9m<\/h3>\r\n<a href=\"https:\/\/www.tvnovelas.com.br\/filmes\/\" target=\"_blank\" rel=\"noopener noreferrer\"><strong>Programa\u00e7\u00e3o de filmes na TV aberta<\/strong><\/a><\/br>\r\n<a href=\"https:\/\/caetenews.com.br\/semana\/filmes-da-globo-na-sessao-da-tarde-desta-semana\/\" target=\"_blank\" rel=\"noopener\"><strong>Confira os filmes da semana na Sess\u00e3o da Tarde<\/strong><\/a><\/br>\r\n<a href=\"https:\/\/www.tvnovelas.com.br\/novelas\/\" target=\"_blank\" rel=\"noopener noreferrer\"><strong>Resumos de novelas<\/strong><\/a><\/br>\r\n<a href=\"https:\/\/tvnovelas.com.br\/news\/mundo\/\" rel=\"noopener\" target=\"_blank\"><strong>News: Turismo, Cultura, Lazer e Entretenimento<\/strong><\/a><br \/>\n<a href=\"https:\/\/www.facebook.com\/tevenovelas\/\">\u00daltimas not\u00edcias do TV Novelas no Facebook<\/a><br \/>\n<a href=\"https:\/\/www.tvnovelas.com.br\/tvnews\/\" target=\"_blank\" rel=\"noopener\">As \u00faltimas not\u00edcias das novelas<\/a><\/p>\n","protected":false},"excerpt":{"rendered":"<p>Mexicana in\u00e9dita &#8220;Eternamente Apaixonados&#8221; estreia no SBT&#8230; O SBT estreia segunda-feira, dia 09, a novela in\u00e9dita mexicana \u201cEternamente Apaixonados\u201d&#8230;<\/p>\n","protected":false},"author":1,"featured_media":76907,"comment_status":"closed","ping_status":"closed","sticky":false,"template":"","format":"standard","meta":{"_uf_show_specific_survey":0,"_uf_disable_surveys":false,"_jetpack_memberships_contains_paid_content":false,"footnotes":"","_wp_rev_ctl_limit":""},"categories":[232],"tags":[896,897,64,13],"class_list":["post-76906","post","type-post","status-publish","format-standard","has-post-thumbnail","hentry","category-sbt","tag-mexicana-inedita-eternamente-apaixonados","tag-novela-mexicana","tag-novelas","tag-sbt","wpcat-232-id"],"aioseo_notices":[],"jetpack_featured_media_url":"https:\/\/i0.wp.com\/www.tvnovelas.com.br\/tvnews\/wp-content\/uploads\/2025\/06\/eternamente01.jpg?fit=728%2C410&ssl=1","jetpack_shortlink":"https:\/\/wp.me\/pdP2BO-k0q","jetpack_sharing_enabled":true,"_links":{"self":[{"href":"https:\/\/www.tvnovelas.com.br\/tvnews\/wp-json\/wp\/v2\/posts\/76906","targetHints":{"allow":["GET"]}}],"collection":[{"href":"https:\/\/www.tvnovelas.com.br\/tvnews\/wp-json\/wp\/v2\/posts"}],"about":[{"href":"https:\/\/www.tvnovelas.com.br\/tvnews\/wp-json\/wp\/v2\/types\/post"}],"author":[{"embeddable":true,"href":"https:\/\/www.tvnovelas.com.br\/tvnews\/wp-json\/wp\/v2\/users\/1"}],"replies":[{"embeddable":true,"href":"https:\/\/www.tvnovelas.com.br\/tvnews\/wp-json\/wp\/v2\/comments?post=76906"}],"version-history":[{"count":5,"href":"https:\/\/www.tvnovelas.com.br\/tvnews\/wp-json\/wp\/v2\/posts\/76906\/revisions"}],"predecessor-version":[{"id":76917,"href":"https:\/\/www.tvnovelas.com.br\/tvnews\/wp-json\/wp\/v2\/posts\/76906\/revisions\/76917"}],"wp:featuredmedia":[{"embeddable":true,"href":"https:\/\/www.tvnovelas.com.br\/tvnews\/wp-json\/wp\/v2\/media\/76907"}],"wp:attachment":[{"href":"https:\/\/www.tvnovelas.com.br\/tvnews\/wp-json\/wp\/v2\/media?parent=76906"}],"wp:term":[{"taxonomy":"category","embeddable":true,"href":"https:\/\/www.tvnovelas.com.br\/tvnews\/wp-json\/wp\/v2\/categories?post=76906"},{"taxonomy":"post_tag","embeddable":true,"href":"https:\/\/www.tvnovelas.com.br\/tvnews\/wp-json\/wp\/v2\/tags?post=76906"}],"curies":[{"name":"wp","href":"https:\/\/api.w.org\/{rel}","templated":true}]}}