{"id":76933,"date":"2025-06-06T11:25:13","date_gmt":"2025-06-06T14:25:13","guid":{"rendered":"https:\/\/www.tvnovelas.com.br\/tvnews\/?p=76933"},"modified":"2025-06-06T11:25:13","modified_gmt":"2025-06-06T14:25:13","slug":"forca-de-mulher-sirin-revela-que-bahar-e-ceyda-venderam-a-joia-de-fazilet","status":"publish","type":"post","link":"https:\/\/www.tvnovelas.com.br\/tvnews\/forca-de-mulher-sirin-revela-que-bahar-e-ceyda-venderam-a-joia-de-fazilet\/","title":{"rendered":"For\u00e7a de Mulher: Sirin  revela que Bahar e Ceyda venderam a joia de Fazilet"},"content":{"rendered":"<figure id=\"attachment_76934\" aria-describedby=\"caption-attachment-76934\" style=\"width: 728px\" class=\"wp-caption alignnone\"><img data-recalc-dims=\"1\" decoding=\"async\" class=\"wp-image-76934 size-full\" title=\"(Foto: Record TV\/For\u00e7a de Mulher)\" src=\"https:\/\/i0.wp.com\/www.tvnovelas.com.br\/tvnews\/wp-content\/uploads\/2025\/06\/11250.jpg?resize=728%2C410&#038;ssl=1\" alt=\"Foto em For\u00e7a de Mulher: Sirin conta que Bahar e Ceyda venderam a joia de Fazilet\" width=\"728\" height=\"410\" srcset=\"https:\/\/i0.wp.com\/www.tvnovelas.com.br\/tvnews\/wp-content\/uploads\/2025\/06\/11250.jpg?w=728&amp;ssl=1 728w, https:\/\/i0.wp.com\/www.tvnovelas.com.br\/tvnews\/wp-content\/uploads\/2025\/06\/11250.jpg?resize=250%2C141&amp;ssl=1 250w\" sizes=\"(max-width: 728px) 100vw, 728px\" \/><figcaption id=\"caption-attachment-76934\" class=\"wp-caption-text\">For\u00e7a de Mulher: Sirin revela que Bahar e Ceyda venderam a joia de Fazilet<\/figcaption><\/figure>\n<p>No cap\u00edtulo de For\u00e7a de Mulher, nesta sexta, dia 06, Durante um jantar, Sirin conta para Enver e Arif que Bahar e Ceyda venderam a joia de Fazilet&#8230; Confira o resumo completo do cap\u00edtulo de hoje:<\/p>\n<h2 style=\"color: #52357b;\">Resumo de sexta-feira, 06 de junho<\/h2>\n<p>Bahar v\u00ea Emre e Ceyda discutindo e acaba se comprometendo a cuidar de Saltimis para eles trabalharem. Arda fica inseguro com a presen\u00e7a de Saltimis e Ceyda n\u00e3o sabe como lidar com o pequeno. Voltando para casa, Kesmet \u00e9 perseguida por Cem. Ele a aborda e sugere que ir\u00e1 colocar Bahar em mais uma miss\u00e3o criminosa. A advogada fica furiosa com a ideia e exige que ele fique longe de Bahar e dos filhos dela. Ceyda fica feliz ao ver, pela primeira vez, seus dois filhos dormindo juntos. Bahar coloca Nisan e Doruk para dormir e na sequ\u00eancia, recebe uma liga\u00e7\u00e3o de Cem. A vi\u00fava, mesmo com medo, decide ignorar a chamada. Raif n\u00e3o se conforma com o fato de Ceyda n\u00e3o estar mais trabalhando para ele. Fazilet coloca os brincos que recuperou no porta-joias e o filho acaba percebendo. Eles discutem, e a escritora afirma que &#8220;nunca vai perdoar&#8221; Ceyda por ela ter usado o filho para conseguir as pe\u00e7as. Bahar tenta acolher Ceyda, que chora muito e diz que est\u00e1 com medo de que Arda se sinta rejeitado e infeliz com a nova vida ao lado do irm\u00e3o. Durante as brincadeiras, Saltimis e Doruk destroem o brinquedo de Nisan. A menina se irrita, come\u00e7a a gritar e Arif chega para acalm\u00e1-la. Durante um jantar, Sirin conta para Enver e Arif que Bahar e Ceyda venderam a joia de Fazilet. O pai biol\u00f3gico de Arda chega de surpresa para tentar levar o menino. O momento fica tenso e Enver pega uma arma e, descontrolado, come\u00e7a a amea\u00e7ar todos.<br \/>\n<!--FIM DO POST--><\/p>\n<div class=\"fb-comments\" data-width=\"100%\" data-order-by=\"reverse_time\" data-numposts=\"5\"><\/div>\n<h2>Saiba mais:<\/h2>\n<p><a href=\"https:\/\/tvnovelas.com.br\/novelas\/resumos-de-forca-de-mulher\/\" target=\"_blank\" rel=\"noopener\">Resumos da semana de For\u00e7a de Mulher<\/a><br \/>\n<a href=\"https:\/\/tvnovelas.com.br\/page2\/arquivo\/forca-de-mulher-as-lutas-de-bahar\/\" target=\"_blank\" rel=\"noopener\">For\u00e7a de Mulher: As lutas de Bahar (Sinopse)<\/a><br \/>\n<a href=\"https:\/\/pt.wikipedia.org\/wiki\/Kad%C4%B1n\" target=\"_blank\" rel=\"noopener\">Sobre For\u00e7a de Mulher na Wikipedia<\/a><br \/>\n<a href=\"https:\/\/www.facebook.com\/tevenovelas\/\">\u00daltimas not\u00edcias do TV Novelas no Facebook<\/a><br \/>\n<a href=\"https:\/\/tvnovelas.com.br\/novelas\/\">Resumos de todas as novelas<\/a><\/p>\n<h2>\u00daltimas not\u00edcias das novelas<\/h2>\n<p>[wp-rss-aggregator feeds=&#8221;todas&#8221;]<\/p>\n","protected":false},"excerpt":{"rendered":"<p>For\u00e7a de Mulher: Sirin  revela que Bahar e Ceyda&#8230;  No cap\u00edtulo de For\u00e7a de Mulher, nesta sexta, dia 06, Durante um jantar, Sirin conta para Enver e Arif que Bahar e Ceyda&#8230;<\/p>\n","protected":false},"author":1,"featured_media":76934,"comment_status":"closed","ping_status":"closed","sticky":false,"template":"","format":"standard","meta":{"_uf_show_specific_survey":0,"_uf_disable_surveys":false,"_jetpack_memberships_contains_paid_content":false,"footnotes":"","_wp_rev_ctl_limit":""},"categories":[803],"tags":[805,64,14],"class_list":["post-76933","post","type-post","status-publish","format-standard","has-post-thumbnail","hentry","category-forca-de-mulher","tag-forca-de-mulher","tag-novelas","tag-record","wpcat-803-id"],"aioseo_notices":[],"jetpack_featured_media_url":"https:\/\/i0.wp.com\/www.tvnovelas.com.br\/tvnews\/wp-content\/uploads\/2025\/06\/11250.jpg?fit=728%2C410&ssl=1","jetpack_shortlink":"https:\/\/wp.me\/pdP2BO-k0R","jetpack_sharing_enabled":true,"_links":{"self":[{"href":"https:\/\/www.tvnovelas.com.br\/tvnews\/wp-json\/wp\/v2\/posts\/76933","targetHints":{"allow":["GET"]}}],"collection":[{"href":"https:\/\/www.tvnovelas.com.br\/tvnews\/wp-json\/wp\/v2\/posts"}],"about":[{"href":"https:\/\/www.tvnovelas.com.br\/tvnews\/wp-json\/wp\/v2\/types\/post"}],"author":[{"embeddable":true,"href":"https:\/\/www.tvnovelas.com.br\/tvnews\/wp-json\/wp\/v2\/users\/1"}],"replies":[{"embeddable":true,"href":"https:\/\/www.tvnovelas.com.br\/tvnews\/wp-json\/wp\/v2\/comments?post=76933"}],"version-history":[{"count":1,"href":"https:\/\/www.tvnovelas.com.br\/tvnews\/wp-json\/wp\/v2\/posts\/76933\/revisions"}],"predecessor-version":[{"id":76938,"href":"https:\/\/www.tvnovelas.com.br\/tvnews\/wp-json\/wp\/v2\/posts\/76933\/revisions\/76938"}],"wp:featuredmedia":[{"embeddable":true,"href":"https:\/\/www.tvnovelas.com.br\/tvnews\/wp-json\/wp\/v2\/media\/76934"}],"wp:attachment":[{"href":"https:\/\/www.tvnovelas.com.br\/tvnews\/wp-json\/wp\/v2\/media?parent=76933"}],"wp:term":[{"taxonomy":"category","embeddable":true,"href":"https:\/\/www.tvnovelas.com.br\/tvnews\/wp-json\/wp\/v2\/categories?post=76933"},{"taxonomy":"post_tag","embeddable":true,"href":"https:\/\/www.tvnovelas.com.br\/tvnews\/wp-json\/wp\/v2\/tags?post=76933"}],"curies":[{"name":"wp","href":"https:\/\/api.w.org\/{rel}","templated":true}]}}